{"id":30090,"date":"2022-01-07T18:03:47","date_gmt":"2022-01-07T17:03:47","guid":{"rendered":"http:\/\/centralmedia.rs\/?p=30090"},"modified":"2022-01-14T15:26:47","modified_gmt":"2022-01-14T14:26:47","slug":"pretukao-poznanika-na-bozic","status":"publish","type":"post","link":"https:\/\/centralmedia.rs\/index.php\/2022\/01\/07\/pretukao-poznanika-na-bozic\/","title":{"rendered":"PRETUKAO POZNANIKA NA BO\u017dI\u0106"},"content":{"rendered":"<p>JAGODINA-Pripadnici Ministarstva unutra\u0161njih poslova u Jagodini podne\u0107e krivi\u010dnu prijavu protiv tridesetpetogodi\u0161njeg mu\u0161karca iz ovog grada zbog postojanja osnova sumnje da je izvr\u0161io krivi\u010dno delo te\u0161ka telesna povreda, saop\u0161teno je iz policije.<\/p>\n<p>Kako se sumnja, on je, no\u0107as oko 02.00 sata, pretukao tridesetpetogodi\u0161njeg poznanika, kod kojeg je prethodno bio u poseti, nanev\u0161i mu te\u0161ke telesne povrede.<\/p>\n<p>Prilikom intervencije policije, osumnji\u010deni je vre\u0111ao policijske slu\u017ebenike, pa \u0107e protiv njega biti podneta i prekr\u0161ajna prijava zbog vre\u0111anja slu\u017ebenog lica u vr\u0161enju slu\u017ebene du\u017enosti.<\/p>\n<p>Povre\u0111eni mu\u0161karac je zbrinut u Op\u0161toj bolnici u \u0106upiji, dok je osumnji\u010deni zadr\u017ean u slu\u017ebenim prostorijama policije.<\/p>\n","protected":false},"excerpt":{"rendered":"<p>JAGODINA-Pripadnici Ministarstva unutra\u0161njih poslova u Jagodini podne\u0107e krivi\u010dnu prijavu protiv tridesetpetogodi\u0161njeg mu\u0161karca iz ovog grada zbog postojanja osnova sumnje da je izvr\u0161io krivi\u010dno delo te\u0161ka &hellip; <\/p>\n","protected":false},"author":2,"featured_media":13881,"comment_status":"open","ping_status":"open","sticky":false,"template":"","format":"standard","meta":{"footnotes":""},"categories":[1524,20,2,1514,12],"tags":[58,1081],"_links":{"self":[{"href":"https:\/\/centralmedia.rs\/index.php\/wp-json\/wp\/v2\/posts\/30090"}],"collection":[{"href":"https:\/\/centralmedia.rs\/index.php\/wp-json\/wp\/v2\/posts"}],"about":[{"href":"https:\/\/centralmedia.rs\/index.php\/wp-json\/wp\/v2\/types\/post"}],"author":[{"embeddable":true,"href":"https:\/\/centralmedia.rs\/index.php\/wp-json\/wp\/v2\/users\/2"}],"replies":[{"embeddable":true,"href":"https:\/\/centralmedia.rs\/index.php\/wp-json\/wp\/v2\/comments?post=30090"}],"version-history":[{"count":1,"href":"https:\/\/centralmedia.rs\/index.php\/wp-json\/wp\/v2\/posts\/30090\/revisions"}],"predecessor-version":[{"id":30091,"href":"https:\/\/centralmedia.rs\/index.php\/wp-json\/wp\/v2\/posts\/30090\/revisions\/30091"}],"wp:featuredmedia":[{"embeddable":true,"href":"https:\/\/centralmedia.rs\/index.php\/wp-json\/wp\/v2\/media\/13881"}],"wp:attachment":[{"href":"https:\/\/centralmedia.rs\/index.php\/wp-json\/wp\/v2\/media?parent=30090"}],"wp:term":[{"taxonomy":"category","embeddable":true,"href":"https:\/\/centralmedia.rs\/index.php\/wp-json\/wp\/v2\/categories?post=30090"},{"taxonomy":"post_tag","embeddable":true,"href":"https:\/\/centralmedia.rs\/index.php\/wp-json\/wp\/v2\/tags?post=30090"}],"curies":[{"name":"wp","href":"https:\/\/api.w.org\/{rel}","templated":true}]}}