{"id":30103,"date":"2022-01-11T17:08:58","date_gmt":"2022-01-11T16:08:58","guid":{"rendered":"http:\/\/centralmedia.rs\/?p=30103"},"modified":"2022-01-17T15:45:27","modified_gmt":"2022-01-17T14:45:27","slug":"palma-izadite-na-referendum-i-zaokruzite-da-za-nezavisno-sudstvo","status":"publish","type":"post","link":"https:\/\/centralmedia.rs\/index.php\/2022\/01\/11\/palma-izadite-na-referendum-i-zaokruzite-da-za-nezavisno-sudstvo\/","title":{"rendered":"PALMA : IZA\u0110ITE NA REFERENDUM I ZAOKRU\u017dITE DA \u2013 ZA NEZAVISNO SUDSTVO"},"content":{"rendered":"<p>Predsednik Jedinstvene Srbije, narodni poslanik i predsednik Skup\u0161tine grada Jagodine Dragan Markovi\u0107 Palma uputio je poziv gra\u0111anima Srbije da iza\u0111u na predstoje\u0107i referendum koji \u0107e se odr\u017eati u nedelju 16. januara i da na referendumskom listi\u0107u zaokru\u017ee DA :<\/p>\n<p>Po\u0161tovani gra\u0111ani,<\/p>\n<p>Ustav je najvi\u0161i pravni akt svake dr\u017eave. Predlo\u017eene promene Ustava pokazuju da ova vlast i politi\u010dari ne \u017eele da postoji bilo kakva sumnja da \u0107e imati uticaj na imenovanje sudija. Jasno je da je i u pravosu\u0111u, kao i u drugim oblastima \u017eivota, uvek neko nezadovoljan. To je kao u fudbalu, onaj ko izgubi, kriv mu je sudija. Tako i u sudskom procesu neko mora da izgubi. Da ne bi vi\u0161e bili krivi ova vlast i politi\u010dari, iako se ni do sada nisu me\u0161ali, doneta je odluka da krenemo u promenu Ustava u delu koji se ti\u010de pravosu\u0111a. Sudije vi\u0161e ne\u0107e morati da strahuju da li \u0107e, nakon probnog perioda od 3 godine, biti reizabrani, jer se probni period ukida. Ni Skup\u0161tina, ni izvr\u0161na vlast vi\u0161e ne\u0107e uticati na izbor sudija i tu\u017eioca, ve\u0107 \u0107e biti birani od strane struke. Promena Ustava isklju\u010divo se ti\u010de pravosu\u0111a i Ustav u drugim oblastima ostaje nepromenjen. Referendum u nedelju u Srbiji ima veliku va\u017enost, uspostavljanje nezavisnosti sudstva i tu\u017eila\u0161tva, \u0161to je potvrdila i Venecijanska komisija daju\u0107i pozitivno mi\u0161ljenje na predlo\u017eene ustavne promene. Zato vas pozivam da u nedelju 16. januara iza\u0111ete na referendum i i zaokru\u017eite DA , jer na taj na\u010din obezbe\u0111ujemo nezavisnost i pove\u0107avamo efikasnost pravosu\u0111a.<\/p>\n<p>Predsednik Jedinstvene Srbije<\/p>\n<p>Dragan Markovi\u0107 Palma<\/p>\n","protected":false},"excerpt":{"rendered":"<p>Predsednik Jedinstvene Srbije, narodni poslanik i predsednik Skup\u0161tine grada Jagodine Dragan Markovi\u0107 Palma uputio je poziv gra\u0111anima Srbije da iza\u0111u na predstoje\u0107i referendum koji \u0107e &hellip; <\/p>\n","protected":false},"author":2,"featured_media":30104,"comment_status":"open","ping_status":"open","sticky":false,"template":"","format":"standard","meta":{"footnotes":""},"categories":[1524,2,1514,13,12],"tags":[5658,120,5560,1112,5657],"_links":{"self":[{"href":"https:\/\/centralmedia.rs\/index.php\/wp-json\/wp\/v2\/posts\/30103"}],"collection":[{"href":"https:\/\/centralmedia.rs\/index.php\/wp-json\/wp\/v2\/posts"}],"about":[{"href":"https:\/\/centralmedia.rs\/index.php\/wp-json\/wp\/v2\/types\/post"}],"author":[{"embeddable":true,"href":"https:\/\/centralmedia.rs\/index.php\/wp-json\/wp\/v2\/users\/2"}],"replies":[{"embeddable":true,"href":"https:\/\/centralmedia.rs\/index.php\/wp-json\/wp\/v2\/comments?post=30103"}],"version-history":[{"count":1,"href":"https:\/\/centralmedia.rs\/index.php\/wp-json\/wp\/v2\/posts\/30103\/revisions"}],"predecessor-version":[{"id":30105,"href":"https:\/\/centralmedia.rs\/index.php\/wp-json\/wp\/v2\/posts\/30103\/revisions\/30105"}],"wp:featuredmedia":[{"embeddable":true,"href":"https:\/\/centralmedia.rs\/index.php\/wp-json\/wp\/v2\/media\/30104"}],"wp:attachment":[{"href":"https:\/\/centralmedia.rs\/index.php\/wp-json\/wp\/v2\/media?parent=30103"}],"wp:term":[{"taxonomy":"category","embeddable":true,"href":"https:\/\/centralmedia.rs\/index.php\/wp-json\/wp\/v2\/categories?post=30103"},{"taxonomy":"post_tag","embeddable":true,"href":"https:\/\/centralmedia.rs\/index.php\/wp-json\/wp\/v2\/tags?post=30103"}],"curies":[{"name":"wp","href":"https:\/\/api.w.org\/{rel}","templated":true}]}}