{"id":30110,"date":"2022-01-14T12:20:32","date_gmt":"2022-01-14T11:20:32","guid":{"rendered":"http:\/\/centralmedia.rs\/?p=30110"},"modified":"2022-01-17T15:45:43","modified_gmt":"2022-01-17T14:45:43","slug":"palma-najveci-novakov-problem-je-sto-je-srbin","status":"publish","type":"post","link":"https:\/\/centralmedia.rs\/index.php\/2022\/01\/14\/palma-najveci-novakov-problem-je-sto-je-srbin\/","title":{"rendered":"PALMA: NAJVE\u0106I NOVAKOV PROBLEM JE \u0160TO JE SRBIN"},"content":{"rendered":"<p>Predsednik Jedinstvene Srbije, narodni poslanik i predsednik Skup\u0161tine grada Jagodine Dragan Markovi\u0107 Palma gostuju\u0107i u emisiji Novo jutro na TV Pink komentarisao je najnovija de\u0161avanja u Australiji i rekao je da je najve\u0107i problem Novaka \u0110okovi\u0107a \u0161to je Srbin.<\/p>\n<p>&#8221; Ja sam odmah prvog dana rekao da \u0107e vratiti Novaka iz Australije. Novak je \u017ertva politi\u010dke odluke. Nekome smeta \u0161to je devet puta osvojio Australijan open, smeta im \u0161to je najja\u010di u psihomentalnom smislu. Nole je najbolji svetski teniser, proveo je najvi\u0161e nedelja na prvom mestu i siguran sam da \u0107e iz cele situacije iza\u0107i ja\u010di. Ono \u0161to sam tako\u0111e siguran je da se ovako ne\u0161to desilo Nadalu ili Federeru, Novak bi ih branio svim silama, a vidimo da ga oni sada kritikuju. To govori sve o njima.<\/p>\n<p>Trebale bi da reaguju sve svetske sportske organizacije, ali politika se me\u0161a u sport. Pa jednoj Rusiji nisu dozvolili da se takmi\u010di pod svojom zastavom. Novaka poznaje \u010ditav svet. Gde god da odem prvo me pitaju kako je Novak \u0110okovi\u0107. \u010citav svet, obi\u010dan narod ne politi\u010dari, ka\u017eu da je nepravda prema Novaku. Jednostavno ka\u017enjen je zato \u0161to je Srbin &#8221; izjavio je Markovi\u0107.<\/p>\n<p><img loading=\"lazy\" decoding=\"async\" class=\"alignnone wp-image-30112 size-large\" src=\"http:\/\/centralmedia.rs\/wp-content\/uploads\/2022\/01\/palma-pink-1024x580.jpg\" alt=\"\" width=\"640\" height=\"363\" srcset=\"https:\/\/centralmedia.rs\/wp-content\/uploads\/2022\/01\/palma-pink-1024x580.jpg 1024w, https:\/\/centralmedia.rs\/wp-content\/uploads\/2022\/01\/palma-pink-300x170.jpg 300w, https:\/\/centralmedia.rs\/wp-content\/uploads\/2022\/01\/palma-pink-768x435.jpg 768w, https:\/\/centralmedia.rs\/wp-content\/uploads\/2022\/01\/palma-pink-742x420.jpg 742w, https:\/\/centralmedia.rs\/wp-content\/uploads\/2022\/01\/palma-pink-640x362.jpg 640w, https:\/\/centralmedia.rs\/wp-content\/uploads\/2022\/01\/palma-pink-681x386.jpg 681w, https:\/\/centralmedia.rs\/wp-content\/uploads\/2022\/01\/palma-pink-1021x580.jpg 1021w, https:\/\/centralmedia.rs\/wp-content\/uploads\/2022\/01\/palma-pink.jpg 1600w\" sizes=\"(max-width: 640px) 100vw, 640px\" \/><\/p>\n<p>Govore\u0107i o predstoje\u0107em referendumu Markovi\u0107 je pozvao gra\u0111ane da iza\u0111u na referendum, da glasaju po sopstvenom ube\u0111enju i zaokru\u017ee DA. On je rekao da je do sada je postojala osnovana sumnja da su se politi\u010dari me\u0161ali u rad sudova i tu\u017eila\u0161tva i da je sada prilika da se na referendumu otkloni svaka takva sumnja.<\/p>\n<p>&#8221; To vam je kao u fudbalu, ko izgubi kriv mu je sudija. Opozicija je ta koja gubi i kriva im je vlast, sudije, svi su im krivi. A oni su ti koji su u vreme kada su bili vlast razre\u0161avali i postavljali sudije. Evo mi sada ho\u0107emo da sudije vi\u0161e ne strahuju da li \u0107e biti reizabrani nakon probnog perioda, jer se ukida, i bira\u0107e ih struka a ne Parlament&#8221; rekao je predsednik Jedinstvene Srbije.<\/p>\n<p>Na pitanje povodom izjave jednog ekolo\u0161kog aktiviste koji je pozivao na gra\u0111anski rat u Srbiji i na blokade autoputa i grani\u010dnih prelaza, Markovi\u0107 je rekao da su to politi\u010dki protesti i da zato \u0161to imaju jako malu podr\u0161ku naroda, oni poku\u0161avaju da izazovu nerede kako bi skrenuli pa\u017enju na sebe.\u00a0 &#8221; Niko nije rekao da \u0107e Rio Tinto za\u017eiveti. Postoji ne\u0161to \u0161to se zove nasle\u0111ena obaveza a upravo je opozicija ta koja nam je nametnula tu obavezu.<\/p>\n<p>Poznato je i da je kum Dragana \u0110ilasa prodao imanje za 700 000 evra Rio Tintu. Njima je jedino va\u017ean li\u010dni interes. Aleksandar Vu\u010di\u0107 je rekao da \u0107e narod odlu\u010diti o tome i treba uvek pitati narod, ali ne ove na ulici koje pla\u0107a \u0110ilas i njegova kompanija.<\/p>\n<p>Iz aviona se vidi da su njihovi zahtevi politi\u010dki i da \u017eele da okupe nezadovoljne gra\u0111ane. Ankete ka\u017eu da cela opozicija ne mo\u017ee da dobije vi\u0161e od 11%. Stalno se dele i sva\u0111aju&#8221; izjavio je Markovi\u0107.<\/p>\n<p>On je rekao i da deo opozicije posle izbora mo\u017ee da poku\u0161a da organizuje neke proteste zbog navodnog nezadovoljstva izbornim procesom ali nemaju argumenata za to.<\/p>\n<p>&#8220;Na svakom bira\u010dkom mestu bi\u0107e po 40 posmatra\u010da, prihvatili smo sve njihove zahteve. Postoji i normalna opozicija oni koji ho\u0107e da se takmi\u010de tako \u0161to \u0107e re\u0107i vi ste izgradili 100 km autoputa mi \u0107emo 200, u Jagodini je besplatan prevoz a mi \u0107emo davati i besplatan sendvi\u010d. Gra\u0111ani \u0107e glasati 3.aprila za dela a ne za one koji nigde ne rade a ho\u0107e na vlast da bi se zaposlili &#8221; zaklju\u010dio je Markovi\u0107<\/p>\n","protected":false},"excerpt":{"rendered":"<p>Predsednik Jedinstvene Srbije, narodni poslanik i predsednik Skup\u0161tine grada Jagodine Dragan Markovi\u0107 Palma gostuju\u0107i u emisiji Novo jutro na TV Pink komentarisao je najnovija de\u0161avanja &hellip; <\/p>\n","protected":false},"author":2,"featured_media":30111,"comment_status":"open","ping_status":"open","sticky":false,"template":"","format":"standard","meta":{"footnotes":""},"categories":[1524,2,1514,13,12],"tags":[5661,5659,88,120,5660],"_links":{"self":[{"href":"https:\/\/centralmedia.rs\/index.php\/wp-json\/wp\/v2\/posts\/30110"}],"collection":[{"href":"https:\/\/centralmedia.rs\/index.php\/wp-json\/wp\/v2\/posts"}],"about":[{"href":"https:\/\/centralmedia.rs\/index.php\/wp-json\/wp\/v2\/types\/post"}],"author":[{"embeddable":true,"href":"https:\/\/centralmedia.rs\/index.php\/wp-json\/wp\/v2\/users\/2"}],"replies":[{"embeddable":true,"href":"https:\/\/centralmedia.rs\/index.php\/wp-json\/wp\/v2\/comments?post=30110"}],"version-history":[{"count":1,"href":"https:\/\/centralmedia.rs\/index.php\/wp-json\/wp\/v2\/posts\/30110\/revisions"}],"predecessor-version":[{"id":30113,"href":"https:\/\/centralmedia.rs\/index.php\/wp-json\/wp\/v2\/posts\/30110\/revisions\/30113"}],"wp:featuredmedia":[{"embeddable":true,"href":"https:\/\/centralmedia.rs\/index.php\/wp-json\/wp\/v2\/media\/30111"}],"wp:attachment":[{"href":"https:\/\/centralmedia.rs\/index.php\/wp-json\/wp\/v2\/media?parent=30110"}],"wp:term":[{"taxonomy":"category","embeddable":true,"href":"https:\/\/centralmedia.rs\/index.php\/wp-json\/wp\/v2\/categories?post=30110"},{"taxonomy":"post_tag","embeddable":true,"href":"https:\/\/centralmedia.rs\/index.php\/wp-json\/wp\/v2\/tags?post=30110"}],"curies":[{"name":"wp","href":"https:\/\/api.w.org\/{rel}","templated":true}]}}