{"id":30121,"date":"2022-01-16T12:21:30","date_gmt":"2022-01-16T11:21:30","guid":{"rendered":"http:\/\/centralmedia.rs\/?p=30121"},"modified":"2022-01-16T23:59:39","modified_gmt":"2022-01-16T22:59:39","slug":"palma-ocekujem-da-posle-izmena-ustava-sudovi-budu-efikasniji-dokovic-zrtva-zato-sto-je-srbin","status":"publish","type":"post","link":"https:\/\/centralmedia.rs\/index.php\/2022\/01\/16\/palma-ocekujem-da-posle-izmena-ustava-sudovi-budu-efikasniji-dokovic-zrtva-zato-sto-je-srbin\/","title":{"rendered":"PALMA: O\u010dekujem da posle izmena Ustava sudovi budu efikasniji, \u0110okovi\u0107 \u017ertva zato \u0161to je Srbin"},"content":{"rendered":"<p>JAGODINA-U rodnom Kon\u010darevu kod Jagodine na referendumu o ustavnim promenama izjasnio se predsednik Jedinstvene Srbije Dragan Markovi\u0107 Palma sa porodicom.<\/p>\n<div id='gallery-1' class='gallery galleryid-30121 gallery-columns-5 gallery-size-thumbnail'><figure class='gallery-item'>\n\t\t\t<div class='gallery-icon landscape'>\n\t\t\t\t<a href='https:\/\/centralmedia.rs\/index.php\/2022\/01\/16\/palma-ocekujem-da-posle-izmena-ustava-sudovi-budu-efikasniji-dokovic-zrtva-zato-sto-je-srbin\/palma-37\/'><img loading=\"lazy\" decoding=\"async\" width=\"150\" height=\"150\" src=\"https:\/\/centralmedia.rs\/wp-content\/uploads\/2022\/01\/palma-1-150x150.jpg\" class=\"attachment-thumbnail size-thumbnail\" alt=\"\" \/><\/a>\n\t\t\t<\/div><\/figure><figure class='gallery-item'>\n\t\t\t<div class='gallery-icon landscape'>\n\t\t\t\t<a href='https:\/\/centralmedia.rs\/index.php\/2022\/01\/16\/palma-ocekujem-da-posle-izmena-ustava-sudovi-budu-efikasniji-dokovic-zrtva-zato-sto-je-srbin\/porodica-3\/'><img loading=\"lazy\" decoding=\"async\" width=\"150\" height=\"150\" src=\"https:\/\/centralmedia.rs\/wp-content\/uploads\/2022\/01\/porodica-150x150.jpg\" class=\"attachment-thumbnail size-thumbnail\" alt=\"\" \/><\/a>\n\t\t\t<\/div><\/figure><figure class='gallery-item'>\n\t\t\t<div class='gallery-icon landscape'>\n\t\t\t\t<a href='https:\/\/centralmedia.rs\/index.php\/2022\/01\/16\/palma-ocekujem-da-posle-izmena-ustava-sudovi-budu-efikasniji-dokovic-zrtva-zato-sto-je-srbin\/porodica1\/'><img loading=\"lazy\" decoding=\"async\" width=\"150\" height=\"150\" src=\"https:\/\/centralmedia.rs\/wp-content\/uploads\/2022\/01\/porodica1-150x150.jpg\" class=\"attachment-thumbnail size-thumbnail\" alt=\"\" \/><\/a>\n\t\t\t<\/div><\/figure><figure class='gallery-item'>\n\t\t\t<div class='gallery-icon landscape'>\n\t\t\t\t<a href='https:\/\/centralmedia.rs\/index.php\/2022\/01\/16\/palma-ocekujem-da-posle-izmena-ustava-sudovi-budu-efikasniji-dokovic-zrtva-zato-sto-je-srbin\/porodica2\/'><img loading=\"lazy\" decoding=\"async\" width=\"150\" height=\"150\" src=\"https:\/\/centralmedia.rs\/wp-content\/uploads\/2022\/01\/porodica2-150x150.jpg\" class=\"attachment-thumbnail size-thumbnail\" alt=\"\" \/><\/a>\n\t\t\t<\/div><\/figure><figure class='gallery-item'>\n\t\t\t<div class='gallery-icon landscape'>\n\t\t\t\t<a href='https:\/\/centralmedia.rs\/index.php\/2022\/01\/16\/palma-ocekujem-da-posle-izmena-ustava-sudovi-budu-efikasniji-dokovic-zrtva-zato-sto-je-srbin\/porodica3\/'><img loading=\"lazy\" decoding=\"async\" width=\"150\" height=\"150\" src=\"https:\/\/centralmedia.rs\/wp-content\/uploads\/2022\/01\/porodica3-150x150.jpg\" class=\"attachment-thumbnail size-thumbnail\" alt=\"\" \/><\/a>\n\t\t\t<\/div><\/figure>\n\t\t<\/div>\n\n<p>Markovi\u0107 jer tom prilikom poru\u010dio da se\u00a0 nakon ustavnih promena o\u010dekuje efikasniji rad sudskih organa a u korist svih gra\u0111ana.<\/p>\n<p>&#8211; Moja porodica i ja zaokru\u017eili smo da, jer o\u010dekujemo da posle izmene Ustava sudski procesi budu efikasniji i da se ne \u010deka po 5 godina da se oni zavr\u0161e.\u00a0 Promene Ustava bi\u0107e na op\u0161te dobro svih gra\u0111ana Srbije, a pozitivno mi\u0161ljenje o tim promenama dala je i Venecijanska komisija \u2013 kazao je Markovi\u0107.<\/p>\n<p>Markovi\u0107 je nemogu\u0107nost Srba da se o referendumu izjasnjavaju na Kosovu i Metohiji nazvao velikom nepravdom i dodao da se time kr\u0161i medjunarodno pravo a\u00a0 da se Srbija ne\u0107e odre\u0107i tog dela svoje teritorije.<\/p>\n<p>&#8211; Kosovski Albanci sve \u0161to su potpisali ne po\u0161tuju, po\u010dev od Briselskog sporazuma do Rezolucije 1244. Ono \u0161to oni rade Srbima, to je velika nepravda,\u00a0 jer Srbi u Severnoj Mitrovici imaju pravo da glasaju i na izborima i\u00a0na refrendumu. To pravo im je sada\u00a0 uskra\u0107eno i me\u0111unarodna zajednica \u0107uti o tome. Zna\u010di kr\u0161i se me\u0111unarodnoi pravo, jer su Kosovo i Metohija sastavni deo Republike Srbije i to \u0107e uvek biti. Ne postoji ta sila koja \u0107e nam narediti da glasamo za nezavisno Kosovo \u2013 rekao je Dragan Markovi\u0107 Palma predsednik Jedinstvene Srbije.<\/p>\n<p>Predsednik Jedinstvene Srbije Dragan Markovi\u0107 Palma je povodom presude australijskog suda Novaku \u0110okovi\u0107u istakao da je Novak \u017ertva samo zato \u0161to je Srbin. Markovi\u0107 je izrazio uverenje da \u0107e \u0110okovi\u0107 i njegova porodica\u00a0 iz svega iza\u0107i ja\u010di i da \u0107e on nastaviti da pobe\u0111uje.<\/p>\n<p>&#8211; Presuda \u0110okovi\u0107u je iznena\u0111enje jer je on imao saglasnost australijskih vlasti\u00a0 i organizatora turnira da u\u0111e u Australiju\u00a0i ispunio je sve uslove za to. On ima i\u00a0 diplomatski paso\u0161 i nije zaslu\u017eio da se tako ophode prema njemu. \u0110okovi\u0107 i njegova porodica \u0107e iza\u0107i iz svega ovoga ja\u010di i on \u0107e nastaviti da pobe\u0111uje. Novak \u0110okovi\u0107 ne samo je najbolji sportista Srbije i\u00a0sveta, on je i najbolji sporitsta svih vremena. On je \u017ertva samo zato \u0161to je Srbin, da je kojim slu\u010dajem Englez, Nemac ili \u0160vajcarac sve ovo u Australiji mu se ne bi de\u0161avalo. Iznena\u0111uju me stavovi Nadala i\u00a0Federera jer oni nikada ne\u0107e zauzeti Novakovu poziciju \u2013 kazao je Markovi\u0107.<\/p>\n","protected":false},"excerpt":{"rendered":"<p>JAGODINA-U rodnom Kon\u010darevu kod Jagodine na referendumu o ustavnim promenama izjasnio se predsednik Jedinstvene Srbije Dragan Markovi\u0107 Palma sa porodicom. Markovi\u0107 jer tom prilikom poru\u010dio &hellip; <\/p>\n","protected":false},"author":2,"featured_media":30122,"comment_status":"open","ping_status":"open","sticky":false,"template":"","format":"standard","meta":{"footnotes":""},"categories":[1524,2,1514,13,12],"tags":[5659,148,120,5560,4594],"_links":{"self":[{"href":"https:\/\/centralmedia.rs\/index.php\/wp-json\/wp\/v2\/posts\/30121"}],"collection":[{"href":"https:\/\/centralmedia.rs\/index.php\/wp-json\/wp\/v2\/posts"}],"about":[{"href":"https:\/\/centralmedia.rs\/index.php\/wp-json\/wp\/v2\/types\/post"}],"author":[{"embeddable":true,"href":"https:\/\/centralmedia.rs\/index.php\/wp-json\/wp\/v2\/users\/2"}],"replies":[{"embeddable":true,"href":"https:\/\/centralmedia.rs\/index.php\/wp-json\/wp\/v2\/comments?post=30121"}],"version-history":[{"count":1,"href":"https:\/\/centralmedia.rs\/index.php\/wp-json\/wp\/v2\/posts\/30121\/revisions"}],"predecessor-version":[{"id":30128,"href":"https:\/\/centralmedia.rs\/index.php\/wp-json\/wp\/v2\/posts\/30121\/revisions\/30128"}],"wp:featuredmedia":[{"embeddable":true,"href":"https:\/\/centralmedia.rs\/index.php\/wp-json\/wp\/v2\/media\/30122"}],"wp:attachment":[{"href":"https:\/\/centralmedia.rs\/index.php\/wp-json\/wp\/v2\/media?parent=30121"}],"wp:term":[{"taxonomy":"category","embeddable":true,"href":"https:\/\/centralmedia.rs\/index.php\/wp-json\/wp\/v2\/categories?post=30121"},{"taxonomy":"post_tag","embeddable":true,"href":"https:\/\/centralmedia.rs\/index.php\/wp-json\/wp\/v2\/tags?post=30121"}],"curies":[{"name":"wp","href":"https:\/\/api.w.org\/{rel}","templated":true}]}}