{"id":30140,"date":"2022-01-17T15:12:14","date_gmt":"2022-01-17T14:12:14","guid":{"rendered":"http:\/\/centralmedia.rs\/?p=30140"},"modified":"2022-01-22T13:19:56","modified_gmt":"2022-01-22T12:19:56","slug":"izabrani-clanovi-saveta-mesnih-zajednica-u-svilajncu","status":"publish","type":"post","link":"https:\/\/centralmedia.rs\/index.php\/2022\/01\/17\/izabrani-clanovi-saveta-mesnih-zajednica-u-svilajncu\/","title":{"rendered":"IZABRANI \u010cLANOVI SAVETA MESNIH ZAJEDNICA U SVILAJNCU"},"content":{"rendered":"<p>SVILAJNAC-Na bira\u010dkim mestima nije bilo nikakvih problema, a \u010dlanovi Saveta mesnih zajednica birani su u Svilajncu, Ku\u0161iljevu, Crkvencu, Dublju, Glo\u017eanu, Sedlaru i Rado\u0161inu.<\/p>\n<p>Predrag Milanovi\u0107, predsednik op\u0161tine Svilajnac, izjavio je da su izabrani svi predlo\u017eeni kandidati u svim mesnim zajednicama i zahvalio se gra\u0111anima koji su iskoristili svoje pravo da izaberu svoje predstvnike. Ju\u010dera\u0161njim izborima za \u010dlanove Saveta mesnih zajednica zavr\u0161eni su izbori u svim mesnim zajednicama na teritoriji op\u0161tine Svilajnac, koje su dobile nove predstavnike koji \u0107e u saradnji sa lokalnom samoupravom u narednom periodu raditi na pobolj\u0161anju kvaliteta \u017eivota svih gra\u0111ana.<\/p>\n<p>&nbsp;<\/p>\n","protected":false},"excerpt":{"rendered":"<p>SVILAJNAC-Na bira\u010dkim mestima nije bilo nikakvih problema, a \u010dlanovi Saveta mesnih zajednica birani su u Svilajncu, Ku\u0161iljevu, Crkvencu, Dublju, Glo\u017eanu, Sedlaru i Rado\u0161inu. Predrag Milanovi\u0107, &hellip; <\/p>\n","protected":false},"author":2,"featured_media":30141,"comment_status":"open","ping_status":"open","sticky":false,"template":"","format":"standard","meta":{"footnotes":""},"categories":[1524,2,16,12,1517],"tags":[643,5236,38],"_links":{"self":[{"href":"https:\/\/centralmedia.rs\/index.php\/wp-json\/wp\/v2\/posts\/30140"}],"collection":[{"href":"https:\/\/centralmedia.rs\/index.php\/wp-json\/wp\/v2\/posts"}],"about":[{"href":"https:\/\/centralmedia.rs\/index.php\/wp-json\/wp\/v2\/types\/post"}],"author":[{"embeddable":true,"href":"https:\/\/centralmedia.rs\/index.php\/wp-json\/wp\/v2\/users\/2"}],"replies":[{"embeddable":true,"href":"https:\/\/centralmedia.rs\/index.php\/wp-json\/wp\/v2\/comments?post=30140"}],"version-history":[{"count":1,"href":"https:\/\/centralmedia.rs\/index.php\/wp-json\/wp\/v2\/posts\/30140\/revisions"}],"predecessor-version":[{"id":30142,"href":"https:\/\/centralmedia.rs\/index.php\/wp-json\/wp\/v2\/posts\/30140\/revisions\/30142"}],"wp:featuredmedia":[{"embeddable":true,"href":"https:\/\/centralmedia.rs\/index.php\/wp-json\/wp\/v2\/media\/30141"}],"wp:attachment":[{"href":"https:\/\/centralmedia.rs\/index.php\/wp-json\/wp\/v2\/media?parent=30140"}],"wp:term":[{"taxonomy":"category","embeddable":true,"href":"https:\/\/centralmedia.rs\/index.php\/wp-json\/wp\/v2\/categories?post=30140"},{"taxonomy":"post_tag","embeddable":true,"href":"https:\/\/centralmedia.rs\/index.php\/wp-json\/wp\/v2\/tags?post=30140"}],"curies":[{"name":"wp","href":"https:\/\/api.w.org\/{rel}","templated":true}]}}