{"id":30150,"date":"2022-01-19T15:06:04","date_gmt":"2022-01-19T14:06:04","guid":{"rendered":"http:\/\/centralmedia.rs\/?p=30150"},"modified":"2022-01-22T13:19:21","modified_gmt":"2022-01-22T12:19:21","slug":"praznik-bogojavljenje-bogojavljenska-vodica-i-plivanje-za-casni-krst","status":"publish","type":"post","link":"https:\/\/centralmedia.rs\/index.php\/2022\/01\/19\/praznik-bogojavljenje-bogojavljenska-vodica-i-plivanje-za-casni-krst\/","title":{"rendered":"PRAZNIK BOGOJAVLJENJE, BOGOJAVLJENSKA VODICA I PLIVANJE ZA \u010cASNI KRST"},"content":{"rendered":"<p>JAGODINA-Praznik Bogojavljenja u hramovima SPC obele\u017een je svetom liturgijom, a zatim i osve\u0107enjem bogojavljenske vode uz u\u010de\u0161\u0107e velikog broja vernika. Tako je bilo u jagodinskim crkvama, fotografije iz crkve Svetih Apostola Petra i Pavla.<\/p>\n<div id='gallery-1' class='gallery galleryid-30150 gallery-columns-5 gallery-size-thumbnail'><figure class='gallery-item'>\n\t\t\t<div class='gallery-icon landscape'>\n\t\t\t\t<a href='https:\/\/centralmedia.rs\/index.php\/2022\/01\/19\/praznik-bogojavljenje-bogojavljenska-vodica-i-plivanje-za-casni-krst\/bogojavljenje1-2\/'><img loading=\"lazy\" decoding=\"async\" width=\"150\" height=\"150\" src=\"https:\/\/centralmedia.rs\/wp-content\/uploads\/2022\/01\/bogojavljenje1-150x150.jpg\" class=\"attachment-thumbnail size-thumbnail\" alt=\"\" \/><\/a>\n\t\t\t<\/div><\/figure><figure class='gallery-item'>\n\t\t\t<div class='gallery-icon landscape'>\n\t\t\t\t<a href='https:\/\/centralmedia.rs\/index.php\/2022\/01\/19\/praznik-bogojavljenje-bogojavljenska-vodica-i-plivanje-za-casni-krst\/bogojavljenje2-2\/'><img loading=\"lazy\" decoding=\"async\" width=\"150\" height=\"150\" src=\"https:\/\/centralmedia.rs\/wp-content\/uploads\/2022\/01\/bogojavljenje2-150x150.jpg\" class=\"attachment-thumbnail size-thumbnail\" alt=\"\" \/><\/a>\n\t\t\t<\/div><\/figure><figure class='gallery-item'>\n\t\t\t<div class='gallery-icon landscape'>\n\t\t\t\t<a href='https:\/\/centralmedia.rs\/index.php\/2022\/01\/19\/praznik-bogojavljenje-bogojavljenska-vodica-i-plivanje-za-casni-krst\/bogojavljenje3-2\/'><img loading=\"lazy\" decoding=\"async\" width=\"150\" height=\"150\" src=\"https:\/\/centralmedia.rs\/wp-content\/uploads\/2022\/01\/bogojavljenje3-150x150.jpg\" class=\"attachment-thumbnail size-thumbnail\" alt=\"\" \/><\/a>\n\t\t\t<\/div><\/figure><figure class='gallery-item'>\n\t\t\t<div class='gallery-icon landscape'>\n\t\t\t\t<a href='https:\/\/centralmedia.rs\/index.php\/2022\/01\/19\/praznik-bogojavljenje-bogojavljenska-vodica-i-plivanje-za-casni-krst\/bogojavljenje4-2\/'><img loading=\"lazy\" decoding=\"async\" width=\"150\" height=\"150\" src=\"https:\/\/centralmedia.rs\/wp-content\/uploads\/2022\/01\/bogojavljenje4-150x150.jpg\" class=\"attachment-thumbnail size-thumbnail\" alt=\"\" \/><\/a>\n\t\t\t<\/div><\/figure><figure class='gallery-item'>\n\t\t\t<div class='gallery-icon landscape'>\n\t\t\t\t<a href='https:\/\/centralmedia.rs\/index.php\/2022\/01\/19\/praznik-bogojavljenje-bogojavljenska-vodica-i-plivanje-za-casni-krst\/bogojavljenje-4\/'><img loading=\"lazy\" decoding=\"async\" width=\"150\" height=\"150\" src=\"https:\/\/centralmedia.rs\/wp-content\/uploads\/2022\/01\/bogojavljenje-150x150.jpg\" class=\"attachment-thumbnail size-thumbnail\" alt=\"\" \/><\/a>\n\t\t\t<\/div><\/figure>\n\t\t<\/div>\n\n<p>Na Bagrdanskom jezeru kod Jagodine plivalo se za \u010dasni krst jubilarni 20. put. Na &#8220;Bibinim rupama&#8221; na Velikoj Moravi u blizini Svilajnca u tradicionalnom Bogojavljenskom plivanju za \u010dasni krst u\u010destvovalo je 10 pliva\u010da. Prvi do krsta doplivao je \u00a0Nemanja Novi\u010di\u0107 (19) iz Ku\u0161iljeva. Nemanja Filipovi\u0107 (18) iz Svojnova, prvi je u \u0106upriji doplivao do bogojavljenskog krsta. Za \u010dasni krst ovog Bogojavljenja u \u0106upriji je, na bazenu Hotela &#8220;Pla\u017ea&#8221;, plivalo 28 mladi\u0107a. Prvi put za \u010dasni krst plivali su Despotov\u010dani.\u00a0Para\u0107inci su plivanje za za \u010dani krst organizovali na jezeru reke Grze.<\/p>\n<p>Foto Crkva Svetih Apsotola Petra i Pavla<\/p>\n","protected":false},"excerpt":{"rendered":"<p>JAGODINA-Praznik Bogojavljenja u hramovima SPC obele\u017een je svetom liturgijom, a zatim i osve\u0107enjem bogojavljenske vode uz u\u010de\u0161\u0107e velikog broja vernika. Tako je bilo u jagodinskim &hellip; <\/p>\n","protected":false},"author":2,"featured_media":30151,"comment_status":"open","ping_status":"open","sticky":false,"template":"","format":"standard","meta":{"footnotes":""},"categories":[14,1524,2,1514,12],"tags":[1630,5668,58,38],"_links":{"self":[{"href":"https:\/\/centralmedia.rs\/index.php\/wp-json\/wp\/v2\/posts\/30150"}],"collection":[{"href":"https:\/\/centralmedia.rs\/index.php\/wp-json\/wp\/v2\/posts"}],"about":[{"href":"https:\/\/centralmedia.rs\/index.php\/wp-json\/wp\/v2\/types\/post"}],"author":[{"embeddable":true,"href":"https:\/\/centralmedia.rs\/index.php\/wp-json\/wp\/v2\/users\/2"}],"replies":[{"embeddable":true,"href":"https:\/\/centralmedia.rs\/index.php\/wp-json\/wp\/v2\/comments?post=30150"}],"version-history":[{"count":4,"href":"https:\/\/centralmedia.rs\/index.php\/wp-json\/wp\/v2\/posts\/30150\/revisions"}],"predecessor-version":[{"id":30162,"href":"https:\/\/centralmedia.rs\/index.php\/wp-json\/wp\/v2\/posts\/30150\/revisions\/30162"}],"wp:featuredmedia":[{"embeddable":true,"href":"https:\/\/centralmedia.rs\/index.php\/wp-json\/wp\/v2\/media\/30151"}],"wp:attachment":[{"href":"https:\/\/centralmedia.rs\/index.php\/wp-json\/wp\/v2\/media?parent=30150"}],"wp:term":[{"taxonomy":"category","embeddable":true,"href":"https:\/\/centralmedia.rs\/index.php\/wp-json\/wp\/v2\/categories?post=30150"},{"taxonomy":"post_tag","embeddable":true,"href":"https:\/\/centralmedia.rs\/index.php\/wp-json\/wp\/v2\/tags?post=30150"}],"curies":[{"name":"wp","href":"https:\/\/api.w.org\/{rel}","templated":true}]}}