{"id":30197,"date":"2022-01-24T12:26:37","date_gmt":"2022-01-24T11:26:37","guid":{"rendered":"http:\/\/centralmedia.rs\/?p=30197"},"modified":"2022-01-28T13:15:17","modified_gmt":"2022-01-28T12:15:17","slug":"konacan-izvestaj-medunarodne-komisije-nema-genocida-u-srebrenici","status":"publish","type":"post","link":"https:\/\/centralmedia.rs\/index.php\/2022\/01\/24\/konacan-izvestaj-medunarodne-komisije-nema-genocida-u-srebrenici\/","title":{"rendered":"KONA\u010cAN IZVE\u0160TAJ ME\u0110UNARODNE KOMISIJE \u2013 NEMA GENOCIDA U SREBRENICI"},"content":{"rendered":"<p>Nezavisna me\u0111unarodna komisija za istra\u017eivanje stradanja svih naroda u srebreni\u010dkoj regiji od 1992. do 1995. godine izdala je novo saop\u0161tenje.<\/p>\n<p>U njemu se navodi da komisija nema nameru da menja podatke u kona\u010dnom izv\u0161taju koji je sastavila i da je neosnovano ono \u0161to je u vezi sa tim nedavno objavljeno u izraelskoj \u0161tampi.<\/p>\n<p>&#8220;Predsednik Komisije (Gideon Grajf) nije dao izraelskoj \u0161tampi nikakvu zvani\u010dnu izjavu, tako da je ono \u0161to je ove sedmice objavljeno u izraelskoj \u0161tampi neosnovano&#8221;, naveli su iz Komisije.<\/p>\n<p>Kako RTRS prenosi Srnu, iz Komisije je, u vezi sa nedavno objavljenim \u010dlankom u izraelskoj \u0161tampi, saop\u0161teno da su do podataka do\u0161li nakon godinu i po mukotrpnog rada i da su oni jednoglasno prihva\u0107eni od svih \u010dlanova.<\/p>\n<p>&#8220;Ukoliko ubudu\u0107e stignu novi nau\u010dni podaci, istorijski i \u010dinjeni\u010dno zasnovani, Komisija \u0107e ih ispitati sa svom potrebnom ozbiljno\u0161\u0107u&#8221;, navodi se u saop\u0161tenju.<\/p>\n<p>Kada je re\u010d o li\u010dnim napadima usmerenim protiv predsednika Komisije, ovo telo navodi da su pojedinci Grajfa nazvali &#8220;negatorom genocida&#8221;.<\/p>\n<p>&#8220;\u010cak se insinuiralo da bi profesor Grajf lagao o genocidu kao rezultat korupcije. Ovakve neosnovane, brutalne i zlobne optu\u017ebe nemaju za cilj samo uni\u0161tavanje li\u010dne reputacije i integriteta Grajfa, ve\u0107 dodatno i njegove borbe protiv antisemitizma i pet decenija njegovog nau\u010dnog rada o Holokaustu i dokumentovanja neopisivih patnji \u017ertava Holokausta&#8221;, istakli su iz Komisije.<\/p>\n<p>Komisija smatra da su njen predsednik, kao i svi \u010dlanovi, bez izuzetka, delovali lojalno prema istini, sa integritetom i pravedno\u0161\u0107u, bez uticaja bilo kakvih nerelevantnih razmatranja.<\/p>\n<p>&#8220;\u0160to se ti\u010de optu\u017ebe za poricanje genocida, Komisija nikada nije dovela u pitanje temeljne \u010dinjenice o masakrima, niti obim \u017ertava na svim stranama, jer se ne bi usudila da poka\u017ee nepo\u0161ovanje prema bilo kojoj \u017ertvi srebreni\u010dke regije&#8221;, naveli su iz Komisije.<\/p>\n<p>Iz Komisije su naglasili da se termin &#8220;genocid&#8221; nikada ne smije obesmisliti i banalizovati, a zbog \u010dega izrazuzavaju zabrinutost i mnogi svetski nau\u010dni i stru\u010dni autoriteti.<\/p>\n<p>&#8220;Upravo tu zabrinutost deli i Komisija, koja sna\u017eno nagla\u0161ava da se pojam genocid nikada ne smije obesmisliti i banalizovati. Komisija \u010dvrsto veruje da vojna akcija u malom dijelu BiH, g\u0111e su starci, \u017eene i deca dovo\u0111eni na sigurno, dok su jednim dijelom vojno sposobni mu\u0161karci ubijani, ne mo\u017ee porediti sa genocidnim u\u017easima u nema\u010dko-nacisti\u010dki okupiranoj Evropi ili u Ruandi, g\u0111e su svi mu\u0161karci, \u017eene, deca i bebe sistematski nemilosrdno ubijani u organizovanoj kampanji, koja se pro\u0161irila po celoj zemlji&#8221;, saop\u0161teno je iz Komisije.<\/p>\n<p>U Komisiji smatraju da su njihovo istra\u017eivanje i izve\u0161taj veliki uspeh u kontekstu suo\u010davanja sa pro\u0161lo\u0161\u0107u svih strana u sukobu.<\/p>\n<p>&#8220;Iskrivljivanje istine o \u010dinjenicama u na\u0161em izve\u0161taju i dalje medijsko prezentovanje jednostranih narativa, sigurno nisu dobronamerni i nisu usmereni ka nau\u010dnom utvr\u0111ivanju bilo kojih \u010dinjenica, uklju\u010duju\u0107i ove o tragi\u010dnim stradanjima svih naroda u regiji Srebrenica&#8221;, navodi se u saop\u0161tenju Komisije.<\/p>\n<p>Izraelski list &#8220;Harec&#8221; je u tekstu od 19. januara, doveo u pitanje Grajfov stav o zlo\u010dinu u Srebrenici, pozivaju\u0107i se na njegovu navodnu izjavu da \u0107e narednih nedelja biti objavljeno poja\u0161njenje izve\u0161taja.<\/p>\n<p>Grajf je, naveo je tada izraelski list, dodao da \u0107e novi dokument predstavljati odgovor kriti\u010darima koji su ga ozna\u010dili kao revizionistu.<\/p>\n<p>Nezavisna me\u0111unarodna komisija za istra\u017eivanje stradanja svih naroda u srebreni\u010dkoj regiji u periodu 1992-1995. godine, zaklju\u010dila je da se u Srebrenici nije dogodio ni pojedina\u010dni zlo\u010din genocida, niti genocid uop\u0161te.<\/p>\n<p>&nbsp;<\/p>\n","protected":false},"excerpt":{"rendered":"<p>Nezavisna me\u0111unarodna komisija za istra\u017eivanje stradanja svih naroda u srebreni\u010dkoj regiji od 1992. do 1995. godine izdala je novo saop\u0161tenje. U njemu se navodi da &hellip; <\/p>\n","protected":false},"author":2,"featured_media":30198,"comment_status":"open","ping_status":"open","sticky":false,"template":"","format":"standard","meta":{"footnotes":""},"categories":[14,2,12],"tags":[5264,5265,5207],"_links":{"self":[{"href":"https:\/\/centralmedia.rs\/index.php\/wp-json\/wp\/v2\/posts\/30197"}],"collection":[{"href":"https:\/\/centralmedia.rs\/index.php\/wp-json\/wp\/v2\/posts"}],"about":[{"href":"https:\/\/centralmedia.rs\/index.php\/wp-json\/wp\/v2\/types\/post"}],"author":[{"embeddable":true,"href":"https:\/\/centralmedia.rs\/index.php\/wp-json\/wp\/v2\/users\/2"}],"replies":[{"embeddable":true,"href":"https:\/\/centralmedia.rs\/index.php\/wp-json\/wp\/v2\/comments?post=30197"}],"version-history":[{"count":1,"href":"https:\/\/centralmedia.rs\/index.php\/wp-json\/wp\/v2\/posts\/30197\/revisions"}],"predecessor-version":[{"id":30199,"href":"https:\/\/centralmedia.rs\/index.php\/wp-json\/wp\/v2\/posts\/30197\/revisions\/30199"}],"wp:featuredmedia":[{"embeddable":true,"href":"https:\/\/centralmedia.rs\/index.php\/wp-json\/wp\/v2\/media\/30198"}],"wp:attachment":[{"href":"https:\/\/centralmedia.rs\/index.php\/wp-json\/wp\/v2\/media?parent=30197"}],"wp:term":[{"taxonomy":"category","embeddable":true,"href":"https:\/\/centralmedia.rs\/index.php\/wp-json\/wp\/v2\/categories?post=30197"},{"taxonomy":"post_tag","embeddable":true,"href":"https:\/\/centralmedia.rs\/index.php\/wp-json\/wp\/v2\/tags?post=30197"}],"curies":[{"name":"wp","href":"https:\/\/api.w.org\/{rel}","templated":true}]}}