{"id":30204,"date":"2022-01-24T22:30:24","date_gmt":"2022-01-24T21:30:24","guid":{"rendered":"http:\/\/centralmedia.rs\/?p=30204"},"modified":"2022-01-28T13:15:06","modified_gmt":"2022-01-28T12:15:06","slug":"demokrate-aktivirale-tesku-artiljeriju-veterani-iz-devedesetih-ponovo-na-sceni","status":"publish","type":"post","link":"https:\/\/centralmedia.rs\/index.php\/2022\/01\/24\/demokrate-aktivirale-tesku-artiljeriju-veterani-iz-devedesetih-ponovo-na-sceni\/","title":{"rendered":"DEMOKRATE AKTIVIRALE ,,TE\u0160KU\u201d ARTILJERIJU &#8211; VETERANI IZ DEVEDESETIH PONOVO NA SCENI"},"content":{"rendered":"<p>JAGODINA- Na Izbornoj skup\u0161tini jagodinskih demokrata za predsednika je izabran Petar Jovanovi\u0107, pored toga, izabrano je jo\u0161 12 \u010dlanova tog odbora. Od 101 \u010dlana DS u Jagodini na Izbornoj skup\u0161tini, kojom je predsedavala dr Sne\u017eana Mitrovi\u0107, \u00a0glasalo je 77. Jovanovi\u0107 je veteran ,,demokratskih\u201d promena iz devedesetih godina pro\u0161log veka, koga su tada\u0161nje kolege u novembru 2001. isklju\u010dile iz \u010dlanstva i smenile sa funkcije predsednika SO Jagodina. Tada je u DS bilo nekoliko hiljada \u010dlanova.<\/p>\n<p>-Dvadeset godina nisam se bavio politikom u Jagodini. Poslednjih deset godina bio sam \u010dlan DS u Paliluli u Beogradu. Predsednik DS Zoran Lutovac me zamolio da pomognem oko formiranja jagodinskog odbora, rekao je Jovanov\u0107 o razlogu povratka na jagodinsku politi\u010dku scenu.<\/p>\n<p>Kako je naveo prvi zadatak demokrata u Jagodini je da se pripreme za parlamentarne izbore i obezbede 100 kontrolora za glasa\u010dka mesta, a drugi je kampanja za predstoje\u0107e izbore i animiranje opozicionih glasa\u010da.<\/p>\n<p>Izbornoj skup\u0161tini je pristustvovalo rukovodstvo DS predvo\u0111eno Zoranom Lutovcem. Ta prilika je iskori\u0161\u0107ena za potpisivanje ugovora DS, SSP i NS o zajedni\u010dkoj listi kontrolora za bira\u010dkih mesta u Pomoravskom okrugu za izbore u aprilu.<\/p>\n<div id='gallery-1' class='gallery galleryid-30204 gallery-columns-7 gallery-size-thumbnail'><figure class='gallery-item'>\n\t\t\t<div class='gallery-icon portrait'>\n\t\t\t\t<a href='https:\/\/centralmedia.rs\/index.php\/2022\/01\/24\/demokrate-aktivirale-tesku-artiljeriju-veterani-iz-devedesetih-ponovo-na-sceni\/ds-izb-sk-jag-foto-m-ivanovic002\/'><img loading=\"lazy\" decoding=\"async\" width=\"150\" height=\"150\" src=\"https:\/\/centralmedia.rs\/wp-content\/uploads\/2022\/01\/DS-Izb.sk_.Jag_.foto-M.Ivanovic002-150x150.jpg\" class=\"attachment-thumbnail size-thumbnail\" alt=\"\" \/><\/a>\n\t\t\t<\/div><\/figure><figure class='gallery-item'>\n\t\t\t<div class='gallery-icon landscape'>\n\t\t\t\t<a href='https:\/\/centralmedia.rs\/index.php\/2022\/01\/24\/demokrate-aktivirale-tesku-artiljeriju-veterani-iz-devedesetih-ponovo-na-sceni\/ds-izb-sk-jag-foto-m-ivanovic006\/'><img loading=\"lazy\" decoding=\"async\" width=\"150\" height=\"150\" src=\"https:\/\/centralmedia.rs\/wp-content\/uploads\/2022\/01\/DS-Izb.sk_.Jag_.foto-M.Ivanovic006-150x150.jpg\" class=\"attachment-thumbnail size-thumbnail\" alt=\"\" \/><\/a>\n\t\t\t<\/div><\/figure><figure class='gallery-item'>\n\t\t\t<div class='gallery-icon landscape'>\n\t\t\t\t<a href='https:\/\/centralmedia.rs\/index.php\/2022\/01\/24\/demokrate-aktivirale-tesku-artiljeriju-veterani-iz-devedesetih-ponovo-na-sceni\/ds-izb-sk-jag-foto-m-ivanovic031\/'><img loading=\"lazy\" decoding=\"async\" width=\"150\" height=\"150\" src=\"https:\/\/centralmedia.rs\/wp-content\/uploads\/2022\/01\/DS-Izb.sk_.Jag_.foto-M.Ivanovic031-150x150.jpg\" class=\"attachment-thumbnail size-thumbnail\" alt=\"\" \/><\/a>\n\t\t\t<\/div><\/figure><figure class='gallery-item'>\n\t\t\t<div class='gallery-icon landscape'>\n\t\t\t\t<a href='https:\/\/centralmedia.rs\/index.php\/2022\/01\/24\/demokrate-aktivirale-tesku-artiljeriju-veterani-iz-devedesetih-ponovo-na-sceni\/ds-izb-sk-jag-foto-m-ivanovic037\/'><img loading=\"lazy\" decoding=\"async\" width=\"150\" height=\"150\" src=\"https:\/\/centralmedia.rs\/wp-content\/uploads\/2022\/01\/DS-Izb.sk_.Jag_.foto-M.Ivanovic037-150x150.jpg\" class=\"attachment-thumbnail size-thumbnail\" alt=\"\" \/><\/a>\n\t\t\t<\/div><\/figure><figure class='gallery-item'>\n\t\t\t<div class='gallery-icon landscape'>\n\t\t\t\t<a href='https:\/\/centralmedia.rs\/index.php\/2022\/01\/24\/demokrate-aktivirale-tesku-artiljeriju-veterani-iz-devedesetih-ponovo-na-sceni\/ds-izb-sk-jag-foto-m-ivanovic039\/'><img loading=\"lazy\" decoding=\"async\" width=\"150\" height=\"150\" src=\"https:\/\/centralmedia.rs\/wp-content\/uploads\/2022\/01\/DS-Izb.sk_.Jag_.foto-M.Ivanovic039-150x150.jpg\" class=\"attachment-thumbnail size-thumbnail\" alt=\"\" \/><\/a>\n\t\t\t<\/div><\/figure><figure class='gallery-item'>\n\t\t\t<div class='gallery-icon landscape'>\n\t\t\t\t<a href='https:\/\/centralmedia.rs\/index.php\/2022\/01\/24\/demokrate-aktivirale-tesku-artiljeriju-veterani-iz-devedesetih-ponovo-na-sceni\/ds-izb-sk-jag-foto-m-ivanovic040\/'><img loading=\"lazy\" decoding=\"async\" width=\"150\" height=\"150\" src=\"https:\/\/centralmedia.rs\/wp-content\/uploads\/2022\/01\/DS-Izb.sk_.Jag_.foto-M.Ivanovic040-150x150.jpg\" class=\"attachment-thumbnail size-thumbnail\" alt=\"\" \/><\/a>\n\t\t\t<\/div><\/figure><figure class='gallery-item'>\n\t\t\t<div class='gallery-icon landscape'>\n\t\t\t\t<a href='https:\/\/centralmedia.rs\/index.php\/2022\/01\/24\/demokrate-aktivirale-tesku-artiljeriju-veterani-iz-devedesetih-ponovo-na-sceni\/ds-izb-sk-jag-foto-m-ivanovic038\/'><img loading=\"lazy\" decoding=\"async\" width=\"150\" height=\"150\" src=\"https:\/\/centralmedia.rs\/wp-content\/uploads\/2022\/01\/DS-Izb.sk_.Jag_.foto-M.Ivanovic038-150x150.jpg\" class=\"attachment-thumbnail size-thumbnail\" alt=\"\" \/><\/a>\n\t\t\t<\/div><\/figure>\n\t\t<\/div>\n\n<p>Poznavaoci lokalih politi\u010dkih prilika komentari\u0161u povratak Jovanovi\u0107a u lokalu politiku kao o\u010dajni\u010dki poku\u0161aj centrale DS da nekada mlade i ljude u zrelim godinama koji su bili pristalice te stranke, a sada su pred penzijom ili u penziji, ponovo animira. Ako je to bio cilj onda je pun pogodak sude\u0107i po sastavu prisutnih u sali Pomoravskog okruga. Ina\u010de, jagodinske demokrate su u lokalnoj vlasti od 2000. godine.<\/p>\n<p>Foto M. Ivanovic<\/p>\n","protected":false},"excerpt":{"rendered":"<p>JAGODINA- Na Izbornoj skup\u0161tini jagodinskih demokrata za predsednika je izabran Petar Jovanovi\u0107, pored toga, izabrano je jo\u0161 12 \u010dlanova tog odbora. Od 101 \u010dlana DS &hellip; <\/p>\n","protected":false},"author":2,"featured_media":30205,"comment_status":"open","ping_status":"open","sticky":false,"template":"","format":"standard","meta":{"footnotes":""},"categories":[1524,2,1514,13,12],"tags":[58,5675],"_links":{"self":[{"href":"https:\/\/centralmedia.rs\/index.php\/wp-json\/wp\/v2\/posts\/30204"}],"collection":[{"href":"https:\/\/centralmedia.rs\/index.php\/wp-json\/wp\/v2\/posts"}],"about":[{"href":"https:\/\/centralmedia.rs\/index.php\/wp-json\/wp\/v2\/types\/post"}],"author":[{"embeddable":true,"href":"https:\/\/centralmedia.rs\/index.php\/wp-json\/wp\/v2\/users\/2"}],"replies":[{"embeddable":true,"href":"https:\/\/centralmedia.rs\/index.php\/wp-json\/wp\/v2\/comments?post=30204"}],"version-history":[{"count":5,"href":"https:\/\/centralmedia.rs\/index.php\/wp-json\/wp\/v2\/posts\/30204\/revisions"}],"predecessor-version":[{"id":30216,"href":"https:\/\/centralmedia.rs\/index.php\/wp-json\/wp\/v2\/posts\/30204\/revisions\/30216"}],"wp:featuredmedia":[{"embeddable":true,"href":"https:\/\/centralmedia.rs\/index.php\/wp-json\/wp\/v2\/media\/30205"}],"wp:attachment":[{"href":"https:\/\/centralmedia.rs\/index.php\/wp-json\/wp\/v2\/media?parent=30204"}],"wp:term":[{"taxonomy":"category","embeddable":true,"href":"https:\/\/centralmedia.rs\/index.php\/wp-json\/wp\/v2\/categories?post=30204"},{"taxonomy":"post_tag","embeddable":true,"href":"https:\/\/centralmedia.rs\/index.php\/wp-json\/wp\/v2\/tags?post=30204"}],"curies":[{"name":"wp","href":"https:\/\/api.w.org\/{rel}","templated":true}]}}