{"id":3027,"date":"2016-05-04T14:11:25","date_gmt":"2016-05-04T14:11:25","guid":{"rendered":"http:\/\/centralmedia.rs\/?p=3027"},"modified":"2017-01-20T02:18:00","modified_gmt":"2017-01-20T02:18:00","slug":"konstituisana-u-svilajncu-novi-stari-predsednik-predrag-milanovic","status":"publish","type":"post","link":"https:\/\/centralmedia.rs\/index.php\/2016\/05\/04\/konstituisana-u-svilajncu-novi-stari-predsednik-predrag-milanovic\/","title":{"rendered":"KONSTITUISANA SO U SVILAJNCU &#8211; NOVI, STARI PREDSEDNIK PREDRAG MILANOVI\u0106"},"content":{"rendered":"<p>SVILAJNAC- U Svilajncu je danas konstituisana Skup\u0161tina op\u0161tine,za predsednika op\u0161tine izabran je Predrag Milanovi\u0107, a za predsednika SO Vladan Rajkovi\u0107, oni su u protekle \u010detiri godine obavljali te funkcije. GG Svilajnac \u010duva budu\u0107nost-Predrag Milanovi\u0107 i SPS formirali su vlast u Svilajncu sa 28 od 47 odbornika, dok je koalicija SNS-PUPS-SDPS sa 19 odbornika u opoziciji. Na funkcije zamenika predsednika op\u0161tine i SO izabrani su predsedavnici GG Svilajnac \u010duva budu\u0107nost Dragana Radevi\u0107 i Miroslav Marinkovi\u0107.<a href=\"https:\/\/centralmedia.rs\/wp-content\/uploads\/2016\/05\/so-svilajnac-3-svilajnac-g.j..jpg\"><img loading=\"lazy\" decoding=\"async\" class=\"alignnone size-medium wp-image-3029\" src=\"https:\/\/centralmedia.rs\/wp-content\/uploads\/2016\/05\/so-svilajnac-3-svilajnac-g.j.-300x176.jpg\" alt=\"so svilajnac 3-svilajnac-g.j.\" width=\"300\" height=\"176\" srcset=\"https:\/\/centralmedia.rs\/wp-content\/uploads\/2016\/05\/so-svilajnac-3-svilajnac-g.j.-300x176.jpg 300w, https:\/\/centralmedia.rs\/wp-content\/uploads\/2016\/05\/so-svilajnac-3-svilajnac-g.j.-768x450.jpg 768w, https:\/\/centralmedia.rs\/wp-content\/uploads\/2016\/05\/so-svilajnac-3-svilajnac-g.j.-1024x599.jpg 1024w, https:\/\/centralmedia.rs\/wp-content\/uploads\/2016\/05\/so-svilajnac-3-svilajnac-g.j..jpg 1025w\" sizes=\"(max-width: 300px) 100vw, 300px\" \/><\/a><br \/>\n-Spremni smo za saradnju sa svim odbornicima u SO, kao i strankama koje za 1,5 glas, poput DSS, nisu pre\u0161le cenzus, ali imaju zna\u010dajni udeo u bira\u010dkom telu. Pozivam odbornike PUPS, SDPS i SNS da podr\u017ee ovaj program. U ovom trenuku mi nismo spremni da pravimo dogovor sa rukovodstvom SNS, jer smatramo da se u klju\u010dnim stvarima razlikujemo i ne bi mogli zajedno da radimo na programima koje planiramo u Svilajncu, rekao je Milanovi\u0107<br \/>\nZa sve odluke glasalo je 28 odbornika GG Predrag Milanovi\u0107 i SPS, dok je 19 odbornika SNS uzimalo glasa\u010dke listi\u0107e, ali nisu ih ubacivali u kutiju.<a href=\"https:\/\/centralmedia.rs\/wp-content\/uploads\/2016\/05\/so-svilajnac-1-svilajnac-g.j..jpg\"><img loading=\"lazy\" decoding=\"async\" class=\"alignnone size-medium wp-image-3030\" src=\"https:\/\/centralmedia.rs\/wp-content\/uploads\/2016\/05\/so-svilajnac-1-svilajnac-g.j.-300x225.jpg\" alt=\"so svilajnac 1-svilajnac-g.j.\" width=\"300\" height=\"225\" srcset=\"https:\/\/centralmedia.rs\/wp-content\/uploads\/2016\/05\/so-svilajnac-1-svilajnac-g.j.-300x225.jpg 300w, https:\/\/centralmedia.rs\/wp-content\/uploads\/2016\/05\/so-svilajnac-1-svilajnac-g.j.-768x576.jpg 768w, https:\/\/centralmedia.rs\/wp-content\/uploads\/2016\/05\/so-svilajnac-1-svilajnac-g.j.-80x60.jpg 80w, https:\/\/centralmedia.rs\/wp-content\/uploads\/2016\/05\/so-svilajnac-1-svilajnac-g.j.-265x198.jpg 265w, https:\/\/centralmedia.rs\/wp-content\/uploads\/2016\/05\/so-svilajnac-1-svilajnac-g.j..jpg 900w\" sizes=\"(max-width: 300px) 100vw, 300px\" \/><\/a><br \/>\n-Na prvom mestu u narednom periodu je popunjavanje na\u0161ih privrednih zona, kako bi smo zaposli gra\u0111ane, na drugom je poljoprivreda, jer smatramo da su nam potrebni prera\u0111iva\u010dki kapaciteti. Izgradi\u0107emo P\u010delarski centar i obezbediti stru\u010dnu edukaciju. Nastavi\u0107emo sa izgradnjom infrastrukture u Svilajncu, a najve\u0107i projekat je regulacija Resave, zatim nastavak vodosnabdevanja do svakog sela, ure\u0111enje poljskih i lokalnih puteva. Planiramo da sve \u0161kole rekonstrui\u0161emo, te izgradimo fiskulturnu salu u srednjoj \u0161koli. Razvija\u0107emo i podr\u017eava\u0107emo Prirodnja\u010dki centar, jer je to veliki potencijal u nau\u010dnom, ali turisti\u0107kom smislu, odnosno novi ,,privredni pogon\u201c. Rekonstruisa\u0107emo domove kulture po selima. Nastavi\u0107emo da stipendiramo mlade i izdvajamo sredstva za stru\u010dnu praksu. Finansira\u0107emo sve kluvobe koji \u017eele da se takmi\u010de. Zavr\u0161ili smo rekonstrukciju sprotskih objekata, ostao nam je jo\u0161 bazen, koji je o\u0161te\u0107en u poplavama.Baci\u0107emo akcenat na \u0161kolski sport. Podr\u017eava\u0107emo sve socijalno ugro\u017eene grupe, kao i penzionere koji su ugro\u017eeni, ne\u0107emo podr\u017eavati ,,devizne&#8221; penzionere. Podr\u017eava\u0107emo izgradnju crkava i manastira , jer bez verskih objekata ne mo\u017eemo u budu\u0107nost. Za dve godine ima\u0107emo roformisan javini sektor i op\u0161tinsku upravu, najavio je Milanovi\u0107.<br \/>\nNa izborima u Svilajncu GG Svilajnac \u010duva budu\u0107nost-Predrag Milanovi\u0107 osvojila je 24 odborni\u010dka mandata ili apsolutnu ve\u0107inu od ukupno 47 u skup\u0161tini, SNS 19 i SPS 4. <a href=\"https:\/\/centralmedia.rs\/wp-content\/uploads\/2016\/05\/so-svilajnac-svilajnac-g.j..jpg\"><img loading=\"lazy\" decoding=\"async\" class=\"alignnone size-medium wp-image-3031\" src=\"https:\/\/centralmedia.rs\/wp-content\/uploads\/2016\/05\/so-svilajnac-svilajnac-g.j.-300x193.jpg\" alt=\"so svilajnac-svilajnac-g.j.\" width=\"300\" height=\"193\" srcset=\"https:\/\/centralmedia.rs\/wp-content\/uploads\/2016\/05\/so-svilajnac-svilajnac-g.j.-300x193.jpg 300w, https:\/\/centralmedia.rs\/wp-content\/uploads\/2016\/05\/so-svilajnac-svilajnac-g.j.-768x495.jpg 768w, https:\/\/centralmedia.rs\/wp-content\/uploads\/2016\/05\/so-svilajnac-svilajnac-g.j..jpg 931w\" sizes=\"(max-width: 300px) 100vw, 300px\" \/><\/a><br \/>\n-O\u010dekujem da \u0107emo nastaviti gde smo stali i da \u0107e Svilajnac ubrzano da se razvija. Smatram da \u0107e se u narednom periodu odborni\u010dka ve\u0107ina biti uve\u0107ana, jer mislim da \u0107e odbronici prepoznati da se ovde zastupaju interesi gra\u0111ana. Bi\u0107u predsednik svim odbronicima, a skup\u0161tina \u0107e biti mesto dijaloga. Koalicioni sporazum GG Predrag Milanovi\u0107 i SPS je potpisan, dobijena je saglasnost centrale SPS, zaklju\u010dio je Rajkovi\u0107.<\/p>\n<p>&nbsp;<\/p>\n<p><strong><em>Svilajna\u010dka razglednica \u2013 Projekat se realizuje uz pomo\u0107 sredstava iz bud\u017eeta Op\u0161tine Svilajnac.<\/em><\/strong><\/p>\n","protected":false},"excerpt":{"rendered":"<p>SVILAJNAC- U Svilajncu je danas konstituisana Skup\u0161tina op\u0161tine,za predsednika op\u0161tine izabran je Predrag Milanovi\u0107, a za predsednika SO Vladan Rajkovi\u0107, oni su u protekle \u010detiri &hellip; <\/p>\n","protected":false},"author":4,"featured_media":3028,"comment_status":"open","ping_status":"open","sticky":false,"template":"","format":"standard","meta":{"footnotes":""},"categories":[1524,2,13,887,12,1517],"tags":[782,781,39,406],"_links":{"self":[{"href":"https:\/\/centralmedia.rs\/index.php\/wp-json\/wp\/v2\/posts\/3027"}],"collection":[{"href":"https:\/\/centralmedia.rs\/index.php\/wp-json\/wp\/v2\/posts"}],"about":[{"href":"https:\/\/centralmedia.rs\/index.php\/wp-json\/wp\/v2\/types\/post"}],"author":[{"embeddable":true,"href":"https:\/\/centralmedia.rs\/index.php\/wp-json\/wp\/v2\/users\/4"}],"replies":[{"embeddable":true,"href":"https:\/\/centralmedia.rs\/index.php\/wp-json\/wp\/v2\/comments?post=3027"}],"version-history":[{"count":0,"href":"https:\/\/centralmedia.rs\/index.php\/wp-json\/wp\/v2\/posts\/3027\/revisions"}],"wp:featuredmedia":[{"embeddable":true,"href":"https:\/\/centralmedia.rs\/index.php\/wp-json\/wp\/v2\/media\/3028"}],"wp:attachment":[{"href":"https:\/\/centralmedia.rs\/index.php\/wp-json\/wp\/v2\/media?parent=3027"}],"wp:term":[{"taxonomy":"category","embeddable":true,"href":"https:\/\/centralmedia.rs\/index.php\/wp-json\/wp\/v2\/categories?post=3027"},{"taxonomy":"post_tag","embeddable":true,"href":"https:\/\/centralmedia.rs\/index.php\/wp-json\/wp\/v2\/tags?post=3027"}],"curies":[{"name":"wp","href":"https:\/\/api.w.org\/{rel}","templated":true}]}}