{"id":30286,"date":"2022-01-31T19:53:32","date_gmt":"2022-01-31T18:53:32","guid":{"rendered":"http:\/\/centralmedia.rs\/?p=30286"},"modified":"2022-02-10T13:51:35","modified_gmt":"2022-02-10T12:51:35","slug":"nabavljeno-multifunkcionalno-vozilo-za-kjp-morava-svilajnac","status":"publish","type":"post","link":"https:\/\/centralmedia.rs\/index.php\/2022\/01\/31\/nabavljeno-multifunkcionalno-vozilo-za-kjp-morava-svilajnac\/","title":{"rendered":"NABAVLjENO MULTIFUNKCIONALNO VOZILO ZA KJP \u201eMORAVA\u201c SVILAJNAC"},"content":{"rendered":"<p>SVILAJNAC-Specijalno univerzalno vozilo UNIMAG, nabavljeno za potrebe Kominalnog-javnog preduze\u0107a \u201eMorava\u201c Svilajnac, stiglo je danas u vozni park ovog preduze\u0107a.<\/p>\n<p>Predsednik op\u0161tine Svilajnac Predrag Milanovi\u0107 rekao je da je ovo vozilo multifunkcionalno i da ima mogu\u0107nost priklju\u010divanja svih ure\u0111aja i ma\u0161ina za odr\u017eavanje puteva:<\/p>\n<p>\u201eVozilo je namenjeno putarima, kako zimskoj slu\u017ebi u ovom sad periodu, tako i za ko\u0161enje i letnje odr\u017eavanje puteva. Osim ovoga, o\u010dekujemo da u drugoj polovini godine stigne jo\u0161 jedno vozilo koje \u0107e slu\u017eiti za pranje trotoara, \u010di\u0161\u0107enje grafita, a uvodimo i novu uslugu na\u0161im gra\u0111anima, a to je pranje i dezinfekcija kanti i kontejnera. Plan je i da se obnove autobusi, a sve u cilju podizanja kvaliteta rada i usluga na\u0161eg komunalnog preduze\u0107a\u201c \u2013 izjavio je Milanovi\u0107 dodav\u0161i da je vozilo uvezeno iz Austrije i da je ko\u0161talo oko 60.000 evra.<\/p>\n<div id='gallery-1' class='gallery galleryid-30286 gallery-columns-3 gallery-size-full'><figure class='gallery-item'>\n\t\t\t<div class='gallery-icon landscape'>\n\t\t\t\t<a href='https:\/\/centralmedia.rs\/index.php\/2022\/01\/31\/nabavljeno-multifunkcionalno-vozilo-za-kjp-morava-svilajnac\/vozilo\/'><img loading=\"lazy\" decoding=\"async\" width=\"2048\" height=\"1365\" src=\"https:\/\/centralmedia.rs\/wp-content\/uploads\/2022\/01\/vozilo.jpg\" class=\"attachment-full size-full\" alt=\"\" srcset=\"https:\/\/centralmedia.rs\/wp-content\/uploads\/2022\/01\/vozilo.jpg 2048w, https:\/\/centralmedia.rs\/wp-content\/uploads\/2022\/01\/vozilo-300x200.jpg 300w, https:\/\/centralmedia.rs\/wp-content\/uploads\/2022\/01\/vozilo-768x512.jpg 768w, https:\/\/centralmedia.rs\/wp-content\/uploads\/2022\/01\/vozilo-1024x683.jpg 1024w, https:\/\/centralmedia.rs\/wp-content\/uploads\/2022\/01\/vozilo-630x420.jpg 630w, https:\/\/centralmedia.rs\/wp-content\/uploads\/2022\/01\/vozilo-640x427.jpg 640w, https:\/\/centralmedia.rs\/wp-content\/uploads\/2022\/01\/vozilo-681x454.jpg 681w\" sizes=\"(max-width: 2048px) 100vw, 2048px\" \/><\/a>\n\t\t\t<\/div><\/figure><figure class='gallery-item'>\n\t\t\t<div class='gallery-icon landscape'>\n\t\t\t\t<a href='https:\/\/centralmedia.rs\/index.php\/2022\/01\/31\/nabavljeno-multifunkcionalno-vozilo-za-kjp-morava-svilajnac\/vozilo1\/'><img loading=\"lazy\" decoding=\"async\" width=\"2048\" height=\"1365\" src=\"https:\/\/centralmedia.rs\/wp-content\/uploads\/2022\/01\/vozilo1.jpg\" class=\"attachment-full size-full\" alt=\"\" srcset=\"https:\/\/centralmedia.rs\/wp-content\/uploads\/2022\/01\/vozilo1.jpg 2048w, https:\/\/centralmedia.rs\/wp-content\/uploads\/2022\/01\/vozilo1-300x200.jpg 300w, https:\/\/centralmedia.rs\/wp-content\/uploads\/2022\/01\/vozilo1-768x512.jpg 768w, https:\/\/centralmedia.rs\/wp-content\/uploads\/2022\/01\/vozilo1-1024x683.jpg 1024w, https:\/\/centralmedia.rs\/wp-content\/uploads\/2022\/01\/vozilo1-630x420.jpg 630w, https:\/\/centralmedia.rs\/wp-content\/uploads\/2022\/01\/vozilo1-640x427.jpg 640w, https:\/\/centralmedia.rs\/wp-content\/uploads\/2022\/01\/vozilo1-681x454.jpg 681w\" sizes=\"(max-width: 2048px) 100vw, 2048px\" \/><\/a>\n\t\t\t<\/div><\/figure><figure class='gallery-item'>\n\t\t\t<div class='gallery-icon landscape'>\n\t\t\t\t<a href='https:\/\/centralmedia.rs\/index.php\/2022\/01\/31\/nabavljeno-multifunkcionalno-vozilo-za-kjp-morava-svilajnac\/vozilo2\/'><img loading=\"lazy\" decoding=\"async\" width=\"2048\" height=\"1365\" src=\"https:\/\/centralmedia.rs\/wp-content\/uploads\/2022\/01\/vozilo2.jpg\" class=\"attachment-full size-full\" alt=\"\" srcset=\"https:\/\/centralmedia.rs\/wp-content\/uploads\/2022\/01\/vozilo2.jpg 2048w, https:\/\/centralmedia.rs\/wp-content\/uploads\/2022\/01\/vozilo2-300x200.jpg 300w, https:\/\/centralmedia.rs\/wp-content\/uploads\/2022\/01\/vozilo2-768x512.jpg 768w, https:\/\/centralmedia.rs\/wp-content\/uploads\/2022\/01\/vozilo2-1024x683.jpg 1024w, https:\/\/centralmedia.rs\/wp-content\/uploads\/2022\/01\/vozilo2-630x420.jpg 630w, https:\/\/centralmedia.rs\/wp-content\/uploads\/2022\/01\/vozilo2-640x427.jpg 640w, https:\/\/centralmedia.rs\/wp-content\/uploads\/2022\/01\/vozilo2-681x454.jpg 681w\" sizes=\"(max-width: 2048px) 100vw, 2048px\" \/><\/a>\n\t\t\t<\/div><\/figure>\n\t\t<\/div>\n\n","protected":false},"excerpt":{"rendered":"<p>SVILAJNAC-Specijalno univerzalno vozilo UNIMAG, nabavljeno za potrebe Kominalnog-javnog preduze\u0107a \u201eMorava\u201c Svilajnac, stiglo je danas u vozni park ovog preduze\u0107a. Predsednik op\u0161tine Svilajnac Predrag Milanovi\u0107 rekao &hellip; <\/p>\n","protected":false},"author":2,"featured_media":30287,"comment_status":"open","ping_status":"open","sticky":false,"template":"","format":"standard","meta":{"footnotes":""},"categories":[1524,2,16,12,1517],"tags":[5686,38,5687],"_links":{"self":[{"href":"https:\/\/centralmedia.rs\/index.php\/wp-json\/wp\/v2\/posts\/30286"}],"collection":[{"href":"https:\/\/centralmedia.rs\/index.php\/wp-json\/wp\/v2\/posts"}],"about":[{"href":"https:\/\/centralmedia.rs\/index.php\/wp-json\/wp\/v2\/types\/post"}],"author":[{"embeddable":true,"href":"https:\/\/centralmedia.rs\/index.php\/wp-json\/wp\/v2\/users\/2"}],"replies":[{"embeddable":true,"href":"https:\/\/centralmedia.rs\/index.php\/wp-json\/wp\/v2\/comments?post=30286"}],"version-history":[{"count":3,"href":"https:\/\/centralmedia.rs\/index.php\/wp-json\/wp\/v2\/posts\/30286\/revisions"}],"predecessor-version":[{"id":30293,"href":"https:\/\/centralmedia.rs\/index.php\/wp-json\/wp\/v2\/posts\/30286\/revisions\/30293"}],"wp:featuredmedia":[{"embeddable":true,"href":"https:\/\/centralmedia.rs\/index.php\/wp-json\/wp\/v2\/media\/30287"}],"wp:attachment":[{"href":"https:\/\/centralmedia.rs\/index.php\/wp-json\/wp\/v2\/media?parent=30286"}],"wp:term":[{"taxonomy":"category","embeddable":true,"href":"https:\/\/centralmedia.rs\/index.php\/wp-json\/wp\/v2\/categories?post=30286"},{"taxonomy":"post_tag","embeddable":true,"href":"https:\/\/centralmedia.rs\/index.php\/wp-json\/wp\/v2\/tags?post=30286"}],"curies":[{"name":"wp","href":"https:\/\/api.w.org\/{rel}","templated":true}]}}