{"id":30294,"date":"2022-01-31T20:01:43","date_gmt":"2022-01-31T19:01:43","guid":{"rendered":"http:\/\/centralmedia.rs\/?p=30294"},"modified":"2022-02-02T20:36:40","modified_gmt":"2022-02-02T19:36:40","slug":"otvorena-izlozba-likovnih-radova-studenata-fakulteta-pedagoskih-nauka-u-jagodini","status":"publish","type":"post","link":"https:\/\/centralmedia.rs\/index.php\/2022\/01\/31\/otvorena-izlozba-likovnih-radova-studenata-fakulteta-pedagoskih-nauka-u-jagodini\/","title":{"rendered":"OTVORENA IZLO\u017dBA LIKOVNIH RADOVA STUDENATA FAKULTETA PEDAGO\u0160KIH NAUKA U JAGODINI"},"content":{"rendered":"<p>JAGODINA- Nova izlaga\u010dka sezona u galeriji Fakulteta pedago\u0161kih nauka u Jagodini otvorena je izlo\u017ebom likovnih radova studenata tog fakulteta. Predstavljeni radovi nastali su u okviru predmeta Likovne tehnike,predmetni nastavnik doc. dr Mia Arsenijevi\u0107, koji studenti poha\u0111aju na tre\u0107oj &#8211; u\u010ditelji, odnosno \u010detvrtoj godini osnovnih studija -pred\u0161kolski vaspita\u010di. U proteklom semestru nastava na predmetu je realizovana onlajn, uz pru\u017eenu mogu\u0107nost studentima da u\u017eivo dolaze na konsultacije.<\/p>\n<div id='gallery-1' class='gallery galleryid-30294 gallery-columns-8 gallery-size-thumbnail'><figure class='gallery-item'>\n\t\t\t<div class='gallery-icon landscape'>\n\t\t\t\t<a href='https:\/\/centralmedia.rs\/index.php\/2022\/01\/31\/otvorena-izlozba-likovnih-radova-studenata-fakulteta-pedagoskih-nauka-u-jagodini\/uciteljski-6\/'><img loading=\"lazy\" decoding=\"async\" width=\"150\" height=\"150\" src=\"https:\/\/centralmedia.rs\/wp-content\/uploads\/2022\/01\/uciteljski-150x150.jpg\" class=\"attachment-thumbnail size-thumbnail\" alt=\"\" \/><\/a>\n\t\t\t<\/div><\/figure><figure class='gallery-item'>\n\t\t\t<div class='gallery-icon landscape'>\n\t\t\t\t<a href='https:\/\/centralmedia.rs\/index.php\/2022\/01\/31\/otvorena-izlozba-likovnih-radova-studenata-fakulteta-pedagoskih-nauka-u-jagodini\/uciteljski1\/'><img loading=\"lazy\" decoding=\"async\" width=\"150\" height=\"150\" src=\"https:\/\/centralmedia.rs\/wp-content\/uploads\/2022\/01\/uciteljski1-150x150.jpg\" class=\"attachment-thumbnail size-thumbnail\" alt=\"\" \/><\/a>\n\t\t\t<\/div><\/figure><figure class='gallery-item'>\n\t\t\t<div class='gallery-icon landscape'>\n\t\t\t\t<a href='https:\/\/centralmedia.rs\/index.php\/2022\/01\/31\/otvorena-izlozba-likovnih-radova-studenata-fakulteta-pedagoskih-nauka-u-jagodini\/uciteljski2\/'><img loading=\"lazy\" decoding=\"async\" width=\"150\" height=\"150\" src=\"https:\/\/centralmedia.rs\/wp-content\/uploads\/2022\/01\/uciteljski2-150x150.jpg\" class=\"attachment-thumbnail size-thumbnail\" alt=\"\" \/><\/a>\n\t\t\t<\/div><\/figure><figure class='gallery-item'>\n\t\t\t<div class='gallery-icon landscape'>\n\t\t\t\t<a href='https:\/\/centralmedia.rs\/index.php\/2022\/01\/31\/otvorena-izlozba-likovnih-radova-studenata-fakulteta-pedagoskih-nauka-u-jagodini\/uciteljski3\/'><img loading=\"lazy\" decoding=\"async\" width=\"150\" height=\"150\" src=\"https:\/\/centralmedia.rs\/wp-content\/uploads\/2022\/01\/uciteljski3-150x150.jpg\" class=\"attachment-thumbnail size-thumbnail\" alt=\"\" \/><\/a>\n\t\t\t<\/div><\/figure><figure class='gallery-item'>\n\t\t\t<div class='gallery-icon landscape'>\n\t\t\t\t<a href='https:\/\/centralmedia.rs\/index.php\/2022\/01\/31\/otvorena-izlozba-likovnih-radova-studenata-fakulteta-pedagoskih-nauka-u-jagodini\/uciteljski4\/'><img loading=\"lazy\" decoding=\"async\" width=\"150\" height=\"150\" src=\"https:\/\/centralmedia.rs\/wp-content\/uploads\/2022\/01\/uciteljski4-150x150.jpg\" class=\"attachment-thumbnail size-thumbnail\" alt=\"\" \/><\/a>\n\t\t\t<\/div><\/figure><figure class='gallery-item'>\n\t\t\t<div class='gallery-icon landscape'>\n\t\t\t\t<a href='https:\/\/centralmedia.rs\/index.php\/2022\/01\/31\/otvorena-izlozba-likovnih-radova-studenata-fakulteta-pedagoskih-nauka-u-jagodini\/uciteljski5\/'><img loading=\"lazy\" decoding=\"async\" width=\"150\" height=\"150\" src=\"https:\/\/centralmedia.rs\/wp-content\/uploads\/2022\/01\/uciteljski5-150x150.jpg\" class=\"attachment-thumbnail size-thumbnail\" alt=\"\" \/><\/a>\n\t\t\t<\/div><\/figure><figure class='gallery-item'>\n\t\t\t<div class='gallery-icon landscape'>\n\t\t\t\t<a href='https:\/\/centralmedia.rs\/index.php\/2022\/01\/31\/otvorena-izlozba-likovnih-radova-studenata-fakulteta-pedagoskih-nauka-u-jagodini\/uciteljski6\/'><img loading=\"lazy\" decoding=\"async\" width=\"150\" height=\"150\" src=\"https:\/\/centralmedia.rs\/wp-content\/uploads\/2022\/01\/uciteljski6-150x150.jpg\" class=\"attachment-thumbnail size-thumbnail\" alt=\"\" \/><\/a>\n\t\t\t<\/div><\/figure><figure class='gallery-item'>\n\t\t\t<div class='gallery-icon landscape'>\n\t\t\t\t<a href='https:\/\/centralmedia.rs\/index.php\/2022\/01\/31\/otvorena-izlozba-likovnih-radova-studenata-fakulteta-pedagoskih-nauka-u-jagodini\/uciteljski7\/'><img loading=\"lazy\" decoding=\"async\" width=\"150\" height=\"150\" src=\"https:\/\/centralmedia.rs\/wp-content\/uploads\/2022\/01\/uciteljski7-150x150.jpg\" class=\"attachment-thumbnail size-thumbnail\" alt=\"\" \/><\/a>\n\t\t\t<\/div><\/figure>\n\t\t<\/div>\n\n<p>Fakultet pedago\u0161kih nauka u Jagodini izdvaja se od drugih pedago\u0161kih fakulteta u zemlji po broju \u010dasova namenjenih realizaciji predmeta iz oblasti Likovne umetnosti sa metodikom, i posebno po broju izbornih predmeta iz oblasti likovne umetnosti koje nudi svojim studentima.<\/p>\n<p>Tokom proteklih godina pokazalo se da veliko interesovanje studenata za izbor i poha\u0111anje ovih predmeta nije tek rezultat &#8216;be\u017eanja&#8217; od knjige i klasi\u010dnih na\u010dina spremanja i polaganja ispita, ve\u0107 prepoznata \u0161ansa da se otisnu u svet lepog, umetnosti, likovnog istra\u017eivanja i stvaranja.<\/p>\n<p>Kvalitet likovne produkcije studenata FPNJ je na visokom nivou i govori u prilog tome da studenti u\u017eivaju u likovnim zadacima koji su pred njih postavljeni, i ula\u017eu znatan trud kako bi na iste odgovorili.<\/p>\n","protected":false},"excerpt":{"rendered":"<p>JAGODINA- Nova izlaga\u010dka sezona u galeriji Fakulteta pedago\u0161kih nauka u Jagodini otvorena je izlo\u017ebom likovnih radova studenata tog fakulteta. Predstavljeni radovi nastali su u okviru &hellip; <\/p>\n","protected":false},"author":2,"featured_media":30295,"comment_status":"open","ping_status":"open","sticky":false,"template":"","format":"standard","meta":{"footnotes":""},"categories":[14,1524,2,1514,12],"tags":[5688,723,58,213],"_links":{"self":[{"href":"https:\/\/centralmedia.rs\/index.php\/wp-json\/wp\/v2\/posts\/30294"}],"collection":[{"href":"https:\/\/centralmedia.rs\/index.php\/wp-json\/wp\/v2\/posts"}],"about":[{"href":"https:\/\/centralmedia.rs\/index.php\/wp-json\/wp\/v2\/types\/post"}],"author":[{"embeddable":true,"href":"https:\/\/centralmedia.rs\/index.php\/wp-json\/wp\/v2\/users\/2"}],"replies":[{"embeddable":true,"href":"https:\/\/centralmedia.rs\/index.php\/wp-json\/wp\/v2\/comments?post=30294"}],"version-history":[{"count":3,"href":"https:\/\/centralmedia.rs\/index.php\/wp-json\/wp\/v2\/posts\/30294\/revisions"}],"predecessor-version":[{"id":30306,"href":"https:\/\/centralmedia.rs\/index.php\/wp-json\/wp\/v2\/posts\/30294\/revisions\/30306"}],"wp:featuredmedia":[{"embeddable":true,"href":"https:\/\/centralmedia.rs\/index.php\/wp-json\/wp\/v2\/media\/30295"}],"wp:attachment":[{"href":"https:\/\/centralmedia.rs\/index.php\/wp-json\/wp\/v2\/media?parent=30294"}],"wp:term":[{"taxonomy":"category","embeddable":true,"href":"https:\/\/centralmedia.rs\/index.php\/wp-json\/wp\/v2\/categories?post=30294"},{"taxonomy":"post_tag","embeddable":true,"href":"https:\/\/centralmedia.rs\/index.php\/wp-json\/wp\/v2\/tags?post=30294"}],"curies":[{"name":"wp","href":"https:\/\/api.w.org\/{rel}","templated":true}]}}