{"id":30307,"date":"2022-02-01T09:33:12","date_gmt":"2022-02-01T08:33:12","guid":{"rendered":"http:\/\/centralmedia.rs\/?p=30307"},"modified":"2022-02-10T13:51:27","modified_gmt":"2022-02-10T12:51:27","slug":"palma-uskoro-veliki-pritisak-na-srbiju-lajcak-i-eskobar-ce-reci-da-su-albanci-prihvatili-izmenjenu-zajednicu-srpskih-opstina-i-trazice-zauzvrat-da-srbija-prizna-nezavisno-kosovo","status":"publish","type":"post","link":"https:\/\/centralmedia.rs\/index.php\/2022\/02\/01\/palma-uskoro-veliki-pritisak-na-srbiju-lajcak-i-eskobar-ce-reci-da-su-albanci-prihvatili-izmenjenu-zajednicu-srpskih-opstina-i-trazice-zauzvrat-da-srbija-prizna-nezavisno-kosovo\/","title":{"rendered":"PALMA : USKORO VELIKI PRITISAK NA SRBIJU, LAJ\u010cAK I ESKOBAR \u0106E RE\u0106I DA SU ALBANCI PRIHVATILI IZMENJENU ZAJEDNICU SRPSKIH OP\u0160TINA I TRA\u017dI\u0106E ZAUZVRAT DA SRBIJA PRIZNA NEZAVISNO KOSOVO"},"content":{"rendered":"<p>\u201cTo \u0107e se desiti, vide\u0107ete. Posrednici Evropske unije i Sjedinjenih Ameri\u010dkih Dr\u017eava Miroslav Laj\u010dak i Gabrijel Eskobar \u0107e nakon trodnevne posete Kosovu i Metohiji re\u0107i da su navodno ubedili kosovske Albance da prihvate Zajednicu srpskih op\u0161tina, ali izmenjenu u bitnim detaljima, tako da \u0107e je svesti na nevladinu organizaciju i re\u0107i \u0107e \u201cEvo Albanci su prihvatili Zajednicu srpskih op\u0161tina, a vi Srbi sada priznajte nezavisno Kosovo\u201d. To \u0107e se desiti u narednih par dana. To je njihova obaveza. A Albanci, koji su pre govorii da Zajednica srpskih op\u0161tina nije po njihovom ustavu, sada \u0107e re\u0107i da ova izmenjenja Zajednica srpskih op\u0161tina jeste po njihovom ustavu, jer nema nikakva ovla\u0161\u0107enja. Svi moramo da znamo da personalne promene ne menjaju globalnu politiku prema Srbiji, a globalna politika prema Srbiji bila je agresija i nametanje re\u0161enja. U tome nisu uspeli i sada se bore da izvr\u0161e dodatni pritisak na Srbiju, ali moraju da znaju da Srbija danas nije ono \u0161to je bila pre 10 &#8211; 12 godina. Danas Srbija nije ekonomski zavisna ni od koga, Srbija je danas ekonomski mo\u0107na i ne mora da pognute glave izvr\u0161ava nare\u0111enja, kao \u0161to je to bilo za vreme biv\u0161ih vlasti pre 10 \u2013 12 godina\u201d, izjavio je predsednik Jedinstvene Srbije Dragan Markovi\u0107 Palma gostuju\u0107i u emisiji \u201c\u0106irilica\u201d Hepi televizije.<\/p>\n<p>PONO\u0160 JE INTERES POJEDINACA IZ STRANAKA KOJE SU GA KANDIDOVALE, A NE GRA\u0110ANA SRBIJE<\/p>\n<p>Predsednik Jedinstvene Srbije Dragan Markovi\u0107 Palma je, govore\u0107i o kandidaturi navodnog zajedni\u010dkog kandidata dela opozicije u Srbiji rekao : \u201cNa sre\u0107u gra\u0111ana Srbije ne odlu\u010duju ti koji su kandidovali Pono\u0161a, ve\u0107 gra\u0111ani Srbije. Gra\u0111ani Srbije nisu zaboravili vreme kada su oni bili vlast, a koliko su bili dobri najbolje pokzauje \u010dinjenica da je iz jedne stranke, Demokratske stranke, nastalo 6 partija. Nije Pono\u0161 interes gra\u0111ana Srbije, on je interes pojedinaca iz tih stranaka i te koalicije. Za mene je neshvatljivo da neko ko ima i hrvatski i srpski paso\u0161 bude, ne predsednik Srbije, nego uop\u0161te i kandidat za predsednika Srbije. A njega su sa mesta na\u010delnika General\u0161taba Vojske Srbije smenili oni koji ga danas kandiduju. O\u010digledno je da Pono\u0161 niti je bio, niti \u0107e biti pravi predstavnik srpskog naroda i svih gra\u0111ana Srbije. Kod njega ne postoji ideologija, ve\u0107 samo interes pojedinaca. \u0160ta \u0107e on da pri\u010da u predizbornoj kampanji ? Da se Vojska Srbije vrati u njegovo vreme kada su topili topove i haubice i ostalo oru\u0111e i kada su otpustili i hapsili iskusne i ugledne oficire i generale na\u0161e Vojske samo zato \u0161to su branili svoju zemlju i svoj narod od NATO agresije. Ti na \u010delu sa Pono\u0161em koji sada \u017eele da se vrate na vlast, oni bi uveli i u Srbiji Inckov zakon i hapsili bi sve koji negiraju da se u Srebrenici desio genocid, koji po meni nije bio. Gra\u0111ani Srbije nikada takvu gre\u0161ku ne\u0107e napraviti i dati glas takvima. Nigde na svetu se nije desilo i ne de\u0161ava se, da vi od nekoga ko se kandiduje na izborima ne \u010dujete program, \u0161ta je to \u0161to je radio i \u0161ta je to \u0161to \u0107e uraditi. Gra\u0111ani \u0107e glasati za program i \u010dinjenice, a \u010dinjenica je da Srbija nikada nije bila popularnija u me\u0111unarodnim odnosima. Samo u nema\u010dkim fabrikama u Srbiji radi 70 000 gra\u0111ana Srbije. Za\u0161to su ti investitori do\u0161li iz najmo\u0107nije evropske dr\u017eave u jednu malu Srbiju ? Zato \u0161to postoji stabilnost dinara, ne menja se kurs evra, zato \u0161to postoji me\u0111unarodna popularnost i politi\u010dka stabilnost. Za to \u0107e gra\u0111ani glasati\u201d, rekao je Markovi\u0107.<\/p>\n","protected":false},"excerpt":{"rendered":"<p>\u201cTo \u0107e se desiti, vide\u0107ete. Posrednici Evropske unije i Sjedinjenih Ameri\u010dkih Dr\u017eava Miroslav Laj\u010dak i Gabrijel Eskobar \u0107e nakon trodnevne posete Kosovu i Metohiji re\u0107i &hellip; <\/p>\n","protected":false},"author":2,"featured_media":30308,"comment_status":"open","ping_status":"open","sticky":false,"template":"","format":"standard","meta":{"footnotes":""},"categories":[1524,2,1514,13,12],"tags":[5689,148,120,5682],"_links":{"self":[{"href":"https:\/\/centralmedia.rs\/index.php\/wp-json\/wp\/v2\/posts\/30307"}],"collection":[{"href":"https:\/\/centralmedia.rs\/index.php\/wp-json\/wp\/v2\/posts"}],"about":[{"href":"https:\/\/centralmedia.rs\/index.php\/wp-json\/wp\/v2\/types\/post"}],"author":[{"embeddable":true,"href":"https:\/\/centralmedia.rs\/index.php\/wp-json\/wp\/v2\/users\/2"}],"replies":[{"embeddable":true,"href":"https:\/\/centralmedia.rs\/index.php\/wp-json\/wp\/v2\/comments?post=30307"}],"version-history":[{"count":1,"href":"https:\/\/centralmedia.rs\/index.php\/wp-json\/wp\/v2\/posts\/30307\/revisions"}],"predecessor-version":[{"id":30309,"href":"https:\/\/centralmedia.rs\/index.php\/wp-json\/wp\/v2\/posts\/30307\/revisions\/30309"}],"wp:featuredmedia":[{"embeddable":true,"href":"https:\/\/centralmedia.rs\/index.php\/wp-json\/wp\/v2\/media\/30308"}],"wp:attachment":[{"href":"https:\/\/centralmedia.rs\/index.php\/wp-json\/wp\/v2\/media?parent=30307"}],"wp:term":[{"taxonomy":"category","embeddable":true,"href":"https:\/\/centralmedia.rs\/index.php\/wp-json\/wp\/v2\/categories?post=30307"},{"taxonomy":"post_tag","embeddable":true,"href":"https:\/\/centralmedia.rs\/index.php\/wp-json\/wp\/v2\/tags?post=30307"}],"curies":[{"name":"wp","href":"https:\/\/api.w.org\/{rel}","templated":true}]}}