{"id":30322,"date":"2022-02-02T19:17:20","date_gmt":"2022-02-02T18:17:20","guid":{"rendered":"http:\/\/centralmedia.rs\/?p=30322"},"modified":"2022-02-10T13:51:01","modified_gmt":"2022-02-10T12:51:01","slug":"fadila-mujic-iz-srebrenice-javno-se-hvalila-da-je-ucestvovala-u-napadu-na-kravice-za-bozic-kada-je-pocinjen-genocid-koji-nikada-nije-procesuiran-video","status":"publish","type":"post","link":"https:\/\/centralmedia.rs\/index.php\/2022\/02\/02\/fadila-mujic-iz-srebrenice-javno-se-hvalila-da-je-ucestvovala-u-napadu-na-kravice-za-bozic-kada-je-pocinjen-genocid-koji-nikada-nije-procesuiran-video\/","title":{"rendered":"FADILA MUJI\u0106 IZ SREBRENICE : Javno se hvalila da je u\u010destvovala u napadu na Kravice za Bo\u017ei\u0107 kada je po\u010dinjen genocid koji nikada nije procesuiran (VIDEO)"},"content":{"rendered":"<p>\u0408avnost u Srbiji i Republici Srpskoj zgro\u017eena je i \u0161okirana javnim priznanjem Srebreni\u010danke Fadile Muji\u0107 da je sa pripadnicima 28. divizije tzv. Armije BiH na Bo\u017ei\u0107 1993. godine, pod vo\u0111stvom krvnika Nasera Ori\u0107a, ,,upala&#8221; u selo Kravica gde su po\u010dinjeni masovni zlo\u010dini ili klasi\u010dni primer i definicija genocida istrebljenja Srba iz Podrinja jer su \u017ertve su bile u dobi od 4 do 89 godina. Za taj zlo\u010din genocida nikada niko nije odgovarao.<\/p>\n<div id='gallery-1' class='gallery galleryid-30322 gallery-columns-9 gallery-size-thumbnail'><figure class='gallery-item'>\n\t\t\t<div class='gallery-icon landscape'>\n\t\t\t\t<a href='https:\/\/centralmedia.rs\/index.php\/2021\/07\/12\/pomen-i-parastos-srbima-ubijenim-na-petrovdan-1992-godine-da-se-ne-zboravi-foto\/genocid-nad-srbima\/'><img loading=\"lazy\" decoding=\"async\" width=\"150\" height=\"150\" src=\"https:\/\/centralmedia.rs\/wp-content\/uploads\/2021\/07\/genocid-nad-srbima-150x150.jpg\" class=\"attachment-thumbnail size-thumbnail\" alt=\"\" \/><\/a>\n\t\t\t<\/div><\/figure><figure class='gallery-item'>\n\t\t\t<div class='gallery-icon landscape'>\n\t\t\t\t<a href='https:\/\/centralmedia.rs\/index.php\/2021\/07\/12\/pomen-i-parastos-srbima-ubijenim-na-petrovdan-1992-godine-da-se-ne-zboravi-foto\/genocid-nad-srbima1-2\/'><img loading=\"lazy\" decoding=\"async\" width=\"150\" height=\"150\" src=\"https:\/\/centralmedia.rs\/wp-content\/uploads\/2021\/07\/genocid-nad-srbima1-150x150.jpg\" class=\"attachment-thumbnail size-thumbnail\" alt=\"\" \/><\/a>\n\t\t\t<\/div><\/figure><figure class='gallery-item'>\n\t\t\t<div class='gallery-icon landscape'>\n\t\t\t\t<a href='https:\/\/centralmedia.rs\/index.php\/2021\/07\/12\/pomen-i-parastos-srbima-ubijenim-na-petrovdan-1992-godine-da-se-ne-zboravi-foto\/genocid-nad-srbima2\/'><img loading=\"lazy\" decoding=\"async\" width=\"150\" height=\"150\" src=\"https:\/\/centralmedia.rs\/wp-content\/uploads\/2021\/07\/genocid-nad-srbima2-150x150.jpg\" class=\"attachment-thumbnail size-thumbnail\" alt=\"\" \/><\/a>\n\t\t\t<\/div><\/figure><figure class='gallery-item'>\n\t\t\t<div class='gallery-icon landscape'>\n\t\t\t\t<a href='https:\/\/centralmedia.rs\/index.php\/2021\/07\/12\/pomen-i-parastos-srbima-ubijenim-na-petrovdan-1992-godine-da-se-ne-zboravi-foto\/genocid-nad-srbima3\/'><img loading=\"lazy\" decoding=\"async\" width=\"150\" height=\"150\" src=\"https:\/\/centralmedia.rs\/wp-content\/uploads\/2021\/07\/genocid-nad-srbima3-150x150.jpg\" class=\"attachment-thumbnail size-thumbnail\" alt=\"\" \/><\/a>\n\t\t\t<\/div><\/figure><figure class='gallery-item'>\n\t\t\t<div class='gallery-icon landscape'>\n\t\t\t\t<a href='https:\/\/centralmedia.rs\/index.php\/2021\/07\/12\/pomen-i-parastos-srbima-ubijenim-na-petrovdan-1992-godine-da-se-ne-zboravi-foto\/genocid-nad-srbima4jpg\/'><img loading=\"lazy\" decoding=\"async\" width=\"150\" height=\"150\" src=\"https:\/\/centralmedia.rs\/wp-content\/uploads\/2021\/07\/genocid-nad-srbima4jpg-150x150.jpg\" class=\"attachment-thumbnail size-thumbnail\" alt=\"\" \/><\/a>\n\t\t\t<\/div><\/figure><figure class='gallery-item'>\n\t\t\t<div class='gallery-icon landscape'>\n\t\t\t\t<a href='https:\/\/centralmedia.rs\/index.php\/2021\/07\/12\/pomen-i-parastos-srbima-ubijenim-na-petrovdan-1992-godine-da-se-ne-zboravi-foto\/genocid-nad-srbima11\/'><img loading=\"lazy\" decoding=\"async\" width=\"150\" height=\"150\" src=\"https:\/\/centralmedia.rs\/wp-content\/uploads\/2021\/07\/genocid-nad-srbima11-150x150.jpg\" class=\"attachment-thumbnail size-thumbnail\" alt=\"\" \/><\/a>\n\t\t\t<\/div><\/figure><figure class='gallery-item'>\n\t\t\t<div class='gallery-icon landscape'>\n\t\t\t\t<a href='https:\/\/centralmedia.rs\/index.php\/2021\/07\/12\/pomen-i-parastos-srbima-ubijenim-na-petrovdan-1992-godine-da-se-ne-zboravi-foto\/genocid-nad-srbima10\/'><img loading=\"lazy\" decoding=\"async\" width=\"150\" height=\"150\" src=\"https:\/\/centralmedia.rs\/wp-content\/uploads\/2021\/07\/genocid-nad-srbima10-150x150.jpg\" class=\"attachment-thumbnail size-thumbnail\" alt=\"\" \/><\/a>\n\t\t\t<\/div><\/figure><figure class='gallery-item'>\n\t\t\t<div class='gallery-icon landscape'>\n\t\t\t\t<a href='https:\/\/centralmedia.rs\/index.php\/2021\/07\/12\/pomen-i-parastos-srbima-ubijenim-na-petrovdan-1992-godine-da-se-ne-zboravi-foto\/genocid-nad-srbima9\/'><img loading=\"lazy\" decoding=\"async\" width=\"150\" height=\"150\" src=\"https:\/\/centralmedia.rs\/wp-content\/uploads\/2021\/07\/genocid-nad-srbima9-150x150.jpg\" class=\"attachment-thumbnail size-thumbnail\" alt=\"\" \/><\/a>\n\t\t\t<\/div><\/figure><figure class='gallery-item'>\n\t\t\t<div class='gallery-icon landscape'>\n\t\t\t\t<a href='https:\/\/centralmedia.rs\/index.php\/2021\/07\/12\/pomen-i-parastos-srbima-ubijenim-na-petrovdan-1992-godine-da-se-ne-zboravi-foto\/genocid-nad-srbima6\/'><img loading=\"lazy\" decoding=\"async\" width=\"150\" height=\"150\" src=\"https:\/\/centralmedia.rs\/wp-content\/uploads\/2021\/07\/genocid-nad-srbima6-150x150.jpg\" class=\"attachment-thumbnail size-thumbnail\" alt=\"\" srcset=\"https:\/\/centralmedia.rs\/wp-content\/uploads\/2021\/07\/genocid-nad-srbima6-150x150.jpg 150w, https:\/\/centralmedia.rs\/wp-content\/uploads\/2021\/07\/genocid-nad-srbima6-300x300.jpg 300w, https:\/\/centralmedia.rs\/wp-content\/uploads\/2021\/07\/genocid-nad-srbima6-768x768.jpg 768w, https:\/\/centralmedia.rs\/wp-content\/uploads\/2021\/07\/genocid-nad-srbima6-420x420.jpg 420w, https:\/\/centralmedia.rs\/wp-content\/uploads\/2021\/07\/genocid-nad-srbima6-640x640.jpg 640w, https:\/\/centralmedia.rs\/wp-content\/uploads\/2021\/07\/genocid-nad-srbima6-681x681.jpg 681w, https:\/\/centralmedia.rs\/wp-content\/uploads\/2021\/07\/genocid-nad-srbima6.jpg 1000w\" sizes=\"(max-width: 150px) 100vw, 150px\" \/><\/a>\n\t\t\t<\/div><\/figure>\n\t\t<\/div>\n\n<p>Fadila Muji\u0107 iz Srebrenice, za medije BH, nedvosmisleno svjedo\u010di o plja\u010dki, otima\u010dini, ubistvima i to na najradosniji pravoslavni praznik.<\/p>\n<p>Organizacije proistekle iz Odbrambeno-otad\u017ebinskog rata pozivaju nadle\u017ene pravosudne institucije da hitno reaguju.<\/p>\n<p>https:\/\/youtu.be\/fk-hEyh4kj4<\/p>\n<p>Najmla\u0111a \u017ertva muslimanskog terora bio je \u010detvorogodi\u0161nji Vladimir Gaji\u0107<\/p>\n<p>Masakr u selu Kravica\u00a0predstavlja jedan od najmasovnijih i najbrutalnijih zlo\u010dina nad srpskim stanovni\u0161tvom u Podrinju. Posebnu pa\u017enju privla\u010di \u010dinjenica da je zlo\u010din po\u010dinjen upravo na\u00a0najve\u0107i pravoslavni praznik Bo\u017ei\u0107.<\/p>\n<p data-wtg-lazy=\"1\">Najmla\u0111a \u017ertva muslimanskog terora bio je \u010detvorogodi\u0161nji Vladimir Gaji\u0107 koji je poginuo tokom izbegli\u0161tva 1993. u Bratuncu, dok je najstarija bila nepokretna starica Mara Bo\u017ei\u0107, stara 89 godina.<\/p>\n<p data-wtg-lazy=\"2\">Stradalo je 162. Srba iz ovog mesta i susednih zaselaka u odbrambeno-otad\u017ebinskom ratu, od kojih su njih 49 ubile muslimanske snage iz Srebrenice na pravoslavni Bo\u017ei\u0107, 7. januara 1993. godine.<\/p>\n<p>Me\u0111utim, odbijaju da ka\u017eu gde su masovne grobnice i posmrtni ostaci ubijenih srpskih \u017eena, civila i zarobljenika.<\/p>\n<p data-wtg-lazy=\"8\">Napad na Kravicu predstavlja \u010dist primer agresije muslimanske tzv. Armije BiH na podru\u010dja naseljena srpskim stanovni\u0161tvom i ovaj masakr ima brojne elemente genocida. Prema izjavi Zulfe Tursunovi\u0107a i drugih u\u010desnika u masakru u selu Kravica, cilj napada na ovo srpsko mesto bio je da se da se pro\u0161iri muslimanska teritorija tako \u0161to bi se Srebrenica povezala sa podru\u010djem Kravice.<\/p>\n<p data-wtg-lazy=\"9\">Muslimanski vojnici na \u010delu sa komandantom Naserom Ori\u0107em, ratnim zlo\u010dincem, sa namerom su organizovali zlo\u010din ba\u0161 na ovaj veliki hri\u0161\u0107anski praznik jer su pretpostavljali da \u0107e me\u0161tani biti zauzeti obele\u017eavanjem praznika i da ne\u0107e pru\u017eati otpor.<\/p>\n<p>Jedini cilj napada na Kravicu bilo je istrebljenje srpskog civilnog stanovni\u0161tva.<\/p>\n<p data-wtg-lazy=\"11\">Sve \u017ertve su bili sasvim obi\u010dni ljudi &#8211; seljaci, zemljoradnici, doma\u0107ice, penzioneri&#8230;nije tu bilo nikakve organizovane vojske niti brigade, re\u010d je o civilima koji su bili prinu\u0111eni da brane svoje \u017eivote, zatim \u017eivote neja\u010di (\u017eena, dece i staraca) i svoja ognji\u0161ta koja su bila napadnuta. Me\u0111u 49-oro ubijenih je bilo 25 civila, dok su 24-oro bili branioci sela. Veoma je licemerno i nezahvalno govoriti o ovih 24-oro stradalnika kao o vojnicima jer ove \u017ertve nisu stradale u borbama ve\u0107 su masakrirani na ku\u0107nom pragu.<\/p>\n<p data-wtg-lazy=\"12\">To su bili tako\u0111e civili &#8211; zemljoradnici, poljoprivrednici, u\u010ditelji koji su pod pretnjom istrebljenja i genocida bili prinu\u0111eni da uzmu oru\u017eje u ruke kako bi odbranili sebe i neja\u010d od agresora.<\/p>\n<p>Toga dana kada je trebalo da Srbi obele\u017ee najradosniji praznik \u2013 ro\u0111enje Isusa Hrista, celo selo je zavijeno u crno. Selo je oplja\u010dkano i zapaljeno je 688 srpskih ku\u0107a na \u0161irem podru\u010dju Kravice, oko 2.000 pomo\u0107nih i 27 dru\u0161tvenih objekata.<\/p>\n<p data-wtg-lazy=\"14\">Oko 1.000 stanovnika ostalo je bez domova u jednom danu i kroz smetove se probilo prema Drini izbegav\u0161i sigurnu smrt. Bez jednog ili oba roditelja ostalo je 101 dete. Obdukciju ubijenih civila radio je tim na \u010delu sa istaknutim patologom Zoranom Stankovi\u0107em koji je jo\u0161 tada konstatovao stravi\u010dne povrede kod svih \u017ertava. Malo ko je stradao samo od metka. Gotovo sve \u017ertve su mu\u010dene i zlostavljane pre smrti. Oko polovine \u017ertava, uklju\u010duju\u0107i \u017eene i starce, ubijeni su tako \u0161to su im nakon mu\u010denja odse\u010dene glave. To je ina\u010de bio ritualni metod ubijanja koji je za bo\u0161nja\u010dke vojnike tada imao simboli\u010dki karakter a taj metod ubijanja su bo\u0161nja\u010dke fa\u0161isti\u010dke jedinice primenjivale jo\u0161 tokom Drugog svetskog rata.<\/p>\n<p>Napad na Kravicu bio je samo jedan u nizu dobro organizovanih vojih pohoda par hiljada naoru\u017eanih &#8220;ori\u0107evaca&#8221;.<\/p>\n<p>Nakon Blje\u010deve, Lozni\u010dke Rijeke, Zagona, Krnji\u0107a, Zalazja, Maga\u0161i\u0107a, Hran\u010de, Podravanja, Fakovi\u0107a, i Bjelovca, u crno je zavijena i Kravica. Prema re\u010dima nekih pre\u017eivelih svedoka, nije poznato da li je bilo silovanja ali su mnoge \u017eene mu\u010dene, zlostavljane i \u0161amarane. Vrisci i jauci zarobljenih \u017eena i starica su odjekivali kilometrima. Neke su posle napada prona\u0111ene zaklane, a neke se i danas vode na evidenciji nestalih lica.<\/p>\n<p>Nepokretnu Tankosavu Stevanovi\u0107 (54) muslimanski vojnici su zarobili da bi je nakon strahovitih tortura usmrtili. Patolog je utvrdio 17 ubodnih rana na njenom telu koje su nanete o\u0161trim predmetom, no\u017eem ili ma\u010detom. Ljubica Bo\u017ei\u0107 je ispri\u010dala medijima kako su joj muslimanski vojnici ubili supruga Stevu nedaleko od porodi\u010dne ku\u0107e, dok su njenu nepokretnu svekrvu Maru Bo\u017ei\u0107 (89) \u017eivu zapalili nakon mu\u010denja.<\/p>\n<p>Njeni posmrtni ostaci identifikovani su tek 2006. na zgari\u0161tu zapaljenog doma. Na listi nestalih i dalje se nalaze Nevenka \u0110ukanovi\u0107 (46) i Vidosava Tri\u0161i\u0107 (45) koje su zarobljene u svojim ku\u0107ama dok su najverovatnije pripremale bo\u017ei\u0107nu trpezu. Nevenkina sestra je \u010dula pri\u010de kako su nesre\u0107noj \u017eeni nakon zlostavljanja ori\u0107evi vojnici odsekli glavu.<\/p>\n<p>Radojka Filipovi\u0107, neumorni borac za prava \u017ertava i iskreni borac za istinu, ina\u010de predsednica Organizacije porodica zarobljenih i poginulih boraca i nestalih civila op\u0161tine Bratunac, izgubila je tokom rata veliki broj \u010dlanova u\u017ee i \u0161ire familije. U Bjelovcu su joj ubijeni suprug, svekar i brojni ro\u0111aci a u Lozni\u010dkoj Rijeci muslimani su joj ubili nekoliko ro\u0111aka me\u0111u kojima je bila i Verica Filipovi\u0107, devojka od nepunih 17 godina. U Kravici su muslimanski zlo\u010dinci ubili Radojkinu baku Krstinu (81) i deku Negoslava Eri\u0107a (80) koje su nakon torture zapalili u sopstvenoj ku\u0107i. Ljubica Oba\u010dki\u0107 (75) je brutalno ubijena u porodi\u010dnoj ku\u0107i tako \u0161to su je izboli no\u017eem u njedra a brojne povrede registrovane su i na glavi.<\/p>\n<p>Mitru\u0161a Bogi\u010devi\u0107 ranjena je pred svojom ku\u0107om a u krvavom napadu ubijeni su joj suprug Slobodan i sin Novica, de\u010dak od samo petnaest godina. &#8211; Ja sam izgubila mu\u017ea na ku\u0107nom pragu. I sin mi je bio ranjen, a izumro je pored mene na nosilima. Ja sam ranjena kroz obe noge. Mene su odvezli u bolnicu, a njega na groblje, da ga sahrane&#8230; &#8211; rekla je ova \u017eena. Radmilu Luki\u0107 (54) su muslimanski vojnici prvo izmasakrirali pa njeno telo bacili \u017eivotinjama a u napadu su ubijeni i Radenko Radovi\u0107 (18), Drago Lazi\u0107 (80), Vladimir Stojanovi\u0107 (79), Milo Joki\u0107 (68), Vaso Nikoli\u0107 (73), Radoje Pavlovi\u0107 (60), Mitar Nikoli\u0107 (66), Risto Popovi\u0107 (73), Krstivoje \u0110ukanovi\u0107 (60), Novak Simi\u0107 (60) i mnogi drugi.<\/p>\n<p><strong>An\u0111a \u0110ukanovi\u0107 iz Bratunca 24 godina traga za mu\u017eem Ivanom koji je nestao u Kravici 7. januara 1993. godine, nakon napada snaga Armije BiH. Ku\u0107a je izgorela, a s njom i sve uspomene. Od njega ima tek fotografiju sa li\u010dne karte koju je uzela iz policijske arhive i d\u017eemper prona\u0111en u jednoj od grobnica.<\/strong><\/p>\n<p>&#8211; Izgubila sam mu\u017ea, nestao 7. januara \u201993. Kad se to dogodilo, ja sam do\u0161la kad su kupljeni mrtvi, le\u0161evi kad su kupljeni. Samo d\u017eemper njegov. Jer je bio doktor, doktor Stankovi\u0107 Zoran. On je bi o tu i pregledao i ja kad sam otvorila vre\u0107u vidjela sam da nema ni\u0161ta od mog mu\u017ea.<\/p>\n<p>Pola vilice je bilo i ja sam izvadila onu vilicu i ka\u017eem:\u2019<em>Doktore, ovo mog mu\u017ea zubi nisu.\u2019 \u2019Kako zna\u0161?\u2019 \u2019Znam, ja nisam sa njim \u017eivjela pet dana, nego sam \u017eivjela 14 godina.\u2019, se\u0107a se An\u0111a. Tra\u017eila je, ka\u017ee, svuda i \u010dula razne pri\u010de o tome da joj je mu\u017e \u017eiv. &#8211; Bile su pri\u010de \u017eiv je, ovdje je, ondje \u2013 nikad nigdje. Mlad je on, 37 godina njegove mladosti. Bavio se gra\u0111evinom. Bio je dobar majstor gra\u0111evinski, zavr\u0161io tu gra\u0111evinsku \u0161kolu. Da mi je saznati da li je mrtav, da li je \u017eiv, da li da se na\u0111e i\u0161ta od njiga, nije bitno \u0161ta je. I danas danile ka\u017eem i danas danile mi je to te\u0161ko. Bio je dobar otac. Imam k\u0107erku, ostala od osam godina iza njega. On je stvarno nju volio. Volio je i obadva sina. Imam dva sina i k\u0107erku. Volio je, kakvi, ali&#8230; Vjerujte da ni sliku njegovu nisam imala dok nisam uzela iz SUP-a od li\u010dne karte. Pogojrelo sve. Ostali bez i\u0161ta. Kad mi mo\u017eemo da ka\u017eemo za njihove gdje su, na\u0161i kad mogu da ka\u017eu za njihove gdje su, \u0161to i oni ne ka\u017eu za na\u0161e gdje su. Mi smo \u017ertve sve iste. I majke sve isto pla\u010du, supruge isto, i djeca i sve. U tom mome selu izginulo je pet pari po dva brata, otac i sin, 46 \u017ertava palo na Bo\u017ei\u0107, na na\u0161 najve\u0107i praznik kome se svi radujemo. 1992. 29. Novembra, tad je do\u0161ao u \u0160abac, ja sam bila u \u0160apcu sa djecom u izbjegli\u0161tvu, da vidi mene i djecu. I od tada vi\u0161e nikad. Nikad vi\u0161e ni\u0161ta &#8211; ni mrtvoga ni \u017eivoga, ni\u0161ta od njega. Samo \u0161to sam taj d\u017eemper prona\u0161la. Mi nismo bili u zavadi, ni s kim se svadili nismo. Da ti ka\u017eem iskreno, u nas u tom selu nije ni bilo muslimana. Bilo je selo do nas, bilo je ispod nas sela, ali uvijek smo bili dobri<\/em>&#8221; &#8211; kroz pla\u010d je ispri\u010dala An\u0111a.<\/p>\n<p>Naser Ori\u0107 i njegovi saborci su prilikom napada na Kravicu oskrnavili i zapalili pravoslavnu Crkvu svetih apostola Petra i Pavla a masakrirali pravoslavnog sve\u0161tenika i jednu \u017eenu koja je tog jutra do\u0161la na molitvu. Svoj bolesni i bezumni \u010din, ori\u0107evi vojnici su snimili kamerom. Prilikom napada su o\u0161tetili i izlomili gotovo sve ikone, a dragocenosti i novac namenjen crkvi pokrali i oplja\u010dkali. Oskrnavili su i zidne freske preko kojih su ispisali brojne pogrdne i vulgarne poruke. Crkva je gotovo u potpunosti spaljena i demolirana a sli\u010dnu sudbinu je do\u017eivelo i seosko groblje. Mnogobrojna imovina Srba iz Kravice koju su oplja\u010dkali ori\u0107evi vojnici, prona\u0111ena je u Srebrenici u julu 1995. godine po ulasku pripadnika srpske vojske u ovaj grad.<\/p>\n<p>Ubice iz Kravice nikada nisu odgovarale za po\u010dinjene zlo\u010dine a mnogi u\u010desnici masakra nad Srbima, kao i njihovi nadre\u0111eni, danas \u017eive kao slobodni gra\u0111ani &#8211; vode razne organizacije, obavljaju visoke funkcije u Federaciji BiH, u\u017eivaju sve privilegije dru\u0161tva! Mnogi \u017eive i rasuti po svetu u velikom bogatstvu a pozama\u0161an broj njih se vratio u Bratunac te se vode kao povratnici. Neki napada\u010di na Kravicu i po\u010dinioci te\u0161kih zlo\u010dina umrli su prirodnom smr\u0107u nakon rata kao slobodni gra\u0111ani. Drugi su, pak, stradali u julu 1995. godine i vode se kao &#8220;\u017ertve genocida&#8221;.<\/p>\n<p>Kori\u0161\u0107eni izvori: Milivoje Ivani\u0161evi\u0107 &#8211; &#8220;Hronika na\u0161eg groblja&#8221;<\/p>\n","protected":false},"excerpt":{"rendered":"<p>\u0408avnost u Srbiji i Republici Srpskoj zgro\u017eena je i \u0161okirana javnim priznanjem Srebreni\u010danke Fadile Muji\u0107 da je sa pripadnicima 28. divizije tzv. Armije BiH na &hellip; <\/p>\n","protected":false},"author":2,"featured_media":30096,"comment_status":"open","ping_status":"open","sticky":false,"template":"","format":"standard","meta":{"footnotes":""},"categories":[20,2,12],"tags":[3280,5655,5692,3415],"_links":{"self":[{"href":"https:\/\/centralmedia.rs\/index.php\/wp-json\/wp\/v2\/posts\/30322"}],"collection":[{"href":"https:\/\/centralmedia.rs\/index.php\/wp-json\/wp\/v2\/posts"}],"about":[{"href":"https:\/\/centralmedia.rs\/index.php\/wp-json\/wp\/v2\/types\/post"}],"author":[{"embeddable":true,"href":"https:\/\/centralmedia.rs\/index.php\/wp-json\/wp\/v2\/users\/2"}],"replies":[{"embeddable":true,"href":"https:\/\/centralmedia.rs\/index.php\/wp-json\/wp\/v2\/comments?post=30322"}],"version-history":[{"count":5,"href":"https:\/\/centralmedia.rs\/index.php\/wp-json\/wp\/v2\/posts\/30322\/revisions"}],"predecessor-version":[{"id":30327,"href":"https:\/\/centralmedia.rs\/index.php\/wp-json\/wp\/v2\/posts\/30322\/revisions\/30327"}],"wp:featuredmedia":[{"embeddable":true,"href":"https:\/\/centralmedia.rs\/index.php\/wp-json\/wp\/v2\/media\/30096"}],"wp:attachment":[{"href":"https:\/\/centralmedia.rs\/index.php\/wp-json\/wp\/v2\/media?parent=30322"}],"wp:term":[{"taxonomy":"category","embeddable":true,"href":"https:\/\/centralmedia.rs\/index.php\/wp-json\/wp\/v2\/categories?post=30322"},{"taxonomy":"post_tag","embeddable":true,"href":"https:\/\/centralmedia.rs\/index.php\/wp-json\/wp\/v2\/tags?post=30322"}],"curies":[{"name":"wp","href":"https:\/\/api.w.org\/{rel}","templated":true}]}}