{"id":30353,"date":"2022-02-08T10:36:30","date_gmt":"2022-02-08T09:36:30","guid":{"rendered":"http:\/\/centralmedia.rs\/?p=30353"},"modified":"2022-02-10T13:50:38","modified_gmt":"2022-02-10T12:50:38","slug":"palma-opozicija-u-srbiji-je-kao-kalimero","status":"publish","type":"post","link":"https:\/\/centralmedia.rs\/index.php\/2022\/02\/08\/palma-opozicija-u-srbiji-je-kao-kalimero\/","title":{"rendered":"PALMA : OPOZICIJA U SRBIJI JE KAO KALIMERO"},"content":{"rendered":"<p>\u201cPredlo\u017ei\u0107u predsedniku Vu\u010di\u0107u da ispred svih kapitalnih objekata koje je ova vlast izgradila postavi statue po jednog Kalimera, poznatog lika iz jednog crtanog filma, koji smo svi gledali u detinjstvu, a \u010diji glavna re\u010denica je bila \u201cto je nepravda\u201d i da ta statua simbolizuje opoziciju u Srbiji koja za sve \u0161to se radi u na\u0161oj dr\u017eavi govori da je nepravda. Za opoziciju u Srbiji nepravda su izgra\u0111eni autoputevi, nepravda su izgra\u0111eni klini\u010dki centri, nepravda je pove\u0107anje plata i penzija, nepravda je me\u0111unarodna popularnost Srbije, nepravda je smanjenje nezaposlenosti i tako dalje, za njih je sve nepravda. Ali treba da postavimo i jednog velikog Kalimera koji bi simbolizovao to \u0161to Dragan \u0110ilas nije procesuiran za to \u0161to je tukao svoju \u017eenu i njenog oca ispred njihove maloletne dece. E to je prava nepravda. Opozicija u Srbiji sada obe\u0107ava lekarima platu od 1000 evra kada do\u0111e na vlast. Oni se ne razumeju u pare, neka pitaju lekare kolika im je danas plata, a kolika je bila kada je dana\u0161nja opozicija bila na vlasti. Samo kritikuju i vi\u010du \u201cto je nepravda\u201d kao Kalimero. Ali na predstoje\u0107im izborima ne\u0107e pro\u0107i la\u017ei, bljuvotine i prevare opozicije, pro\u0107i \u0107e samo dela, dela ne mogu da se sakriju\u201d, rekao je predsednik Jedinstvene Srbije Dragan Markovi\u0107 Palma gostuju\u0107i na televiziji Hepi.<\/p>\n<p><img loading=\"lazy\" decoding=\"async\" class=\"alignnone wp-image-30355 size-medium\" src=\"http:\/\/centralmedia.rs\/wp-content\/uploads\/2022\/02\/palma-happy1-300x170.jpg\" alt=\"\" width=\"300\" height=\"170\" srcset=\"https:\/\/centralmedia.rs\/wp-content\/uploads\/2022\/02\/palma-happy1-300x170.jpg 300w, https:\/\/centralmedia.rs\/wp-content\/uploads\/2022\/02\/palma-happy1-768x434.jpg 768w, https:\/\/centralmedia.rs\/wp-content\/uploads\/2022\/02\/palma-happy1-1024x579.jpg 1024w, https:\/\/centralmedia.rs\/wp-content\/uploads\/2022\/02\/palma-happy1-743x420.jpg 743w, https:\/\/centralmedia.rs\/wp-content\/uploads\/2022\/02\/palma-happy1-640x362.jpg 640w, https:\/\/centralmedia.rs\/wp-content\/uploads\/2022\/02\/palma-happy1-681x385.jpg 681w, https:\/\/centralmedia.rs\/wp-content\/uploads\/2022\/02\/palma-happy1-1021x580.jpg 1021w, https:\/\/centralmedia.rs\/wp-content\/uploads\/2022\/02\/palma-happy1.jpg 1600w\" sizes=\"(max-width: 300px) 100vw, 300px\" \/><\/p>\n<p>JA VODIM NARODNU DIPLOMATIJU I JA SAM JEDAN OD POLJOPRIVEDNIKA, PRIVREDNIKA, SPORTISTA I PORODI\u010cNIH LJUDI<\/p>\n<p>Tokom gostovanja Markovi\u0107a na televiziji Hepi bio je prikazan i deo filma o njegovim me\u0111unarodnim aktivnostima. \u201cOsim poseta mnogima zemljama na visokom nivou, od SAD, Rusije, Turske, Gr\u010dke, Egipta, Austrije, Italije, Rumunije, Bugarske, veliki broj ambasadora i diplomata bio je i u Jagodini, iako ja, niti sam imao niti imam ministarsku funkciju. Poenta je da nije Srbija samo Beograd, ve\u0107 i Jagodina, Leskovac, Kraljevo, Kragujevac, U\u017eice, \u010ca\u010dak, Subotica, Zaje\u010dar, Po\u017earevac, Ni\u0161, Smederevo i tako dalje i kada oni do\u0111u kod nas da im mi iz unutra\u0161njosti potvrdimo da ono \u0161to se poslednjih 10 godina radi u Srbiji nikada ranije nije bilo. Da Srbija ima politi\u010dku stabilnost, ekonomsku sigurnost, da se ne menja kurs evra, da nikada Srbija nije bila popularnija u me\u0111unarodnim odnosima, da nikada ve\u0107i broj investitora nije dolazio u Srbiju i otvorio svoje fabrike. I ja sam celo vreme vodio i vodim narodnu diplomatiju i jedan sam mali \u0161raf u promociji Srbije u svetu i stvaranja bolje slike o na\u0161oj zemlji. Od 2004. godine do danas oko 65 000 gra\u0111ana sa teritorije grada Jagodine je negde putovalo u mojoj organizaciji, u tu uklju\u010dujem osnovce i srednjo\u0161kolce koji su letovali u Crnoj Gori i Gr\u010dkoj i samo za ta letovanja dece se pla\u0107alo iz gradskog bud\u017eeta Jagodine, sve ostalo od donatora. Samo pro\u0161le kovid godine vodio sam 2000 ljudi u Egipat i Gr\u010dku i to 300 lekara i medicinskih sestara i tehni\u010dara iz kovid zona iz 35 gradova Srbije u Egipat, zatim 600 lekara u Paraliju i 1000 poljoprivrednika iz cele Srbije u Gr\u010dku i sve to od donatora. Lekare i medicinske sestre vodim jer su to na\u0161i heroji u ovim kovid vremenima i zato \u0161to su mnogo \u017eivota spasili. Za\u0161to vodim poljoprivrednike, zato \u0161to sam ja jedan od njih i znam njihove muke, \u017eivim na selu i bavim se poljoprivredom. Ja sam i poljoprivrednik i politi\u010dar. Ja sam i jedan od privrednika jer 40 godina sam privatnik i imam preduze\u0107e. Ja sam i jedan od sportista jer se ceo \u017eivot bavim sportom ili kao sportista ili kao sportski radnik. I ja sam jedan od porodi\u010dnih ljudi jer \u017eivim u 11 &#8211; \u010dlanoj porodici. Nisam politi\u010dar op\u0161te prakse, ali sam se sa svime bavio u \u017eivotu osim kriminalom.\u201d, izjavio je Markovi\u0107.<\/p>\n","protected":false},"excerpt":{"rendered":"<p>\u201cPredlo\u017ei\u0107u predsedniku Vu\u010di\u0107u da ispred svih kapitalnih objekata koje je ova vlast izgradila postavi statue po jednog Kalimera, poznatog lika iz jednog crtanog filma, koji &hellip; <\/p>\n","protected":false},"author":2,"featured_media":30354,"comment_status":"open","ping_status":"open","sticky":false,"template":"","format":"standard","meta":{"footnotes":""},"categories":[1524,2,1514,13,12],"tags":[5695,5696,532,120],"_links":{"self":[{"href":"https:\/\/centralmedia.rs\/index.php\/wp-json\/wp\/v2\/posts\/30353"}],"collection":[{"href":"https:\/\/centralmedia.rs\/index.php\/wp-json\/wp\/v2\/posts"}],"about":[{"href":"https:\/\/centralmedia.rs\/index.php\/wp-json\/wp\/v2\/types\/post"}],"author":[{"embeddable":true,"href":"https:\/\/centralmedia.rs\/index.php\/wp-json\/wp\/v2\/users\/2"}],"replies":[{"embeddable":true,"href":"https:\/\/centralmedia.rs\/index.php\/wp-json\/wp\/v2\/comments?post=30353"}],"version-history":[{"count":1,"href":"https:\/\/centralmedia.rs\/index.php\/wp-json\/wp\/v2\/posts\/30353\/revisions"}],"predecessor-version":[{"id":30356,"href":"https:\/\/centralmedia.rs\/index.php\/wp-json\/wp\/v2\/posts\/30353\/revisions\/30356"}],"wp:featuredmedia":[{"embeddable":true,"href":"https:\/\/centralmedia.rs\/index.php\/wp-json\/wp\/v2\/media\/30354"}],"wp:attachment":[{"href":"https:\/\/centralmedia.rs\/index.php\/wp-json\/wp\/v2\/media?parent=30353"}],"wp:term":[{"taxonomy":"category","embeddable":true,"href":"https:\/\/centralmedia.rs\/index.php\/wp-json\/wp\/v2\/categories?post=30353"},{"taxonomy":"post_tag","embeddable":true,"href":"https:\/\/centralmedia.rs\/index.php\/wp-json\/wp\/v2\/tags?post=30353"}],"curies":[{"name":"wp","href":"https:\/\/api.w.org\/{rel}","templated":true}]}}