{"id":30376,"date":"2022-02-11T11:56:23","date_gmt":"2022-02-11T10:56:23","guid":{"rendered":"http:\/\/centralmedia.rs\/?p=30376"},"modified":"2022-02-15T14:23:01","modified_gmt":"2022-02-15T13:23:01","slug":"palma-podneo-novu-tuzbu-protiv-marinike-tepic-zbog-najnovijih-lazi-koje-je-izgovorila","status":"publish","type":"post","link":"https:\/\/centralmedia.rs\/index.php\/2022\/02\/11\/palma-podneo-novu-tuzbu-protiv-marinike-tepic-zbog-najnovijih-lazi-koje-je-izgovorila\/","title":{"rendered":"PALMA PODNEO NOVU TU\u017dBU PROTIV MARINIKE TEPI\u0106 ZBOG NAJNOVIJIH LA\u017dI KOJE JE IZGOVORILA"},"content":{"rendered":"<p>JAGODINA-\u201eDanas sam Osnovnom sudu u Jagodini podneo tu\u017ebu, zbog povrede ugleda i \u010dasti, protiv Marinike Tepi\u0107, radnice siled\u017eije i zlostavlja\u010da \u017eena Dragana \u0110ilasa, zbog najnovijih la\u017ei koje je iznela u dokumentarnom filmu \u201eJunaci doba zlog\u201c, emitovanog 09. 02. 2022. godine na TV N1\u201c, izjavio je predsednik Jedinstvene Srbije Dragan Markovi\u0107 Palma. \u201eTepi\u0107 je izjavila da je navodno jedna devojka januara 2019. godine u jednom od navodnih stanova u Jagodini koji su navodno slu\u017eili za podvo\u0111enje maloletnica, bila navodno seksualno toliko zlostavljana, da je navodno zavr\u0161ila u bolnici i da su navodno lekari pozvali policiju i da je navodno do\u0161lo do smena u jagodinskoj policiji i da je navodno tu informaciju dobila od jednog navodnog policijskog slu\u017ebenika. La\u017eov Marinka Tepi\u0107 je ceo taj navodni slu\u010daj povezala sa mojim imenom. U slu\u010daju takvih krivi\u010dnih dela mora postojati trag u bolnici ili Domu zdravlja ili u policijskim zapisnicima. Op\u0161ta bolnica u Jagodini, za koju Tepi\u0107 tvrdi da se u istu prijavila navodna zlostavljana devojka, ve\u0107 je saop\u0161tila da takvog slu\u010daja u toj bolnici nije bilo, odnosno da je u tom periodu koji pominje Marinika Tepi\u0107 bilo pet prijavljenih slu\u010dajeva nasilja, od kojih su \u010detiri bila me\u0111u bra\u010dnim drugovima, a jedan prema starijoj osobi, te da se takvi slu\u010dajevi prijavljuju policiji i Centru za socijalni rad, te da drugih slu\u010dajeva nije bilo i da iste nije mogu\u0107e prikriti imaju\u0107i u vidu stroge procedure. Marinika Tepi\u0107 la\u017ee u talasima i ona je deo organizovane la\u017eovske grupe na \u010delu sa siled\u017eijom i zlostavlja\u010dem \u017eena Draganom \u0110ilasom, koji je pretukao svoju \u017eenu i njenog oca pred svojom decom i za \u0161to je prijavu podnela njegova \u017eena Iva \u0110ilas i ta prijava je stvarna sa dokazanim delom, a \u0161to do dan danas nije procesuirano. To udru\u017eenje la\u017eova sebe predstavlja kao politi\u010dku partiju, a radi se o la\u017eovima, prevarantima, ludacima i kriminalcima. Ona ka\u017ee da ima mnogo svedoka, mnogo \u017ertava i dobila je informaciju od jednog navodnog policijskog slu\u017ebenika. Neka ka\u017ee jednog svedoka, a da nije kriminalac i da ne la\u017ee, neka navede jednu \u017ertvu i neka navede ko je taj navodni policijski slu\u017ebenik. Sve su notorne la\u017ei od po\u010detka, niti ima svedoka, niti ima \u017ertava, a taj policijski slu\u017ebenik je izmi\u0161ljen kao i sve ostalo, jer jednostavno to \u0161to ona pominje se nikada nije desilo\u201c kazao je Markovi\u0107. \u201eJa sam protiv svih \u010dlanova tog udru\u017eenja la\u017eova oli\u010denih u Stranci slobode i pravde koji su lagali protiv mene tu\u017ebe podneo jo\u0161 maja 2021. godine i jo\u0161 uvek \u010dekam pravdu na sudu. Tek jedno ro\u010di\u0161te je bilo pro\u0161le nedelje kada se kriminalac Branislav Radosavljevi\u0107 koji je \u0161est puta hap\u0161en zbog kra\u0111e automobila i osu\u0111ivan, nije pojavio jer ga navodno boli zub. U toj stranci, odnosno tom udru\u017eenju la\u017eova je sve navodno. Tako\u0111e sam danas podneo jo\u0161 jedan podnesak protiv predsednice tog udru\u017eenja la\u017eova u Jagodini Katarine Joki\u0107 i tra\u017eim ve\u0161ta\u010denje njenog zdravstvenog stanja\u201c, rekao je Markovi\u0107.<\/p>\n","protected":false},"excerpt":{"rendered":"<p>JAGODINA-\u201eDanas sam Osnovnom sudu u Jagodini podneo tu\u017ebu, zbog povrede ugleda i \u010dasti, protiv Marinike Tepi\u0107, radnice siled\u017eije i zlostavlja\u010da \u017eena Dragana \u0110ilasa, zbog najnovijih &hellip; <\/p>\n","protected":false},"author":2,"featured_media":29318,"comment_status":"open","ping_status":"open","sticky":false,"template":"","format":"standard","meta":{"footnotes":""},"categories":[1524,2,1514,13,12],"tags":[3963,5080,120,3147],"_links":{"self":[{"href":"https:\/\/centralmedia.rs\/index.php\/wp-json\/wp\/v2\/posts\/30376"}],"collection":[{"href":"https:\/\/centralmedia.rs\/index.php\/wp-json\/wp\/v2\/posts"}],"about":[{"href":"https:\/\/centralmedia.rs\/index.php\/wp-json\/wp\/v2\/types\/post"}],"author":[{"embeddable":true,"href":"https:\/\/centralmedia.rs\/index.php\/wp-json\/wp\/v2\/users\/2"}],"replies":[{"embeddable":true,"href":"https:\/\/centralmedia.rs\/index.php\/wp-json\/wp\/v2\/comments?post=30376"}],"version-history":[{"count":1,"href":"https:\/\/centralmedia.rs\/index.php\/wp-json\/wp\/v2\/posts\/30376\/revisions"}],"predecessor-version":[{"id":30377,"href":"https:\/\/centralmedia.rs\/index.php\/wp-json\/wp\/v2\/posts\/30376\/revisions\/30377"}],"wp:featuredmedia":[{"embeddable":true,"href":"https:\/\/centralmedia.rs\/index.php\/wp-json\/wp\/v2\/media\/29318"}],"wp:attachment":[{"href":"https:\/\/centralmedia.rs\/index.php\/wp-json\/wp\/v2\/media?parent=30376"}],"wp:term":[{"taxonomy":"category","embeddable":true,"href":"https:\/\/centralmedia.rs\/index.php\/wp-json\/wp\/v2\/categories?post=30376"},{"taxonomy":"post_tag","embeddable":true,"href":"https:\/\/centralmedia.rs\/index.php\/wp-json\/wp\/v2\/tags?post=30376"}],"curies":[{"name":"wp","href":"https:\/\/api.w.org\/{rel}","templated":true}]}}