{"id":30381,"date":"2022-02-12T22:26:23","date_gmt":"2022-02-12T21:26:23","guid":{"rendered":"http:\/\/centralmedia.rs\/?p=30381"},"modified":"2022-02-15T14:22:47","modified_gmt":"2022-02-15T13:22:47","slug":"jedinstevna-srbija-izlazi-na-izbore-i-podrzace-vucica-za-predsednika-srbije","status":"publish","type":"post","link":"https:\/\/centralmedia.rs\/index.php\/2022\/02\/12\/jedinstevna-srbija-izlazi-na-izbore-i-podrzace-vucica-za-predsednika-srbije\/","title":{"rendered":"JEDINSTEVNA SRBIJA IZLAZI NA IZBORE I PODR\u017dA\u0106E VU\u010cI\u0106A ZA PREDSEDNIKA SRBIJE"},"content":{"rendered":"<p>JAGODINA-U Jagodini je danas odr\u017eana sednica Predsedni\u0161tva Jedinstvene Srbije kojom je predsedavao predsednik Jedinstvene Srbije Dragan Markovi\u0107 Palma. Jedina ta\u010dka dnevnog reda bila je Izbori 2022. godine.<\/p>\n<p><img loading=\"lazy\" decoding=\"async\" class=\"alignnone wp-image-30383 size-large\" src=\"http:\/\/centralmedia.rs\/wp-content\/uploads\/2022\/02\/js1-1024x427.jpg\" alt=\"\" width=\"640\" height=\"267\" srcset=\"https:\/\/centralmedia.rs\/wp-content\/uploads\/2022\/02\/js1-1024x427.jpg 1024w, https:\/\/centralmedia.rs\/wp-content\/uploads\/2022\/02\/js1-300x125.jpg 300w, https:\/\/centralmedia.rs\/wp-content\/uploads\/2022\/02\/js1-768x320.jpg 768w, https:\/\/centralmedia.rs\/wp-content\/uploads\/2022\/02\/js1-1007x420.jpg 1007w, https:\/\/centralmedia.rs\/wp-content\/uploads\/2022\/02\/js1-640x267.jpg 640w, https:\/\/centralmedia.rs\/wp-content\/uploads\/2022\/02\/js1-681x284.jpg 681w, https:\/\/centralmedia.rs\/wp-content\/uploads\/2022\/02\/js1.jpg 1800w\" sizes=\"(max-width: 640px) 100vw, 640px\" \/><\/p>\n<p>Predsedni\u0161tvo Jedinstvene Srbije jednoglasno je donelo odluku da na predstoje\u0107e parlamentarne izbore iza\u0111e u koaliciji sa SPS \u2013 om. Tako\u0111e je jednoglasno prihva\u0107en i predlog poslani\u010dkih kandidata Jedinstvene Srbije na zajedni\u010dkoj listi sa Socijalisti\u010dkom partije Srbije i na toj listi Jedinstvena Srbija \u0107e imati 63 kandidata za narodne poslanike. Na poslani\u010dkoj listi SPS \u2013 Jedinstvena Srbija redosled kandidata ovih partija bi\u0107e identi\u010dan redosledu na pro\u0161lim parlamentarnim izborima. Svi \u010dlanovi Predsedni\u0161tva Jedinstvene Srbije podr\u017eali su i predlog da Jedinstvena Srbija podr\u017ei Aleksandra Vu\u010di\u0107a za kandidata za predsednika Republike Srbije. Zaklju\u010deno je i da iza koalicije SPS \u2013 Jedinstvena Srbija, koja je najdugove\u010dnija koalicija na srpskoj politi\u010dkoj sceni i koja traje od 2008. godine stoje rezultati i dela, te da su upravo ti rezultati i dela najbolja preporuka gra\u0111anima Srbije da na predstoje\u0107im parlamentarnim izborima daju svoje poverenje koaliciji SPS \u2013 Jedinstvena Srbija.<\/p>\n","protected":false},"excerpt":{"rendered":"<p>JAGODINA-U Jagodini je danas odr\u017eana sednica Predsedni\u0161tva Jedinstvene Srbije kojom je predsedavao predsednik Jedinstvene Srbije Dragan Markovi\u0107 Palma. Jedina ta\u010dka dnevnog reda bila je Izbori &hellip; <\/p>\n","protected":false},"author":2,"featured_media":30382,"comment_status":"open","ping_status":"open","sticky":false,"template":"","format":"standard","meta":{"footnotes":""},"categories":[1524,2,1514,13,12],"tags":[643,544,120,63],"_links":{"self":[{"href":"https:\/\/centralmedia.rs\/index.php\/wp-json\/wp\/v2\/posts\/30381"}],"collection":[{"href":"https:\/\/centralmedia.rs\/index.php\/wp-json\/wp\/v2\/posts"}],"about":[{"href":"https:\/\/centralmedia.rs\/index.php\/wp-json\/wp\/v2\/types\/post"}],"author":[{"embeddable":true,"href":"https:\/\/centralmedia.rs\/index.php\/wp-json\/wp\/v2\/users\/2"}],"replies":[{"embeddable":true,"href":"https:\/\/centralmedia.rs\/index.php\/wp-json\/wp\/v2\/comments?post=30381"}],"version-history":[{"count":3,"href":"https:\/\/centralmedia.rs\/index.php\/wp-json\/wp\/v2\/posts\/30381\/revisions"}],"predecessor-version":[{"id":30386,"href":"https:\/\/centralmedia.rs\/index.php\/wp-json\/wp\/v2\/posts\/30381\/revisions\/30386"}],"wp:featuredmedia":[{"embeddable":true,"href":"https:\/\/centralmedia.rs\/index.php\/wp-json\/wp\/v2\/media\/30382"}],"wp:attachment":[{"href":"https:\/\/centralmedia.rs\/index.php\/wp-json\/wp\/v2\/media?parent=30381"}],"wp:term":[{"taxonomy":"category","embeddable":true,"href":"https:\/\/centralmedia.rs\/index.php\/wp-json\/wp\/v2\/categories?post=30381"},{"taxonomy":"post_tag","embeddable":true,"href":"https:\/\/centralmedia.rs\/index.php\/wp-json\/wp\/v2\/tags?post=30381"}],"curies":[{"name":"wp","href":"https:\/\/api.w.org\/{rel}","templated":true}]}}