{"id":30387,"date":"2022-02-13T00:56:00","date_gmt":"2022-02-12T23:56:00","guid":{"rendered":"http:\/\/centralmedia.rs\/?p=30387"},"modified":"2022-02-19T11:41:01","modified_gmt":"2022-02-19T10:41:01","slug":"za-bebe-paketi-i-autosedista","status":"publish","type":"post","link":"https:\/\/centralmedia.rs\/index.php\/2022\/02\/13\/za-bebe-paketi-i-autosedista\/","title":{"rendered":"ZA BEBE PAKETI I AUTOSEDI\u0160TA"},"content":{"rendered":"<p>SVILAJNAC-U Centru za brigu o porodici podeljeni su bebi paketi i autosedi\u0161ta za bebe ro\u0111ene na teritoriji op\u0161tine Svilajnac u novembru i decembru pro\u0161le godine. U ovom periodu ro\u0111eno je 20 beba u u toj op\u0161tini i to 9 devoj\u010dica i 11 de\u010daka.<\/p>\n<div id='gallery-1' class='gallery galleryid-30387 gallery-columns-3 gallery-size-full'><figure class='gallery-item'>\n\t\t\t<div class='gallery-icon landscape'>\n\t\t\t\t<a href='https:\/\/centralmedia.rs\/index.php\/2022\/02\/13\/za-bebe-paketi-i-autosedista\/bebi1\/'><img loading=\"lazy\" decoding=\"async\" width=\"2048\" height=\"1365\" src=\"https:\/\/centralmedia.rs\/wp-content\/uploads\/2022\/02\/BEBI1.jpg\" class=\"attachment-full size-full\" alt=\"\" srcset=\"https:\/\/centralmedia.rs\/wp-content\/uploads\/2022\/02\/BEBI1.jpg 2048w, https:\/\/centralmedia.rs\/wp-content\/uploads\/2022\/02\/BEBI1-300x200.jpg 300w, https:\/\/centralmedia.rs\/wp-content\/uploads\/2022\/02\/BEBI1-768x512.jpg 768w, https:\/\/centralmedia.rs\/wp-content\/uploads\/2022\/02\/BEBI1-1024x683.jpg 1024w, https:\/\/centralmedia.rs\/wp-content\/uploads\/2022\/02\/BEBI1-630x420.jpg 630w, https:\/\/centralmedia.rs\/wp-content\/uploads\/2022\/02\/BEBI1-640x427.jpg 640w, https:\/\/centralmedia.rs\/wp-content\/uploads\/2022\/02\/BEBI1-681x454.jpg 681w\" sizes=\"(max-width: 2048px) 100vw, 2048px\" \/><\/a>\n\t\t\t<\/div><\/figure><figure class='gallery-item'>\n\t\t\t<div class='gallery-icon landscape'>\n\t\t\t\t<a href='https:\/\/centralmedia.rs\/index.php\/2022\/02\/13\/za-bebe-paketi-i-autosedista\/bebi2\/'><img loading=\"lazy\" decoding=\"async\" width=\"2048\" height=\"1365\" src=\"https:\/\/centralmedia.rs\/wp-content\/uploads\/2022\/02\/BEBI2.jpg\" class=\"attachment-full size-full\" alt=\"\" srcset=\"https:\/\/centralmedia.rs\/wp-content\/uploads\/2022\/02\/BEBI2.jpg 2048w, https:\/\/centralmedia.rs\/wp-content\/uploads\/2022\/02\/BEBI2-300x200.jpg 300w, https:\/\/centralmedia.rs\/wp-content\/uploads\/2022\/02\/BEBI2-768x512.jpg 768w, https:\/\/centralmedia.rs\/wp-content\/uploads\/2022\/02\/BEBI2-1024x683.jpg 1024w, https:\/\/centralmedia.rs\/wp-content\/uploads\/2022\/02\/BEBI2-630x420.jpg 630w, https:\/\/centralmedia.rs\/wp-content\/uploads\/2022\/02\/BEBI2-640x427.jpg 640w, https:\/\/centralmedia.rs\/wp-content\/uploads\/2022\/02\/BEBI2-681x454.jpg 681w\" sizes=\"(max-width: 2048px) 100vw, 2048px\" \/><\/a>\n\t\t\t<\/div><\/figure><figure class='gallery-item'>\n\t\t\t<div class='gallery-icon landscape'>\n\t\t\t\t<a href='https:\/\/centralmedia.rs\/index.php\/2022\/02\/13\/za-bebe-paketi-i-autosedista\/bebi3\/'><img loading=\"lazy\" decoding=\"async\" width=\"2048\" height=\"1365\" src=\"https:\/\/centralmedia.rs\/wp-content\/uploads\/2022\/02\/BEBI3.jpg\" class=\"attachment-full size-full\" alt=\"\" srcset=\"https:\/\/centralmedia.rs\/wp-content\/uploads\/2022\/02\/BEBI3.jpg 2048w, https:\/\/centralmedia.rs\/wp-content\/uploads\/2022\/02\/BEBI3-300x200.jpg 300w, https:\/\/centralmedia.rs\/wp-content\/uploads\/2022\/02\/BEBI3-768x512.jpg 768w, https:\/\/centralmedia.rs\/wp-content\/uploads\/2022\/02\/BEBI3-1024x683.jpg 1024w, https:\/\/centralmedia.rs\/wp-content\/uploads\/2022\/02\/BEBI3-630x420.jpg 630w, https:\/\/centralmedia.rs\/wp-content\/uploads\/2022\/02\/BEBI3-640x427.jpg 640w, https:\/\/centralmedia.rs\/wp-content\/uploads\/2022\/02\/BEBI3-681x454.jpg 681w\" sizes=\"(max-width: 2048px) 100vw, 2048px\" \/><\/a>\n\t\t\t<\/div><\/figure>\n\t\t<\/div>\n\n<p>Ina\u010de, u 2021. godini na teritoriji na\u0161e op\u0161tine ro\u0111ene su 143 bebe, 74 de\u010daka i 69 devoj\u010dica.<\/p>\n","protected":false},"excerpt":{"rendered":"<p>SVILAJNAC-U Centru za brigu o porodici podeljeni su bebi paketi i autosedi\u0161ta za bebe ro\u0111ene na teritoriji op\u0161tine Svilajnac u novembru i decembru pro\u0161le godine. &hellip; <\/p>\n","protected":false},"author":2,"featured_media":30388,"comment_status":"open","ping_status":"open","sticky":false,"template":"","format":"standard","meta":{"footnotes":""},"categories":[14,1524,2,12,1517],"tags":[4256,5702,2879,38],"_links":{"self":[{"href":"https:\/\/centralmedia.rs\/index.php\/wp-json\/wp\/v2\/posts\/30387"}],"collection":[{"href":"https:\/\/centralmedia.rs\/index.php\/wp-json\/wp\/v2\/posts"}],"about":[{"href":"https:\/\/centralmedia.rs\/index.php\/wp-json\/wp\/v2\/types\/post"}],"author":[{"embeddable":true,"href":"https:\/\/centralmedia.rs\/index.php\/wp-json\/wp\/v2\/users\/2"}],"replies":[{"embeddable":true,"href":"https:\/\/centralmedia.rs\/index.php\/wp-json\/wp\/v2\/comments?post=30387"}],"version-history":[{"count":1,"href":"https:\/\/centralmedia.rs\/index.php\/wp-json\/wp\/v2\/posts\/30387\/revisions"}],"predecessor-version":[{"id":30392,"href":"https:\/\/centralmedia.rs\/index.php\/wp-json\/wp\/v2\/posts\/30387\/revisions\/30392"}],"wp:featuredmedia":[{"embeddable":true,"href":"https:\/\/centralmedia.rs\/index.php\/wp-json\/wp\/v2\/media\/30388"}],"wp:attachment":[{"href":"https:\/\/centralmedia.rs\/index.php\/wp-json\/wp\/v2\/media?parent=30387"}],"wp:term":[{"taxonomy":"category","embeddable":true,"href":"https:\/\/centralmedia.rs\/index.php\/wp-json\/wp\/v2\/categories?post=30387"},{"taxonomy":"post_tag","embeddable":true,"href":"https:\/\/centralmedia.rs\/index.php\/wp-json\/wp\/v2\/tags?post=30387"}],"curies":[{"name":"wp","href":"https:\/\/api.w.org\/{rel}","templated":true}]}}