{"id":30427,"date":"2022-02-16T21:20:33","date_gmt":"2022-02-16T20:20:33","guid":{"rendered":"http:\/\/centralmedia.rs\/?p=30427"},"modified":"2022-02-23T15:57:16","modified_gmt":"2022-02-23T14:57:16","slug":"predata-lista-ivica-dacic-premijer-srbije","status":"publish","type":"post","link":"https:\/\/centralmedia.rs\/index.php\/2022\/02\/16\/predata-lista-ivica-dacic-premijer-srbije\/","title":{"rendered":"PREDATA LISTA IVICA DA\u010cI\u0106 PREMIJER SRBIJE"},"content":{"rendered":"<p>Republi\u010dkoj izbornoj komisiji ve\u010deras je predata lista koalicije Socijalisti\u010dka partija Srbije &#8211; Jedinstvena Srbija &#8211; Zeleni Srbije sa preko 20.000 potpisa podr\u0161ke gra\u0111ana Srbije. Lista je predata u prisustvu predsednika ovih stranaka Ivice Da\u010di\u0107a, Dragana Markovi\u0107a Palme i Ivana Kari\u0107a.<\/p>\n<p>-Veoma sam zadovoljan time \u0161to nikada br\u017ee nismo sakupili potpise i predali listu. To me posebno raduje i to je jedan dokaz da postoji veliki elan i energija \u0161irom Srbije u o\u010dekivanju po\u010detka predizborne kampanje. Pored toga \u0161to na predsednickim izborima podr\u017eavamo Aleksandra Vu\u010di\u0107a, na svim ostalim izborima na\u0161a koalicija nastupa samostalno. Na\u0161a lista se zove &#8220;Ivica Da\u010di\u0107 &#8211; premijer Srbije&#8221;, a na\u0161a lista na nivou Beograda se zove &#8220;Ivica Da\u010da\u0107i premijer Srbije &#8211; Toma Fila gradona\u010delnik Beograda&#8221;. Mi izlazimo sa svojom politikom i personalizacijom onoga o \u010demu mi pricamo. Ja sam sve u svom \u017eivotu radio za Srbiju, Srbija je za mene zauvek posebno opredeljenje i sve \u0107u u\u010diniti da za\u0161titim dr\u017eavne i nacionalne interese. To je ne\u0161to sa \u010dim mi izlazimo. Ovo nisu samo izbori za predsednika Republike, ve\u0107 i za parlament, odnosno za Vladu Srbije. Na na\u0161oj listi se nalaze Jedinstvena Srbija Dragana Markovi\u0107a Palme, Zeleni Srbije koje vodi Ivan Kari\u0107, zatim niz uglednih imena, a odmah iza mene i Dragana Markovi\u0107a Palme nalaze se mladi ljudi, a na listi su dr Vladimir \u0110uki\u0107 direktor KBC &#8220;Dragi\u0161a Mi\u0161ovi\u0107&#8221;, zatim junak borbe protiv kovida Nata\u0161a Bogunovi\u0107 glavna sestra u KBC &#8220;Dragisa Mi\u0161ovi\u0107&#8221;, pukovnik Zoltan Dani koji je oborio F117 u Bu\u0111anovcima, predsednik Saveza penzionera Srbije Andrija Savi\u0107, na\u0161a rukometna legenda Ratko Nikoli\u0107, zatim predstavnici raznih bora\u010dkih udru\u017eenja, kao i udru\u017eenje &#8220;Na\u0161a Drina\u201d. Mi danas posle potvrde na\u0161e izborne liste idemo u izbornu kampanju. \u0160ta je na\u0161a izborna kampanja? Izborna kampanja je u tome \u0161to svi znaju da mi stojimo postojano, da se na\u0161i stavovi ne menjaju, na\u0161a dva temeljna principa politike su Srbija iznad svega i socijalna pravda, odnosno pravda za svakog \u010doveka. I zato idemo sa imenom. I neka i ostali isto punude, pa da se takmi\u010dimo. O\u010dekujem veoma dobar rezultat. Vide\u0107emo se ovde u RIK &#8211; u kada budemo podnosili kandidaturu za na\u0161eg zajedni\u010dkog predsednickog kandidata Aleksandra Vu\u010di\u0107a, ali veoma je va\u017eno da kazem da SNS ima svoju listu sa svojim koalicionim partnerima, a SPS i Jedinstvena Srbija ima svoju listu&#8221; izjavio je predsednik SPS Ivica Da\u010di\u0107.<\/p>\n","protected":false},"excerpt":{"rendered":"<p>Republi\u010dkoj izbornoj komisiji ve\u010deras je predata lista koalicije Socijalisti\u010dka partija Srbije &#8211; Jedinstvena Srbija &#8211; Zeleni Srbije sa preko 20.000 potpisa podr\u0161ke gra\u0111ana Srbije. Lista &hellip; <\/p>\n","protected":false},"author":2,"featured_media":30419,"comment_status":"open","ping_status":"open","sticky":false,"template":"","format":"standard","meta":{"footnotes":""},"categories":[1524,2,1514,13,12],"tags":[393,643,120,5705,721],"_links":{"self":[{"href":"https:\/\/centralmedia.rs\/index.php\/wp-json\/wp\/v2\/posts\/30427"}],"collection":[{"href":"https:\/\/centralmedia.rs\/index.php\/wp-json\/wp\/v2\/posts"}],"about":[{"href":"https:\/\/centralmedia.rs\/index.php\/wp-json\/wp\/v2\/types\/post"}],"author":[{"embeddable":true,"href":"https:\/\/centralmedia.rs\/index.php\/wp-json\/wp\/v2\/users\/2"}],"replies":[{"embeddable":true,"href":"https:\/\/centralmedia.rs\/index.php\/wp-json\/wp\/v2\/comments?post=30427"}],"version-history":[{"count":1,"href":"https:\/\/centralmedia.rs\/index.php\/wp-json\/wp\/v2\/posts\/30427\/revisions"}],"predecessor-version":[{"id":30428,"href":"https:\/\/centralmedia.rs\/index.php\/wp-json\/wp\/v2\/posts\/30427\/revisions\/30428"}],"wp:featuredmedia":[{"embeddable":true,"href":"https:\/\/centralmedia.rs\/index.php\/wp-json\/wp\/v2\/media\/30419"}],"wp:attachment":[{"href":"https:\/\/centralmedia.rs\/index.php\/wp-json\/wp\/v2\/media?parent=30427"}],"wp:term":[{"taxonomy":"category","embeddable":true,"href":"https:\/\/centralmedia.rs\/index.php\/wp-json\/wp\/v2\/categories?post=30427"},{"taxonomy":"post_tag","embeddable":true,"href":"https:\/\/centralmedia.rs\/index.php\/wp-json\/wp\/v2\/tags?post=30427"}],"curies":[{"name":"wp","href":"https:\/\/api.w.org\/{rel}","templated":true}]}}