{"id":30434,"date":"2022-02-17T16:55:00","date_gmt":"2022-02-17T15:55:00","guid":{"rendered":"http:\/\/centralmedia.rs\/?p=30434"},"modified":"2022-02-23T15:57:38","modified_gmt":"2022-02-23T14:57:38","slug":"osvestanje-zemlje-i-postavljanje-krsta-za-izgradnju-novog-manastira-svetog-pajsija-svetogorca-u-suljkovcu","status":"publish","type":"post","link":"https:\/\/centralmedia.rs\/index.php\/2022\/02\/17\/osvestanje-zemlje-i-postavljanje-krsta-za-izgradnju-novog-manastira-svetog-pajsija-svetogorca-u-suljkovcu\/","title":{"rendered":"OSVE\u0160TANJE ZEMLJE I POSTAVLJANJE KRSTA ZA  IZGRADNJU NOVOG MANASTIRA SVETOG PAJSIJA SVETOGORCA U \u0160ULJKOVCU"},"content":{"rendered":"<p>JAGODINA- Posle svete Liturgije i posete Jagodini, Njegovo Preosve\u0161tenstvo Episkop \u0161umadijski G. Jovan je na poziv protojereja Slavi\u0161e Ili\u0107a, paroha dragocve\u010dkog i uz u\u010de\u0161\u0107e vernog naroda sela \u0160uljkovca i okoline, osve\u0161tao je zemlji\u0161te, postavio krst za novi Manastir Svetog Pajsija Svetogorca u \u0160uljkovcu kod Jagodine.<\/p>\n<p>\u201cOsve\u0107enje zemlji\u0161ta i pobijanje krsta na kome \u0107e, ako Bog da, uskoro po\u010deti da se gradi crkva, hram posve\u0107en Svetom Pajsiju Svetogorcu\u201d, ovim re\u010dima je preosve\u0107eni vladika \u0161umadijski, gospodin Jovan, zapo\u010deo svoju besedu i nastavio:<\/p>\n<p>\u201cMi smo se danas pomolili Bogu da Bog blagoslovi ovo mesto i da blagoslovi vas koji se budete trudili, koji budete pomagali da ovde zasija hram Bo\u017eji. Od danas, ovo mesto ovde, postalo je par\u010de neba na zemlji, jer to u stvari, hram i predstavlja, par\u010de neba na zemlji. Za\u0161to ovo govorim, bra\u0107o i sestre? Kada budete ovde dolazili, kada budete sebe ugra\u0111ivali u ovaj hram Bo\u017eji, onako kako ka\u017ee apostol Pavle \u201cUgra\u0111ujte se u hram Bo\u017eji kao \u017eivo kamenje\u201d vi \u0107ete se upravo uvek setiti da je ovo par\u010de zemlje zapravo par\u010de neba na zemlji. Niko ne zna promisao Bo\u017eju, sigurno niko od me\u0161tana, niti ja, niti bilo ko drugi, nije mogao zamisliti da \u0107e ovde biti manastir, ali eto, Bog je to blagoslovio i poslao oca Slavi\u0161u da on bude taj pokreta\u010d jer je njegova \u017eelja bila da se ovde sagradi manastir. Ovom prilikom \u0107u bam otkriti i tajnu, ako Bog da, otac Slavi\u0161a \u0107e ovde biti i prvi monah. Njegovim delom i delom svih vas koji poma\u017eete, za kratko vreme, iznikao je i konak manastira. Zato \u010dovek treba da oslu\u0161kuje glas Bo\u017eji koji nas uvek zove i priziva na dobro delo. I dok budemo slu\u0161ali glas Bo\u017eji onda \u0107emo manje slu\u0161ati sebe i zadovoljavati se sobom, onda \u0107emo zaista i\u0107i putem Bo\u017ejim. Bra\u0107o i sestre, danas se mnogo gradi, soliteri, fabrike, neboderi, to je dobro, ali svemu tome do\u0111e kraj, a hramu, crkvi, nema kraja. Istorija crkve nas u\u010di da je bivalo i jeste, da su mnogi hramovi sru\u0161eni.Samo na Kosovu i Metohiji znamo da je bilo preko hiljadu i petsto oltara, a danas toga vi\u0161e nema. Razlika izme\u0111u sru\u0161ene fabrike i sru\u0161enog hrama Bo\u017ejeg je ogromna. Sru\u0161ena fabrika biva zaboravljena, a hram iako je sru\u0161en, vekovima ostaje u svesti naroda kao Sveto mesto, osve\u0107eno Svetom Liturgijom, molitvom. O tome nam najbolje svedo\u010di na\u0161 srpski narod kada ka\u017ee,\u201dE, tamo je bila crkva\u201d, iako nema ni\u010dega, ali narod ide i posle mnogo vekova pali sve\u0107e jer zna da je to bila Svetinja. Bra\u0107o moja i sestre, retko koja generacija se ima pohvaliti da je u\u010destvovala u izgradnji crkava i hramova, Bogu hvala, sada ima. Zamislite samo da u \u0160umadijskoj eparhiji od posle rata do 1981.godine, nijedan hram nije sagra\u0111en, jer nisu dozvolili komunisti. Verujem da je to vreme pro\u0161lo, ali sre\u0107om, ostao je bogoboja\u017eljivi narod, ostalo je onog zadu\u017ebinarskog, Nemanji\u0107kog duha koji \u017eeli da se uvrsti u divnu, svetu lozu Nemanji\u0107a, Lazarevi\u0107a i drugih koji su hramove zidali. Eto, i nama i vama, Bog je dao blagoslov da budemo ta generacija koja \u0107e ovde zajedno graditi hram. Molim vas da pomognete, ko ne mo\u017ee materijalno, mo\u017ee drugom pomo\u0107i, a to je molitva za one koji grade, da se pomolite da se ovaj hram zavr\u0161i i da se, kao u narodnoj pesmi, ovde propeva Liturgija kako ovoga, tako i onoga sveta, da ovo mesto bude rasadnik mona\u0161tva,verujem i u Boga i u vas i u oca Slavi\u0161u. To je ono \u0161to nam treba, ne samo crkva kao gra\u0111evina, ve\u0107 \u017eiva crkva, Telo Hristovo, a to smo mi. Zato Apostol Pavle i ka\u017ee ono \u0161to sam pomenuo na samom po\u010detku, ugra\u0111ujte se u hramove kao \u017eivo kamenje.<\/p>\n<p>Neka je sre\u0107no, Bogom blagosloveno i neka je sre\u0107an praznik Sretenja Gospodnjeg, jer ima i tu simbolike \u2013 danas smo se ovde sreli da prizovemo Boga, da se sretnemo sa Bogom i da zamolimo da nam bude u pomo\u0107i da se ovaj hram zavr\u0161i. Bog vas blagoslovio i svakim dobrom darovao!\u201d<\/p>\n<p>Protojerej Slavi\u0161a Ili\u0107 se u svoje i ime me\u0161tana zahvalio Vladiki pokloniv\u0161i mu duborez Svetog Pajsija Svetogorca.<\/p>\n<p>&nbsp;<\/p>\n","protected":false},"excerpt":{"rendered":"<p>JAGODINA- Posle svete Liturgije i posete Jagodini, Njegovo Preosve\u0161tenstvo Episkop \u0161umadijski G. Jovan je na poziv protojereja Slavi\u0161e Ili\u0107a, paroha dragocve\u010dkog i uz u\u010de\u0161\u0107e vernog &hellip; <\/p>\n","protected":false},"author":2,"featured_media":30435,"comment_status":"open","ping_status":"open","sticky":false,"template":"","format":"standard","meta":{"footnotes":""},"categories":[14,1524,2,1514,12],"tags":[58,3338,5172,5708],"_links":{"self":[{"href":"https:\/\/centralmedia.rs\/index.php\/wp-json\/wp\/v2\/posts\/30434"}],"collection":[{"href":"https:\/\/centralmedia.rs\/index.php\/wp-json\/wp\/v2\/posts"}],"about":[{"href":"https:\/\/centralmedia.rs\/index.php\/wp-json\/wp\/v2\/types\/post"}],"author":[{"embeddable":true,"href":"https:\/\/centralmedia.rs\/index.php\/wp-json\/wp\/v2\/users\/2"}],"replies":[{"embeddable":true,"href":"https:\/\/centralmedia.rs\/index.php\/wp-json\/wp\/v2\/comments?post=30434"}],"version-history":[{"count":3,"href":"https:\/\/centralmedia.rs\/index.php\/wp-json\/wp\/v2\/posts\/30434\/revisions"}],"predecessor-version":[{"id":30443,"href":"https:\/\/centralmedia.rs\/index.php\/wp-json\/wp\/v2\/posts\/30434\/revisions\/30443"}],"wp:featuredmedia":[{"embeddable":true,"href":"https:\/\/centralmedia.rs\/index.php\/wp-json\/wp\/v2\/media\/30435"}],"wp:attachment":[{"href":"https:\/\/centralmedia.rs\/index.php\/wp-json\/wp\/v2\/media?parent=30434"}],"wp:term":[{"taxonomy":"category","embeddable":true,"href":"https:\/\/centralmedia.rs\/index.php\/wp-json\/wp\/v2\/categories?post=30434"},{"taxonomy":"post_tag","embeddable":true,"href":"https:\/\/centralmedia.rs\/index.php\/wp-json\/wp\/v2\/tags?post=30434"}],"curies":[{"name":"wp","href":"https:\/\/api.w.org\/{rel}","templated":true}]}}