{"id":30452,"date":"2022-02-21T16:26:20","date_gmt":"2022-02-21T15:26:20","guid":{"rendered":"http:\/\/centralmedia.rs\/?p=30452"},"modified":"2022-03-03T00:29:35","modified_gmt":"2022-03-02T23:29:35","slug":"muzej-vostanih-figura-u-jagodini","status":"publish","type":"post","link":"https:\/\/centralmedia.rs\/index.php\/2022\/02\/21\/muzej-vostanih-figura-u-jagodini\/","title":{"rendered":"MUZEJ VO\u0160TANIH FIGURA U JAGODINI"},"content":{"rendered":"<p>JAGODINA-Svakog dana mo\u017eete posetiti Muzej vo\u0161tanih figura u Jagodini i izmedju ostalih, videti figuru srpske heroine Milunke Savi\u0107. Milunka Savi\u0107 ro\u0111ena je u selu Koprivnica kod Jo\u0161ani\u010dke Banje, op\u0161tina Ra\u0161ka. Po objavljenoj mobilizaciji, oktobra 1912, Milunka se prijavila na jednom od mobilizacionih zbori\u0161ta u Beogradu i registrovala se pod imenom Milun Savi\u0107. Pod tim mu\u0161kim imenom borila se u balkanskim ratovima 1912. i 1913. U to vreme \u017eenama nije bilo dozvoljeno da budu vojnici i u\u010destvuju u borbama. Njen stvarni identitet otkriven je posle ranjavanja, u bici na Bregalnici, 1913.<\/p>\n<p>U Prvom svetskom ratu tako\u0111e se prijavila kao dobrovoljac. Bila je borac \u2013 bomba\u0161 legendarnog \u201eGvozdenog puka\u201d, najelitnijeg Drugog puka Srpske vojske \u201eKnjaz Mihajlo\u201d. U jesen 1915, u Makedoniji, te\u0161ko je ranjena u glavu i tako povre\u0111ena sa ostalim borcima povla\u010dila se preko Albanije. Posle nekoliko meseci oporavka vratila se na Solunski front, u svoj puk, gde je u\u010destvovala u bitkama 1916. Posebnu hrabrost pokazala je u bici na Kajmak\u010dalanu, kada je zarobila 23 bugarska vojnika. U balkanskim ratovima i Velikom ratu ranjavana je \u010detiri puta. Za pokazanu hrabrost i vojni\u010dke vrline dobila je brojna odlikovanja: Albansku spomenicu, Orden Kara\u0111or\u0111eve zvezde, Orden Svetog Mihajla, Orden Svetog \u0110or\u0111a, Zlatnu Kara\u0111or\u0111evu zvezdu sa ma\u010devima, Zlatnu medalju za hrabrost \u201eMilo\u0161 Obili\u0107\u201d\u2026 Nosilac je Ordena Legije \u010dasti \u010detvrtog i petog reda. Kao jedini strani dr\u017eavljanin i borac u Velikom ratu, odlikovana je francuskim Zlatnim krstom 1914\u20131918. sa zlatnom palmom.<\/p>\n","protected":false},"excerpt":{"rendered":"<p>JAGODINA-Svakog dana mo\u017eete posetiti Muzej vo\u0161tanih figura u Jagodini i izmedju ostalih, videti figuru srpske heroine Milunke Savi\u0107. Milunka Savi\u0107 ro\u0111ena je u selu Koprivnica &hellip; <\/p>\n","protected":false},"author":2,"featured_media":28594,"comment_status":"open","ping_status":"open","sticky":false,"template":"","format":"standard","meta":{"footnotes":""},"categories":[14,1524,2,1514,12],"tags":[58,276],"_links":{"self":[{"href":"https:\/\/centralmedia.rs\/index.php\/wp-json\/wp\/v2\/posts\/30452"}],"collection":[{"href":"https:\/\/centralmedia.rs\/index.php\/wp-json\/wp\/v2\/posts"}],"about":[{"href":"https:\/\/centralmedia.rs\/index.php\/wp-json\/wp\/v2\/types\/post"}],"author":[{"embeddable":true,"href":"https:\/\/centralmedia.rs\/index.php\/wp-json\/wp\/v2\/users\/2"}],"replies":[{"embeddable":true,"href":"https:\/\/centralmedia.rs\/index.php\/wp-json\/wp\/v2\/comments?post=30452"}],"version-history":[{"count":1,"href":"https:\/\/centralmedia.rs\/index.php\/wp-json\/wp\/v2\/posts\/30452\/revisions"}],"predecessor-version":[{"id":30453,"href":"https:\/\/centralmedia.rs\/index.php\/wp-json\/wp\/v2\/posts\/30452\/revisions\/30453"}],"wp:featuredmedia":[{"embeddable":true,"href":"https:\/\/centralmedia.rs\/index.php\/wp-json\/wp\/v2\/media\/28594"}],"wp:attachment":[{"href":"https:\/\/centralmedia.rs\/index.php\/wp-json\/wp\/v2\/media?parent=30452"}],"wp:term":[{"taxonomy":"category","embeddable":true,"href":"https:\/\/centralmedia.rs\/index.php\/wp-json\/wp\/v2\/categories?post=30452"},{"taxonomy":"post_tag","embeddable":true,"href":"https:\/\/centralmedia.rs\/index.php\/wp-json\/wp\/v2\/tags?post=30452"}],"curies":[{"name":"wp","href":"https:\/\/api.w.org\/{rel}","templated":true}]}}