{"id":30457,"date":"2022-02-21T23:26:29","date_gmt":"2022-02-21T22:26:29","guid":{"rendered":"http:\/\/centralmedia.rs\/?p=30457"},"modified":"2022-03-03T00:29:44","modified_gmt":"2022-03-02T23:29:44","slug":"dacic-sve-manje-prostora-za-diplomatiju-u-rusko-ukrajinskoj-krizi","status":"publish","type":"post","link":"https:\/\/centralmedia.rs\/index.php\/2022\/02\/21\/dacic-sve-manje-prostora-za-diplomatiju-u-rusko-ukrajinskoj-krizi\/","title":{"rendered":"Da\u010di\u0107:  Sve manje prostora za diplomatiju u Rusko-Ukrajinskoj krizi"},"content":{"rendered":"<p>Lider Socijalisti\u010dke partije Srbije (SPS) Ivica Da\u010di\u0107 govore\u0107i o krizi u Ukrajini istakao je da ima dovoljno prostora za diplomatiju, ali da je diplomatije sve manje, naro\u010dito ako do\u0111e do ofanzive ukrajinskih snaga.<\/p>\n<p>\u201eSa analiti\u010dke strane posmatrano, prostora za diplomatiju je sve manje. Sa druge strane, sa pozicije dr\u017eavnika Srbije, moram da ka\u017eem da smo svi veoma zabrinuti zbog ove situacije. Svesni smo da imamo probleme u vezi sa teritorijalnim integritetom, te da \u0107e se na nas vr\u0161iti pritisak da se opredelimo prema nekim merama koje se budu preduzimale. Ne znamo \u0161ta \u0107e se jos desiti, ali ukoliko dodje do zao\u0161travanja sankcija, mogu\u0107e da \u0107e se preduzeti odre\u0111ene vojne mere, da \u0107e do\u0107i do izja\u0161njavanja pojedinih zemalja u regionu&#8230;Ono \u0161to je va\u017eno jeste da Srbija gleda svoje interese, kao i da ne naru\u0161i prijateljske odnose sa Rusijom\u201c, ocenio je Da\u010di\u0107 gostuju\u0107i u emisiji \u0106irilica na Happy TV.<\/p>\n<p>On je dodao da, bez obzira na pritiske, srpski narod nikad ne\u0107e stati na stranu onog ko je neprijatelj ruskom narodu.<\/p>\n<p>\u201eLako je zapo\u010deti ratove na tu\u0111im teritorijama, zato ja apelujem na Ruse i Ukrajince da na\u0111u zajedni\u010dki jezik i da ne dozvole da neko profitira od njihovog sukoba\u201c, ocenio je Da\u010di\u0107 i dodao da Srbija svakako ne\u0107e krvaviti ruke u bratoubilackom ratu.<\/p>\n","protected":false},"excerpt":{"rendered":"<p>Lider Socijalisti\u010dke partije Srbije (SPS) Ivica Da\u010di\u0107 govore\u0107i o krizi u Ukrajini istakao je da ima dovoljno prostora za diplomatiju, ali da je diplomatije sve &hellip; <\/p>\n","protected":false},"author":2,"featured_media":30459,"comment_status":"open","ping_status":"open","sticky":false,"template":"","format":"standard","meta":{"footnotes":""},"categories":[2,13,12],"tags":[393,141,4840],"_links":{"self":[{"href":"https:\/\/centralmedia.rs\/index.php\/wp-json\/wp\/v2\/posts\/30457"}],"collection":[{"href":"https:\/\/centralmedia.rs\/index.php\/wp-json\/wp\/v2\/posts"}],"about":[{"href":"https:\/\/centralmedia.rs\/index.php\/wp-json\/wp\/v2\/types\/post"}],"author":[{"embeddable":true,"href":"https:\/\/centralmedia.rs\/index.php\/wp-json\/wp\/v2\/users\/2"}],"replies":[{"embeddable":true,"href":"https:\/\/centralmedia.rs\/index.php\/wp-json\/wp\/v2\/comments?post=30457"}],"version-history":[{"count":2,"href":"https:\/\/centralmedia.rs\/index.php\/wp-json\/wp\/v2\/posts\/30457\/revisions"}],"predecessor-version":[{"id":30460,"href":"https:\/\/centralmedia.rs\/index.php\/wp-json\/wp\/v2\/posts\/30457\/revisions\/30460"}],"wp:featuredmedia":[{"embeddable":true,"href":"https:\/\/centralmedia.rs\/index.php\/wp-json\/wp\/v2\/media\/30459"}],"wp:attachment":[{"href":"https:\/\/centralmedia.rs\/index.php\/wp-json\/wp\/v2\/media?parent=30457"}],"wp:term":[{"taxonomy":"category","embeddable":true,"href":"https:\/\/centralmedia.rs\/index.php\/wp-json\/wp\/v2\/categories?post=30457"},{"taxonomy":"post_tag","embeddable":true,"href":"https:\/\/centralmedia.rs\/index.php\/wp-json\/wp\/v2\/tags?post=30457"}],"curies":[{"name":"wp","href":"https:\/\/api.w.org\/{rel}","templated":true}]}}