{"id":30497,"date":"2022-02-25T17:01:31","date_gmt":"2022-02-25T16:01:31","guid":{"rendered":"http:\/\/centralmedia.rs\/?p=30497"},"modified":"2022-03-03T00:30:25","modified_gmt":"2022-03-02T23:30:25","slug":"kolekcija-nebesko-kamenje-i-originalni-fosil-mososaurusa-noviteti-prirodnjackog-centra","status":"publish","type":"post","link":"https:\/\/centralmedia.rs\/index.php\/2022\/02\/25\/kolekcija-nebesko-kamenje-i-originalni-fosil-mososaurusa-noviteti-prirodnjackog-centra\/","title":{"rendered":"KOLEKCIJA \u201eNEBESKO KAMENjE\u201c I ORIGINALNI FOSIL MOSOSAURUSA NOVITETI PRIRODNjA\u010cKOG CENTRA"},"content":{"rendered":"<p>SVILAJNAC-Prirodnja\u010dki centar Srbije u Svilajncu pripremio je nove atraktivne sadr\u017eaje za narednu sezonu, koja po\u010dinje 1. marta 2022. godine. Sadr\u017eaj je oboga\u0107en sa dve nove izlo\u017ebe i dopunom jedne postoje\u0107e:<\/p>\n<p>\u201eNEBESKO KAMENjE\u201c \u2013 kroz ovu izlo\u017ebu posetioci \u0107e imati priliku da upoznaju deo svemira prikazom meteorita koji su pali na na\u0161u planetu.\u00a0 Ovo je jedna od najraznovrsnijih kolekcija meteorita u Srbiji. Jedan od najatraktivnijih primeraka je metorit koji je 1947. godine pao na podru\u010dje Sibira. Zanimljivo je da su stanovnici tog podru\u010dja tada mislili da je to nastavak Drugog svetskog rata. Tako\u0111e, posetioci mogu videti i replike meteorita koji su pali na podru\u010dje Srbije.<\/p>\n<p>\u201eMOSASAURUS\u201d \u2013 originalni fosil lobanje Mosasaurusa. Nabavkom ovog originalnog eksponata upotpunjena je kolekcija morskih gmizavaca, \u0161to je postoje\u0107oj izlo\u017ebi Svet dinosaurusa dalo poseban ekskluzivitet, jer posetioci mogu videti fosil \u017eivotinje star 70 miliona godina.<\/p>\n<p>\u201cINTERAKTIVNA STENA\u201d \u2013 podsti\u010de posetioce na istra\u017eivanje minerala i stena od kojh je sastavljena na\u0161a planeta kroz mogu\u0107nost da ih direktno vide i dodirnu.<\/p>\n<p>Specifi\u010dni spoj nauke, obrazovanja, kulture i zabave \u010dini Prirodnja\u010dki centar jedinstvenom turisti\u010dkom atrakcijom u kojoj podjednako u\u017eivaju sve generacije, a stalni rad na novim sadr\u017eajima i modernim na\u010dinima izlaganja je ono \u0161to ovu ustanovu \u010dini jednom od najpose\u0107enijih u regionu. Sa oko 100.000 posetilaca godi\u0161nje, Prirodnja\u010dki centar pozicionirao se kao lider nau\u010dnog turizma na turisti\u010dkoj mapi Srbije.<\/p>\n","protected":false},"excerpt":{"rendered":"<p>SVILAJNAC-Prirodnja\u010dki centar Srbije u Svilajncu pripremio je nove atraktivne sadr\u017eaje za narednu sezonu, koja po\u010dinje 1. marta 2022. godine. Sadr\u017eaj je oboga\u0107en sa dve nove &hellip; <\/p>\n","protected":false},"author":2,"featured_media":30498,"comment_status":"open","ping_status":"open","sticky":false,"template":"","format":"standard","meta":{"footnotes":""},"categories":[14,1524,2,12,1517],"tags":[288,38],"_links":{"self":[{"href":"https:\/\/centralmedia.rs\/index.php\/wp-json\/wp\/v2\/posts\/30497"}],"collection":[{"href":"https:\/\/centralmedia.rs\/index.php\/wp-json\/wp\/v2\/posts"}],"about":[{"href":"https:\/\/centralmedia.rs\/index.php\/wp-json\/wp\/v2\/types\/post"}],"author":[{"embeddable":true,"href":"https:\/\/centralmedia.rs\/index.php\/wp-json\/wp\/v2\/users\/2"}],"replies":[{"embeddable":true,"href":"https:\/\/centralmedia.rs\/index.php\/wp-json\/wp\/v2\/comments?post=30497"}],"version-history":[{"count":1,"href":"https:\/\/centralmedia.rs\/index.php\/wp-json\/wp\/v2\/posts\/30497\/revisions"}],"predecessor-version":[{"id":30499,"href":"https:\/\/centralmedia.rs\/index.php\/wp-json\/wp\/v2\/posts\/30497\/revisions\/30499"}],"wp:featuredmedia":[{"embeddable":true,"href":"https:\/\/centralmedia.rs\/index.php\/wp-json\/wp\/v2\/media\/30498"}],"wp:attachment":[{"href":"https:\/\/centralmedia.rs\/index.php\/wp-json\/wp\/v2\/media?parent=30497"}],"wp:term":[{"taxonomy":"category","embeddable":true,"href":"https:\/\/centralmedia.rs\/index.php\/wp-json\/wp\/v2\/categories?post=30497"},{"taxonomy":"post_tag","embeddable":true,"href":"https:\/\/centralmedia.rs\/index.php\/wp-json\/wp\/v2\/tags?post=30497"}],"curies":[{"name":"wp","href":"https:\/\/api.w.org\/{rel}","templated":true}]}}