{"id":30504,"date":"2022-02-25T21:23:36","date_gmt":"2022-02-25T20:23:36","guid":{"rendered":"http:\/\/centralmedia.rs\/?p=30504"},"modified":"2022-03-08T11:55:50","modified_gmt":"2022-03-08T10:55:50","slug":"palma-nikada-necemo-odustati-od-srpskog-kola-srpske-pravoslavne-vere-i-od-kosova-i-metohije","status":"publish","type":"post","link":"https:\/\/centralmedia.rs\/index.php\/2022\/02\/25\/palma-nikada-necemo-odustati-od-srpskog-kola-srpske-pravoslavne-vere-i-od-kosova-i-metohije\/","title":{"rendered":"PALMA : NIKADA NE\u0106EMO ODUSTATI OD SRPSKOG KOLA, SRPSKE PRAVOSLAVNE VERE I OD KOSOVA I METOHIJE"},"content":{"rendered":"<p>JAGODINA-Koaliciija SPS \u2013 Jedinstvena Srbija \u2013 Zeleni Srbije, odnosno lista za parlamentarne izbore \u201eIvica Da\u010di\u0107 \u2013 premijer Srbije\u201c, po\u010dela je svoju kampanju na teritoriji grada Jagodine konvencijom u najve\u0107em jagodinskom selu Ribaru, u tamo\u0161njem, prepunom Domu kulture. Tribini je prisustvovalo vi\u0161e od 1.000 ljudi, isklju\u010divo me\u0161tana ovog sela. Prisutnima je predsednik Jedinstvene Srbije Dragan Markovi\u0107 Palma predstavio svoj tim za Jagodinu, u kome je 50 najpoznatijih stru\u010dnjaka u svojim oblastima u Jagodini, lekari, profesori, pravnici, ekonomisti, penizoneri, poljoprivrednici, socijalni radnici, sportisti, kulturni radnici, turisti\u010dki radnici.<\/p>\n<div id='gallery-1' class='gallery galleryid-30504 gallery-columns-2 gallery-size-full'><figure class='gallery-item'>\n\t\t\t<div class='gallery-icon landscape'>\n\t\t\t\t<a href='https:\/\/centralmedia.rs\/index.php\/2022\/02\/25\/palma-nikada-necemo-odustati-od-srpskog-kola-srpske-pravoslavne-vere-i-od-kosova-i-metohije\/palma-38\/'><img loading=\"lazy\" decoding=\"async\" width=\"960\" height=\"720\" src=\"https:\/\/centralmedia.rs\/wp-content\/uploads\/2022\/02\/palma.jpg\" class=\"attachment-full size-full\" alt=\"\" srcset=\"https:\/\/centralmedia.rs\/wp-content\/uploads\/2022\/02\/palma.jpg 960w, https:\/\/centralmedia.rs\/wp-content\/uploads\/2022\/02\/palma-300x225.jpg 300w, https:\/\/centralmedia.rs\/wp-content\/uploads\/2022\/02\/palma-768x576.jpg 768w, https:\/\/centralmedia.rs\/wp-content\/uploads\/2022\/02\/palma-560x420.jpg 560w, https:\/\/centralmedia.rs\/wp-content\/uploads\/2022\/02\/palma-80x60.jpg 80w, https:\/\/centralmedia.rs\/wp-content\/uploads\/2022\/02\/palma-100x75.jpg 100w, https:\/\/centralmedia.rs\/wp-content\/uploads\/2022\/02\/palma-180x135.jpg 180w, https:\/\/centralmedia.rs\/wp-content\/uploads\/2022\/02\/palma-238x178.jpg 238w, https:\/\/centralmedia.rs\/wp-content\/uploads\/2022\/02\/palma-640x480.jpg 640w, https:\/\/centralmedia.rs\/wp-content\/uploads\/2022\/02\/palma-681x511.jpg 681w\" sizes=\"(max-width: 960px) 100vw, 960px\" \/><\/a>\n\t\t\t<\/div><\/figure><figure class='gallery-item'>\n\t\t\t<div class='gallery-icon landscape'>\n\t\t\t\t<a href='https:\/\/centralmedia.rs\/index.php\/2022\/02\/25\/palma-nikada-necemo-odustati-od-srpskog-kola-srpske-pravoslavne-vere-i-od-kosova-i-metohije\/palma1-9\/'><img loading=\"lazy\" decoding=\"async\" width=\"960\" height=\"720\" src=\"https:\/\/centralmedia.rs\/wp-content\/uploads\/2022\/02\/palma1-1.jpg\" class=\"attachment-full size-full\" alt=\"\" srcset=\"https:\/\/centralmedia.rs\/wp-content\/uploads\/2022\/02\/palma1-1.jpg 960w, https:\/\/centralmedia.rs\/wp-content\/uploads\/2022\/02\/palma1-1-300x225.jpg 300w, https:\/\/centralmedia.rs\/wp-content\/uploads\/2022\/02\/palma1-1-768x576.jpg 768w, https:\/\/centralmedia.rs\/wp-content\/uploads\/2022\/02\/palma1-1-560x420.jpg 560w, https:\/\/centralmedia.rs\/wp-content\/uploads\/2022\/02\/palma1-1-80x60.jpg 80w, https:\/\/centralmedia.rs\/wp-content\/uploads\/2022\/02\/palma1-1-100x75.jpg 100w, https:\/\/centralmedia.rs\/wp-content\/uploads\/2022\/02\/palma1-1-180x135.jpg 180w, https:\/\/centralmedia.rs\/wp-content\/uploads\/2022\/02\/palma1-1-238x178.jpg 238w, https:\/\/centralmedia.rs\/wp-content\/uploads\/2022\/02\/palma1-1-640x480.jpg 640w, https:\/\/centralmedia.rs\/wp-content\/uploads\/2022\/02\/palma1-1-681x511.jpg 681w\" sizes=\"(max-width: 960px) 100vw, 960px\" \/><\/a>\n\t\t\t<\/div><\/figure>\n\t\t<\/div>\n\n<p>-Kada pogledam ove ljude iza mene, mogu samo da ka\u017eem da samo Putin ima ja\u010du ekipu od nas. Mi sve \u0161to radimo u Jagodini radimo doma\u0107inski. Nekada je bila poruka \u201eKupujte na\u0161e\u201c, a ja vam ka\u017eem \u201eGlasajte va\u0161e, da kupite vi\u0161e, poru\u010dio je Markovi\u0107.<\/p>\n<p>-Lekari su na\u0161i heroji, oni su spasili mnogo \u017eivota, a i mi koji vodimo Jagodinu smo heroji, jer se ve\u0107 18 godina borimo da svaki pedalj grada i na\u0161ih sela bude na najvi\u0161em nivou i mogu da ka\u017eem da su se u ovom timu spojili heroji i heroji. Moja poruka je da ne glasate za ono \u0161to pi\u0161e na dru\u0161tvenim mre\u017eama, ve\u0107 za ono \u0161to va\u0161e o\u010di vide, za infrastrukturu, nova radna mesta, za nove fabrike. Mi u ovoj kampanji ne napadamo nikoga, ali sam protiv onih iz opozicije koji govore \u201ekada mi do\u0111emo na vlast sve \u0107emo da sru\u0161imo i Beograd na vodi i spomenike po Beogradu\u201c. Neka ka\u017eu ti iz opozicije \u201elo\u0161e rade ovi Palmini i on\u201c, ali i neka ka\u017eu gra\u0111anima u Jagodini \u201eimate besplatan prevoz od Palme, a mi \u0107emo da vam damo jo\u0161 i po sendvi\u010d\u201c. U Jagodini \u0107e na parlamentarnim izborima pobediti lista pod rednim brojem dva \u201eIvica Da\u010di\u0107 \u2013 premijer Srbije, rekao je Markovi\u0107 i pozvao gra\u0111ane da na predsedni\u010dkim izborima glasaju za Aleksandra Vu\u010di\u0107a\u201c. Predsednik Jedinstvene Srbije je i poru\u010dio \u201eMi nikada ne\u0107emo odustati od srpskog kola, srpske pravoslavne vere i Kosova i Metohije. Nikada ne\u0107emo glasati za nezavisno Kosovo\u201c.<\/p>\n<p>Koalicija &#8220;Ivica Da\u010di\u0107 &#8211; premijer Srbije&#8221;, na kojoj se nalaze Socijalisti\u010dka partija Srbije, Jedinstvena Srbija, Zeleni Srbije, na predstoje\u0107im izborima 3. aprila na\u0107i\u0107e se pod rednim brojem 2.<\/p>\n","protected":false},"excerpt":{"rendered":"<p>JAGODINA-Koaliciija SPS \u2013 Jedinstvena Srbija \u2013 Zeleni Srbije, odnosno lista za parlamentarne izbore \u201eIvica Da\u010di\u0107 \u2013 premijer Srbije\u201c, po\u010dela je svoju kampanju na teritoriji grada &hellip; <\/p>\n","protected":false},"author":2,"featured_media":30505,"comment_status":"open","ping_status":"open","sticky":false,"template":"","format":"standard","meta":{"footnotes":""},"categories":[1524,2,1514,13,12],"tags":[120,840,5713],"_links":{"self":[{"href":"https:\/\/centralmedia.rs\/index.php\/wp-json\/wp\/v2\/posts\/30504"}],"collection":[{"href":"https:\/\/centralmedia.rs\/index.php\/wp-json\/wp\/v2\/posts"}],"about":[{"href":"https:\/\/centralmedia.rs\/index.php\/wp-json\/wp\/v2\/types\/post"}],"author":[{"embeddable":true,"href":"https:\/\/centralmedia.rs\/index.php\/wp-json\/wp\/v2\/users\/2"}],"replies":[{"embeddable":true,"href":"https:\/\/centralmedia.rs\/index.php\/wp-json\/wp\/v2\/comments?post=30504"}],"version-history":[{"count":1,"href":"https:\/\/centralmedia.rs\/index.php\/wp-json\/wp\/v2\/posts\/30504\/revisions"}],"predecessor-version":[{"id":30508,"href":"https:\/\/centralmedia.rs\/index.php\/wp-json\/wp\/v2\/posts\/30504\/revisions\/30508"}],"wp:featuredmedia":[{"embeddable":true,"href":"https:\/\/centralmedia.rs\/index.php\/wp-json\/wp\/v2\/media\/30505"}],"wp:attachment":[{"href":"https:\/\/centralmedia.rs\/index.php\/wp-json\/wp\/v2\/media?parent=30504"}],"wp:term":[{"taxonomy":"category","embeddable":true,"href":"https:\/\/centralmedia.rs\/index.php\/wp-json\/wp\/v2\/categories?post=30504"},{"taxonomy":"post_tag","embeddable":true,"href":"https:\/\/centralmedia.rs\/index.php\/wp-json\/wp\/v2\/tags?post=30504"}],"curies":[{"name":"wp","href":"https:\/\/api.w.org\/{rel}","templated":true}]}}