{"id":30511,"date":"2022-03-02T18:16:46","date_gmt":"2022-03-02T17:16:46","guid":{"rendered":"http:\/\/centralmedia.rs\/?p=30511"},"modified":"2022-03-08T11:56:04","modified_gmt":"2022-03-08T10:56:04","slug":"vise-od-20-udruzenja-gradana-podrzalo-aleksandra-vucica-za-predsednika-srbije","status":"publish","type":"post","link":"https:\/\/centralmedia.rs\/index.php\/2022\/03\/02\/vise-od-20-udruzenja-gradana-podrzalo-aleksandra-vucica-za-predsednika-srbije\/","title":{"rendered":"VI\u0160E OD 20 UDRU\u017dENJA GRA\u0110ANA PODR\u017dALO ALEKSANDRA VU\u010cI\u0106A ZA PREDSEDNIKA SRBIJE"},"content":{"rendered":"<p>BEOGRAD- Vi\u0161e od 20 udru\u017eenja gra\u0111ana iz cele Srbije danas je na sastanku u Beogradu potpisalo otvoreno pismo podr\u0161ke Aleksandru Vu\u010di\u0107u i listi Srpske napredne stranke na predstoje\u0107im izborima 3. aprila. Potpisnici pisma podr\u0161ke, udru\u017eenja koja okupljaju oko 20 hiljada gra\u0111ana, \u00a0kako navode, pru\u017eaju punu, svesrdnu i iskrenu podr\u0161ku\u00a0 predstoje\u0107oj izbornoj kampanji, koja je zbog novostale situacije o\u010digledno nu\u017ena za nastavak kursa stabilnosti i prosperiteta na\u0161e zemlje. Oni su u tom smislu \u00a0doneli su odluku o potpunoj aktivaciji svojih \u010dlanova ,,kako bi preduzeli sve aktivnosti u cilju podr\u0161ke listi SNS na predstoje\u0107im izborima\u201c i stavljaju svoje resurse u tu svrhu.<\/p>\n<p>-Kao \u010doveku koji je svojim kredibilitetom i autoritetom pokazao stav o beskompromisnoj borbi za srpski narod i srpske nacionalne interese \u017eelimo vam mir, od boga svako dobro i pobedu na svim nivoima predstoje\u0107ih izbora, poru\u010dili su potpisnici pisma podr\u0161ke.<\/p>\n<div id='gallery-1' class='gallery galleryid-30511 gallery-columns-7 gallery-size-thumbnail'><figure class='gallery-item'>\n\t\t\t<div class='gallery-icon landscape'>\n\t\t\t\t<a href='https:\/\/centralmedia.rs\/index.php\/2022\/03\/02\/vise-od-20-udruzenja-gradana-podrzalo-aleksandra-vucica-za-predsednika-srbije\/udruzenja-3\/'><img loading=\"lazy\" decoding=\"async\" width=\"150\" height=\"150\" src=\"https:\/\/centralmedia.rs\/wp-content\/uploads\/2022\/03\/udru\u017eenja-3-150x150.jpg\" class=\"attachment-thumbnail size-thumbnail\" alt=\"\" \/><\/a>\n\t\t\t<\/div><\/figure><figure class='gallery-item'>\n\t\t\t<div class='gallery-icon landscape'>\n\t\t\t\t<a href='https:\/\/centralmedia.rs\/index.php\/2022\/03\/02\/vise-od-20-udruzenja-gradana-podrzalo-aleksandra-vucica-za-predsednika-srbije\/udruzenja\/'><img loading=\"lazy\" decoding=\"async\" width=\"150\" height=\"150\" src=\"https:\/\/centralmedia.rs\/wp-content\/uploads\/2022\/03\/udru\u017eenja-150x150.jpg\" class=\"attachment-thumbnail size-thumbnail\" alt=\"\" \/><\/a>\n\t\t\t<\/div><\/figure><figure class='gallery-item'>\n\t\t\t<div class='gallery-icon landscape'>\n\t\t\t\t<a href='https:\/\/centralmedia.rs\/index.php\/2022\/03\/02\/vise-od-20-udruzenja-gradana-podrzalo-aleksandra-vucica-za-predsednika-srbije\/udruzenja1\/'><img loading=\"lazy\" decoding=\"async\" width=\"150\" height=\"150\" src=\"https:\/\/centralmedia.rs\/wp-content\/uploads\/2022\/03\/udru\u017eenja1-150x150.jpg\" class=\"attachment-thumbnail size-thumbnail\" alt=\"\" \/><\/a>\n\t\t\t<\/div><\/figure><figure class='gallery-item'>\n\t\t\t<div class='gallery-icon landscape'>\n\t\t\t\t<a href='https:\/\/centralmedia.rs\/index.php\/2022\/03\/02\/vise-od-20-udruzenja-gradana-podrzalo-aleksandra-vucica-za-predsednika-srbije\/udruzenja2\/'><img loading=\"lazy\" decoding=\"async\" width=\"150\" height=\"150\" src=\"https:\/\/centralmedia.rs\/wp-content\/uploads\/2022\/03\/udru\u017eenja2-150x150.jpg\" class=\"attachment-thumbnail size-thumbnail\" alt=\"\" \/><\/a>\n\t\t\t<\/div><\/figure><figure class='gallery-item'>\n\t\t\t<div class='gallery-icon landscape'>\n\t\t\t\t<a href='https:\/\/centralmedia.rs\/index.php\/2022\/03\/02\/vise-od-20-udruzenja-gradana-podrzalo-aleksandra-vucica-za-predsednika-srbije\/udruzenja4\/'><img loading=\"lazy\" decoding=\"async\" width=\"150\" height=\"150\" src=\"https:\/\/centralmedia.rs\/wp-content\/uploads\/2022\/03\/udru\u017eenja4-150x150.jpg\" class=\"attachment-thumbnail size-thumbnail\" alt=\"\" \/><\/a>\n\t\t\t<\/div><\/figure><figure class='gallery-item'>\n\t\t\t<div class='gallery-icon landscape'>\n\t\t\t\t<a href='https:\/\/centralmedia.rs\/index.php\/2022\/03\/02\/vise-od-20-udruzenja-gradana-podrzalo-aleksandra-vucica-za-predsednika-srbije\/udruzenja5\/'><img loading=\"lazy\" decoding=\"async\" width=\"150\" height=\"150\" src=\"https:\/\/centralmedia.rs\/wp-content\/uploads\/2022\/03\/udru\u017eenja5-150x150.jpg\" class=\"attachment-thumbnail size-thumbnail\" alt=\"\" \/><\/a>\n\t\t\t<\/div><\/figure><figure class='gallery-item'>\n\t\t\t<div class='gallery-icon landscape'>\n\t\t\t\t<a href='https:\/\/centralmedia.rs\/index.php\/2022\/03\/02\/vise-od-20-udruzenja-gradana-podrzalo-aleksandra-vucica-za-predsednika-srbije\/udruzenja6\/'><img loading=\"lazy\" decoding=\"async\" width=\"150\" height=\"150\" src=\"https:\/\/centralmedia.rs\/wp-content\/uploads\/2022\/03\/udru\u017eenja6-150x150.jpg\" class=\"attachment-thumbnail size-thumbnail\" alt=\"\" \/><\/a>\n\t\t\t<\/div><\/figure>\n\t\t<\/div>\n\n<p>-Ovo je na\u0161 odgovor pun ljubavi zbog svega \u0161to su Aleksandar Vu\u010di\u0107 i SNS uradili za Srbiju. Kroz puno na\u0161ih \u00a0akcija sabra\u0107emo se zato \u0161to volimo Srbiju, zato \u0161to smo Svetosavci i ponosni smo na to,sve na\u0161e resurse stavi\u0107emo na raspoalganje kako bi pobeda Aleksadnra Vu\u010di\u0107a i SNS bila \u0161to ubedljivija, rekao je jedan od potpisnika predsednik Koalicije raseljenih sa Kosova i Metohije teolog Milo\u0161 Stojkovi\u0107<\/p>\n<p>Sastanku je prisustvovao Bratislav Bata \u0110or\u0111evi\u0107, proslavljeni ko\u0161arka\u0161ki trener i otac legendarnog ko\u0161arka\u0161a i trenera Aleksandra, koji je govorio o zna\u010daju sporta i fizi\u010dke aktivnosti, kao i funkcioneri SNS Novak Nedi\u0107 i Milan Stevanovi\u0107.<\/p>\n","protected":false},"excerpt":{"rendered":"<p>BEOGRAD- Vi\u0161e od 20 udru\u017eenja gra\u0111ana iz cele Srbije danas je na sastanku u Beogradu potpisalo otvoreno pismo podr\u0161ke Aleksandru Vu\u010di\u0107u i listi Srpske napredne &hellip; <\/p>\n","protected":false},"author":2,"featured_media":30512,"comment_status":"open","ping_status":"open","sticky":false,"template":"","format":"standard","meta":{"footnotes":""},"categories":[2,13,12],"tags":[643,136,1112,5716,63],"_links":{"self":[{"href":"https:\/\/centralmedia.rs\/index.php\/wp-json\/wp\/v2\/posts\/30511"}],"collection":[{"href":"https:\/\/centralmedia.rs\/index.php\/wp-json\/wp\/v2\/posts"}],"about":[{"href":"https:\/\/centralmedia.rs\/index.php\/wp-json\/wp\/v2\/types\/post"}],"author":[{"embeddable":true,"href":"https:\/\/centralmedia.rs\/index.php\/wp-json\/wp\/v2\/users\/2"}],"replies":[{"embeddable":true,"href":"https:\/\/centralmedia.rs\/index.php\/wp-json\/wp\/v2\/comments?post=30511"}],"version-history":[{"count":1,"href":"https:\/\/centralmedia.rs\/index.php\/wp-json\/wp\/v2\/posts\/30511\/revisions"}],"predecessor-version":[{"id":30519,"href":"https:\/\/centralmedia.rs\/index.php\/wp-json\/wp\/v2\/posts\/30511\/revisions\/30519"}],"wp:featuredmedia":[{"embeddable":true,"href":"https:\/\/centralmedia.rs\/index.php\/wp-json\/wp\/v2\/media\/30512"}],"wp:attachment":[{"href":"https:\/\/centralmedia.rs\/index.php\/wp-json\/wp\/v2\/media?parent=30511"}],"wp:term":[{"taxonomy":"category","embeddable":true,"href":"https:\/\/centralmedia.rs\/index.php\/wp-json\/wp\/v2\/categories?post=30511"},{"taxonomy":"post_tag","embeddable":true,"href":"https:\/\/centralmedia.rs\/index.php\/wp-json\/wp\/v2\/tags?post=30511"}],"curies":[{"name":"wp","href":"https:\/\/api.w.org\/{rel}","templated":true}]}}