{"id":30521,"date":"2022-03-02T23:58:52","date_gmt":"2022-03-02T22:58:52","guid":{"rendered":"http:\/\/centralmedia.rs\/?p=30521"},"modified":"2022-03-08T11:56:11","modified_gmt":"2022-03-08T10:56:11","slug":"poceo-ovogodisnji-program-strucne-prakse-za-11-pripravnika","status":"publish","type":"post","link":"https:\/\/centralmedia.rs\/index.php\/2022\/03\/02\/poceo-ovogodisnji-program-strucne-prakse-za-11-pripravnika\/","title":{"rendered":"PO\u010cEO OVOGODI\u0160NJI PROGRAM STRU\u010cNE PRAKSE ZA 11 PRIPRAVNIKA"},"content":{"rendered":"<p>SVILAJNAC-Zamenik predsednika op\u0161tine Svilajnac Dragana Radevi\u0107 sve\u010dano je danas uru\u010dila Ugovore o obavljanju stru\u010dne prakse za 11 ovogodi\u0161njih pripravnika, koji su od danas na svojim novim radnima mestima.<\/p>\n<p>-Ponosna sam na to \u0161to je u proteklih 12 godina vi\u0161e od 100 mladih ljudi pro\u0161lo kroz program stru\u010dne prakse, a desetine njih ostali su i nakon toga na svojim radnim mestima i danas su nosioci razvoja op\u0161tine Svilajnac. Ti mladi ljudi su budu\u0107nost Svilajnca, mnogi od njih sada rade na odgovornim i va\u017enim radnim mestima, a po\u010deli su preko ovog programa, izjavila je ona dodav\u0161i da \u0107e se i narednih godina nastaviti sa ovim programom.<\/p>\n<div id='gallery-1' class='gallery galleryid-30521 gallery-columns-3 gallery-size-full'><figure class='gallery-item'>\n\t\t\t<div class='gallery-icon landscape'>\n\t\t\t\t<a href='https:\/\/centralmedia.rs\/index.php\/2022\/03\/02\/poceo-ovogodisnji-program-strucne-prakse-za-11-pripravnika\/praksa\/'><img loading=\"lazy\" decoding=\"async\" width=\"2048\" height=\"1365\" src=\"https:\/\/centralmedia.rs\/wp-content\/uploads\/2022\/03\/PRaKSA.jpg\" class=\"attachment-full size-full\" alt=\"\" srcset=\"https:\/\/centralmedia.rs\/wp-content\/uploads\/2022\/03\/PRaKSA.jpg 2048w, https:\/\/centralmedia.rs\/wp-content\/uploads\/2022\/03\/PRaKSA-300x200.jpg 300w, https:\/\/centralmedia.rs\/wp-content\/uploads\/2022\/03\/PRaKSA-768x512.jpg 768w, https:\/\/centralmedia.rs\/wp-content\/uploads\/2022\/03\/PRaKSA-1024x683.jpg 1024w, https:\/\/centralmedia.rs\/wp-content\/uploads\/2022\/03\/PRaKSA-630x420.jpg 630w, https:\/\/centralmedia.rs\/wp-content\/uploads\/2022\/03\/PRaKSA-640x427.jpg 640w, https:\/\/centralmedia.rs\/wp-content\/uploads\/2022\/03\/PRaKSA-681x454.jpg 681w\" sizes=\"(max-width: 2048px) 100vw, 2048px\" \/><\/a>\n\t\t\t<\/div><\/figure><figure class='gallery-item'>\n\t\t\t<div class='gallery-icon landscape'>\n\t\t\t\t<a href='https:\/\/centralmedia.rs\/index.php\/2022\/03\/02\/poceo-ovogodisnji-program-strucne-prakse-za-11-pripravnika\/praksa1\/'><img loading=\"lazy\" decoding=\"async\" width=\"2048\" height=\"1365\" src=\"https:\/\/centralmedia.rs\/wp-content\/uploads\/2022\/03\/PRaKSA1.jpg\" class=\"attachment-full size-full\" alt=\"\" srcset=\"https:\/\/centralmedia.rs\/wp-content\/uploads\/2022\/03\/PRaKSA1.jpg 2048w, https:\/\/centralmedia.rs\/wp-content\/uploads\/2022\/03\/PRaKSA1-300x200.jpg 300w, https:\/\/centralmedia.rs\/wp-content\/uploads\/2022\/03\/PRaKSA1-768x512.jpg 768w, https:\/\/centralmedia.rs\/wp-content\/uploads\/2022\/03\/PRaKSA1-1024x683.jpg 1024w, https:\/\/centralmedia.rs\/wp-content\/uploads\/2022\/03\/PRaKSA1-630x420.jpg 630w, https:\/\/centralmedia.rs\/wp-content\/uploads\/2022\/03\/PRaKSA1-640x427.jpg 640w, https:\/\/centralmedia.rs\/wp-content\/uploads\/2022\/03\/PRaKSA1-681x454.jpg 681w\" sizes=\"(max-width: 2048px) 100vw, 2048px\" \/><\/a>\n\t\t\t<\/div><\/figure><figure class='gallery-item'>\n\t\t\t<div class='gallery-icon landscape'>\n\t\t\t\t<a href='https:\/\/centralmedia.rs\/index.php\/2022\/03\/02\/poceo-ovogodisnji-program-strucne-prakse-za-11-pripravnika\/praksa2\/'><img loading=\"lazy\" decoding=\"async\" width=\"2048\" height=\"1365\" src=\"https:\/\/centralmedia.rs\/wp-content\/uploads\/2022\/03\/PRaKSA2.jpg\" class=\"attachment-full size-full\" alt=\"\" srcset=\"https:\/\/centralmedia.rs\/wp-content\/uploads\/2022\/03\/PRaKSA2.jpg 2048w, https:\/\/centralmedia.rs\/wp-content\/uploads\/2022\/03\/PRaKSA2-300x200.jpg 300w, https:\/\/centralmedia.rs\/wp-content\/uploads\/2022\/03\/PRaKSA2-768x512.jpg 768w, https:\/\/centralmedia.rs\/wp-content\/uploads\/2022\/03\/PRaKSA2-1024x683.jpg 1024w, https:\/\/centralmedia.rs\/wp-content\/uploads\/2022\/03\/PRaKSA2-630x420.jpg 630w, https:\/\/centralmedia.rs\/wp-content\/uploads\/2022\/03\/PRaKSA2-640x427.jpg 640w, https:\/\/centralmedia.rs\/wp-content\/uploads\/2022\/03\/PRaKSA2-681x454.jpg 681w\" sizes=\"(max-width: 2048px) 100vw, 2048px\" \/><\/a>\n\t\t\t<\/div><\/figure>\n\t\t<\/div>\n\n<p>Program stru\u010dne prakse namenjen je nezaposlenim licima sa najmanje \u010detvorogodi\u0161njim visokim obrazovanjem. Traje 12 meseci, a njegovu realizaciju finansira op\u0161tina Svilajnac, uz tehni\u010dku podr\u0161ku Nacionalne slu\u017ebe za zapo\u0161ljavanje.<\/p>\n","protected":false},"excerpt":{"rendered":"<p>SVILAJNAC-Zamenik predsednika op\u0161tine Svilajnac Dragana Radevi\u0107 sve\u010dano je danas uru\u010dila Ugovore o obavljanju stru\u010dne prakse za 11 ovogodi\u0161njih pripravnika, koji su od danas na svojim &hellip; <\/p>\n","protected":false},"author":2,"featured_media":30522,"comment_status":"open","ping_status":"open","sticky":false,"template":"","format":"standard","meta":{"footnotes":""},"categories":[14,1524,2,12,1517],"tags":[4674,5717,38],"_links":{"self":[{"href":"https:\/\/centralmedia.rs\/index.php\/wp-json\/wp\/v2\/posts\/30521"}],"collection":[{"href":"https:\/\/centralmedia.rs\/index.php\/wp-json\/wp\/v2\/posts"}],"about":[{"href":"https:\/\/centralmedia.rs\/index.php\/wp-json\/wp\/v2\/types\/post"}],"author":[{"embeddable":true,"href":"https:\/\/centralmedia.rs\/index.php\/wp-json\/wp\/v2\/users\/2"}],"replies":[{"embeddable":true,"href":"https:\/\/centralmedia.rs\/index.php\/wp-json\/wp\/v2\/comments?post=30521"}],"version-history":[{"count":1,"href":"https:\/\/centralmedia.rs\/index.php\/wp-json\/wp\/v2\/posts\/30521\/revisions"}],"predecessor-version":[{"id":30526,"href":"https:\/\/centralmedia.rs\/index.php\/wp-json\/wp\/v2\/posts\/30521\/revisions\/30526"}],"wp:featuredmedia":[{"embeddable":true,"href":"https:\/\/centralmedia.rs\/index.php\/wp-json\/wp\/v2\/media\/30522"}],"wp:attachment":[{"href":"https:\/\/centralmedia.rs\/index.php\/wp-json\/wp\/v2\/media?parent=30521"}],"wp:term":[{"taxonomy":"category","embeddable":true,"href":"https:\/\/centralmedia.rs\/index.php\/wp-json\/wp\/v2\/categories?post=30521"},{"taxonomy":"post_tag","embeddable":true,"href":"https:\/\/centralmedia.rs\/index.php\/wp-json\/wp\/v2\/tags?post=30521"}],"curies":[{"name":"wp","href":"https:\/\/api.w.org\/{rel}","templated":true}]}}