{"id":30527,"date":"2022-03-03T14:51:12","date_gmt":"2022-03-03T13:51:12","guid":{"rendered":"http:\/\/centralmedia.rs\/?p=30527"},"modified":"2022-03-14T20:37:58","modified_gmt":"2022-03-14T19:37:58","slug":"udruzenja-iz-republike-srpske-uz-predsednika-vucica-i-sns","status":"publish","type":"post","link":"https:\/\/centralmedia.rs\/index.php\/2022\/03\/03\/udruzenja-iz-republike-srpske-uz-predsednika-vucica-i-sns\/","title":{"rendered":"UDRU\u017dENJA IZ REPUBLIKE SRPSKE UZ PREDSEDNIKA VU\u010cI\u0106A I SNS"},"content":{"rendered":"<p>BRATUNAC- Predsednici udru\u017eenja gra\u0111ana iz Bratunca i Zvornika u Republici Srpskoj, koji imaju pravo glasa na predstoje\u0107im izborima, potpisali su danas pismo podr\u0161ke listi Srpske napredne stranke za izbore 3. aprila, kao i predsedniku Aleksandru Vu\u010di\u0107u. U saop\u0161tenju za javnost pet udru\u017eenja stoji da se pru\u017ea puna podr\u0161ka bratskoj Srbiji, a ,,samim tim i listi SNS i predsedniku Aleksandru Vu\u010di\u0107u\u201c.<\/p>\n<p>-Na\u0161u zahvalnost pokaza\u0107emo na predstoje\u0107im izborima u Srbiji, koji \u0107e biti odr\u017eani 3. aprila. Imaju\u0107i u vidu nesebi\u010dnu podr\u0161ku narodu Republike Srpske, koju je u proteklih deset godina pru\u017eao Aleksandar Vu\u010di\u0107 sa svojim saborcima i saradnicima iz SNS donosimo odluku da sve svoje resurse uklju\u010dimo u cilju pod\u0161ke koja vodi pobedi naprednjaka, ka\u017ee se izme\u0111u ostalog u saop\u0161tenju udru\u017eenja iz Republike Srpske.<\/p>\n<div id='gallery-1' class='gallery galleryid-30527 gallery-columns-7 gallery-size-thumbnail'><figure class='gallery-item'>\n\t\t\t<div class='gallery-icon landscape'>\n\t\t\t\t<a href='https:\/\/centralmedia.rs\/index.php\/2022\/03\/03\/udruzenja-iz-republike-srpske-uz-predsednika-vucica-i-sns\/pismo1\/'><img loading=\"lazy\" decoding=\"async\" width=\"150\" height=\"150\" src=\"https:\/\/centralmedia.rs\/wp-content\/uploads\/2022\/03\/pismo1-150x150.jpg\" class=\"attachment-thumbnail size-thumbnail\" alt=\"\" \/><\/a>\n\t\t\t<\/div><\/figure><figure class='gallery-item'>\n\t\t\t<div class='gallery-icon landscape'>\n\t\t\t\t<a href='https:\/\/centralmedia.rs\/index.php\/2022\/03\/03\/udruzenja-iz-republike-srpske-uz-predsednika-vucica-i-sns\/pismo2\/'><img loading=\"lazy\" decoding=\"async\" width=\"150\" height=\"150\" src=\"https:\/\/centralmedia.rs\/wp-content\/uploads\/2022\/03\/pismo2-150x150.jpg\" class=\"attachment-thumbnail size-thumbnail\" alt=\"\" \/><\/a>\n\t\t\t<\/div><\/figure><figure class='gallery-item'>\n\t\t\t<div class='gallery-icon landscape'>\n\t\t\t\t<a href='https:\/\/centralmedia.rs\/index.php\/2022\/03\/03\/udruzenja-iz-republike-srpske-uz-predsednika-vucica-i-sns\/pismo3\/'><img loading=\"lazy\" decoding=\"async\" width=\"150\" height=\"150\" src=\"https:\/\/centralmedia.rs\/wp-content\/uploads\/2022\/03\/pismo3-150x150.jpg\" class=\"attachment-thumbnail size-thumbnail\" alt=\"\" \/><\/a>\n\t\t\t<\/div><\/figure><figure class='gallery-item'>\n\t\t\t<div class='gallery-icon landscape'>\n\t\t\t\t<a href='https:\/\/centralmedia.rs\/index.php\/2022\/03\/03\/udruzenja-iz-republike-srpske-uz-predsednika-vucica-i-sns\/pismo4\/'><img loading=\"lazy\" decoding=\"async\" width=\"150\" height=\"150\" src=\"https:\/\/centralmedia.rs\/wp-content\/uploads\/2022\/03\/pismo4-150x150.jpg\" class=\"attachment-thumbnail size-thumbnail\" alt=\"\" \/><\/a>\n\t\t\t<\/div><\/figure><figure class='gallery-item'>\n\t\t\t<div class='gallery-icon landscape'>\n\t\t\t\t<a href='https:\/\/centralmedia.rs\/index.php\/2022\/03\/03\/udruzenja-iz-republike-srpske-uz-predsednika-vucica-i-sns\/pismo5\/'><img loading=\"lazy\" decoding=\"async\" width=\"150\" height=\"150\" src=\"https:\/\/centralmedia.rs\/wp-content\/uploads\/2022\/03\/pismo5-150x150.jpg\" class=\"attachment-thumbnail size-thumbnail\" alt=\"\" \/><\/a>\n\t\t\t<\/div><\/figure><figure class='gallery-item'>\n\t\t\t<div class='gallery-icon landscape'>\n\t\t\t\t<a href='https:\/\/centralmedia.rs\/index.php\/2022\/03\/03\/udruzenja-iz-republike-srpske-uz-predsednika-vucica-i-sns\/pismo6\/'><img loading=\"lazy\" decoding=\"async\" width=\"150\" height=\"150\" src=\"https:\/\/centralmedia.rs\/wp-content\/uploads\/2022\/03\/pismo6-150x150.jpg\" class=\"attachment-thumbnail size-thumbnail\" alt=\"\" \/><\/a>\n\t\t\t<\/div><\/figure><figure class='gallery-item'>\n\t\t\t<div class='gallery-icon landscape'>\n\t\t\t\t<a href='https:\/\/centralmedia.rs\/index.php\/2022\/03\/03\/udruzenja-iz-republike-srpske-uz-predsednika-vucica-i-sns\/pismo-2\/'><img loading=\"lazy\" decoding=\"async\" width=\"150\" height=\"150\" src=\"https:\/\/centralmedia.rs\/wp-content\/uploads\/2022\/03\/pismo-150x150.jpg\" class=\"attachment-thumbnail size-thumbnail\" alt=\"\" \/><\/a>\n\t\t\t<\/div><\/figure>\n\t\t<\/div>\n\n<p>U udru\u017eenjima iz RS smatraju da je pobeda listeSNS na \u010delu sa Aleksandrom Vu\u010di\u0107em ,,pobeda svih nas\u201c,\u00a0 odnosno pobeda razvijene i ponosne Srbije koja \u0107e biti i dalje sna\u017ena podr\u0161ka gra\u0111anima Republike Srpske.<\/p>\n<p>Sastanku u Bratuncu prisustvovali su funkcioner SNS Milan Stevanovi\u0107 i teolog Milo\u0161 Stojkovi\u0107, predsednik Svepravoslavnog kampa prijateljstva i jedan od organizatora sastanka.<\/p>\n<p>-Volimo sve, ali ponosno po\u0161tujemo sebe. Zahvaljuju\u0107i Aleksandru Vu\u010di\u0107u i SNS vratili smo kulturu se\u0107anja i sada sa ponosom mo\u017eemo da ka\u017eemo ko smo i \u0161ta smo. Nekada to nije bio slu\u010daj. Na\u0161 nacionalni duh je vratio Aleksndar Vu\u010di\u0107 i SNS, zatim, identitet na koji smo svi mi ponosni, po\u0161tuju\u0107i i vole\u0107i sve na\u0161e kom\u0161ije ma koje vere i nacije. Zato je va\u017eno da pobedimo zajedno, ne Vu\u010di\u0107 i SNS, nego taj sabor koji mi \u010dinimo. SNS je svenarodni sabor i sigurna ku\u0107a za jaku Srbiju i Republiku Srpsku, sna\u017ene na\u0161e svetinje i na\u0161 narod gde god \u017eiveo, rekao je Stojkovi\u0107.<\/p>\n","protected":false},"excerpt":{"rendered":"<p>BRATUNAC- Predsednici udru\u017eenja gra\u0111ana iz Bratunca i Zvornika u Republici Srpskoj, koji imaju pravo glasa na predstoje\u0107im izborima, potpisali su danas pismo podr\u0161ke listi Srpske &hellip; <\/p>\n","protected":false},"author":2,"featured_media":30536,"comment_status":"open","ping_status":"open","sticky":false,"template":"","format":"standard","meta":{"footnotes":""},"categories":[2,13,12],"tags":[5256,332,5718,5716,63],"_links":{"self":[{"href":"https:\/\/centralmedia.rs\/index.php\/wp-json\/wp\/v2\/posts\/30527"}],"collection":[{"href":"https:\/\/centralmedia.rs\/index.php\/wp-json\/wp\/v2\/posts"}],"about":[{"href":"https:\/\/centralmedia.rs\/index.php\/wp-json\/wp\/v2\/types\/post"}],"author":[{"embeddable":true,"href":"https:\/\/centralmedia.rs\/index.php\/wp-json\/wp\/v2\/users\/2"}],"replies":[{"embeddable":true,"href":"https:\/\/centralmedia.rs\/index.php\/wp-json\/wp\/v2\/comments?post=30527"}],"version-history":[{"count":2,"href":"https:\/\/centralmedia.rs\/index.php\/wp-json\/wp\/v2\/posts\/30527\/revisions"}],"predecessor-version":[{"id":30575,"href":"https:\/\/centralmedia.rs\/index.php\/wp-json\/wp\/v2\/posts\/30527\/revisions\/30575"}],"wp:featuredmedia":[{"embeddable":true,"href":"https:\/\/centralmedia.rs\/index.php\/wp-json\/wp\/v2\/media\/30536"}],"wp:attachment":[{"href":"https:\/\/centralmedia.rs\/index.php\/wp-json\/wp\/v2\/media?parent=30527"}],"wp:term":[{"taxonomy":"category","embeddable":true,"href":"https:\/\/centralmedia.rs\/index.php\/wp-json\/wp\/v2\/categories?post=30527"},{"taxonomy":"post_tag","embeddable":true,"href":"https:\/\/centralmedia.rs\/index.php\/wp-json\/wp\/v2\/tags?post=30527"}],"curies":[{"name":"wp","href":"https:\/\/api.w.org\/{rel}","templated":true}]}}