{"id":30537,"date":"2022-03-04T13:44:14","date_gmt":"2022-03-04T12:44:14","guid":{"rendered":"http:\/\/centralmedia.rs\/?p=30537"},"modified":"2022-03-06T13:48:45","modified_gmt":"2022-03-06T12:48:45","slug":"u-nedelju-bele-poklade-u-svilajncu","status":"publish","type":"post","link":"https:\/\/centralmedia.rs\/index.php\/2022\/03\/04\/u-nedelju-bele-poklade-u-svilajncu\/","title":{"rendered":"U NEDELJU BELE POKLADE U SVILAJNCU"},"content":{"rendered":"<p>SVILAJNAC-U nedelju 6. marta u Svilajncu se odr\u017eava omiljena gradska manifestacija Bele poklade i to 13. put za redom.\u00a0 Tradicionalni maskenbal okuplja vi\u0161e hiljada u\u010desnika pokladnog karnevala iz celog regiona.<\/p>\n<p>Pokladna povorka okuplja se u 11 sati na Trgu Stevana Sin\u0111eli\u0107a uz tradicionalnu pokladnu vatru i poslu\u017eenje,a nakon toga iz centra grada ide u Prirodnja\u010dki centar Srbije, \u00a0gde \u0107e od 12 \u010dasova biti odr\u017ean veliki koncert Leontine, Ivane Peters i mlade You Tube zvezde Darije Vra\u010devi\u0107.<\/p>\n<p>Bele poklade korene imaju u starim, tradicionalnim obi\u010dajima kada su bile posve\u0107ene proslavi po\u010detka prole\u0107a. Uz paljenje pokladne vatre u\u010desnici maskenbala po starom dobrom obi\u010daju treba da simboli\u010dno oteraju zimu i zle duhove, a prizovu i do\u010dekaju prole\u0107e, lepo vreme i rodnu godinu. Belom nedeljom se smatra poslednja sedmica pred Uskr\u0161nji post, gde se poslednji dan naziva Belim pokladama. Raznovrsnost maski i kreativnost u\u010desnika ovu pokladnu povorku pretvorili su u svojevrstan karneval pod maskama \u010dijoj pozitivnoj atmosferi doprinosi sve ve\u0107i broj uli\u010dnih zabavlja\u010da i gostiju sa strane.<\/p>\n<p>&nbsp;<\/p>\n<p>Kako to izgleda mo\u017eete pogledati na slede\u0107em linku: <a href=\"https:\/\/www.youtube.com\/watch?v=SlniOU1WqkE\">https:\/\/www.youtube.com\/watch?v=SlniOU1WqkE<\/a><\/p>\n<p>&nbsp;<\/p>\n","protected":false},"excerpt":{"rendered":"<p>SVILAJNAC-U nedelju 6. marta u Svilajncu se odr\u017eava omiljena gradska manifestacija Bele poklade i to 13. put za redom.\u00a0 Tradicionalni maskenbal okuplja vi\u0161e hiljada u\u010desnika &hellip; <\/p>\n","protected":false},"author":2,"featured_media":6927,"comment_status":"open","ping_status":"open","sticky":false,"template":"","format":"standard","meta":{"footnotes":""},"categories":[1524,2,15,12,1517],"tags":[5712,38],"_links":{"self":[{"href":"https:\/\/centralmedia.rs\/index.php\/wp-json\/wp\/v2\/posts\/30537"}],"collection":[{"href":"https:\/\/centralmedia.rs\/index.php\/wp-json\/wp\/v2\/posts"}],"about":[{"href":"https:\/\/centralmedia.rs\/index.php\/wp-json\/wp\/v2\/types\/post"}],"author":[{"embeddable":true,"href":"https:\/\/centralmedia.rs\/index.php\/wp-json\/wp\/v2\/users\/2"}],"replies":[{"embeddable":true,"href":"https:\/\/centralmedia.rs\/index.php\/wp-json\/wp\/v2\/comments?post=30537"}],"version-history":[{"count":1,"href":"https:\/\/centralmedia.rs\/index.php\/wp-json\/wp\/v2\/posts\/30537\/revisions"}],"predecessor-version":[{"id":30538,"href":"https:\/\/centralmedia.rs\/index.php\/wp-json\/wp\/v2\/posts\/30537\/revisions\/30538"}],"wp:featuredmedia":[{"embeddable":true,"href":"https:\/\/centralmedia.rs\/index.php\/wp-json\/wp\/v2\/media\/6927"}],"wp:attachment":[{"href":"https:\/\/centralmedia.rs\/index.php\/wp-json\/wp\/v2\/media?parent=30537"}],"wp:term":[{"taxonomy":"category","embeddable":true,"href":"https:\/\/centralmedia.rs\/index.php\/wp-json\/wp\/v2\/categories?post=30537"},{"taxonomy":"post_tag","embeddable":true,"href":"https:\/\/centralmedia.rs\/index.php\/wp-json\/wp\/v2\/tags?post=30537"}],"curies":[{"name":"wp","href":"https:\/\/api.w.org\/{rel}","templated":true}]}}