{"id":30598,"date":"2022-03-07T11:24:41","date_gmt":"2022-03-07T10:24:41","guid":{"rendered":"http:\/\/centralmedia.rs\/?p=30598"},"modified":"2022-03-14T20:38:31","modified_gmt":"2022-03-14T19:38:31","slug":"republika-srpska-podrzava-vucica-i-sns-rankic-kada-srbija-ide-napred-i-republika-srpska-narpeduje","status":"publish","type":"post","link":"https:\/\/centralmedia.rs\/index.php\/2022\/03\/07\/republika-srpska-podrzava-vucica-i-sns-rankic-kada-srbija-ide-napred-i-republika-srpska-narpeduje\/","title":{"rendered":"REPUBLIKA SRPSKA PODR\u017dAVA VU\u010cI\u0106A I SNS &#8211; RANKI\u0106: KADA SRBIJA IDE NAPRED I REPUBLIKA SRPSKA NARPEDUJE"},"content":{"rendered":"<p>BRATUNAC-Na\u010delnik op\u0161tine Bratunac u Republici Srpskoj i predsednik Srpskog narodnog pokreta RS Sr\u0111an Ranki\u0107 na sastanku sa predsednikom Svepravoslavnog kampa prijateljstva i teologom Milo\u0161em Stojkovi\u0107em izjavio je da kao prvi \u010dovek te lokalne samouprave daje maksimalu podr\u0161ku Aleksandru Vu\u010di\u0107u za izbore za predsednika Srbije i listi Srpske napredne stranke za parlamenatarne izbore koji biti odr\u017eani 3. aprila.<\/p>\n<p>-Kao na\u010delnik Bratunca i predsednik Srpskog narodnog pokreta prvi dajem podr\u0161ku Aleksandru Vu\u010di\u0107u i listi SNS za predstoje\u0107e izbore, a to \u0107e uraditi i svi ljudi iz Republike Srpske koji imaju dvojno dr\u017eavljanstvo i pravo glasa. Mi smo Srbi iz RS, koji imaju dr\u017eavljanstvo Srbije, i ostvarili smo pravo glasa. Dajemo apsolutnu \u00a0podr\u0161ku ovakvoj Srbiji, ovakvom predsedniku, gde dr\u017eava ide napred, a kada Srbija ide napred i Republika Srpska napreduje. Aleksandar Vu\u010di\u0107 i SNS mogu da o\u010dekuju na\u0161u maksimalnu podr\u0161ku na izborima 3. aprila, rekao je Ranki\u0107 i dodao da je lo\u0161a poruka bila kada su pojedni mediji snimali autobuse po Beogradu i govorili o nekakvoj fiktivnoj registraciji, te da svako mo\u017ee da vidi u kancelariji \u00a0Bratuncu, gde se Srbi prijavljuju za odlazak na izbore, da nije re\u010d o nikakvoj fiktivnoj registraciji.<\/p>\n<p><img loading=\"lazy\" decoding=\"async\" class=\"alignnone wp-image-30533 size-large\" src=\"http:\/\/centralmedia.rs\/wp-content\/uploads\/2022\/03\/pismo5-1024x768.jpg\" alt=\"\" width=\"640\" height=\"480\" srcset=\"https:\/\/centralmedia.rs\/wp-content\/uploads\/2022\/03\/pismo5-1024x768.jpg 1024w, https:\/\/centralmedia.rs\/wp-content\/uploads\/2022\/03\/pismo5-300x225.jpg 300w, https:\/\/centralmedia.rs\/wp-content\/uploads\/2022\/03\/pismo5-768x576.jpg 768w, https:\/\/centralmedia.rs\/wp-content\/uploads\/2022\/03\/pismo5-560x420.jpg 560w, https:\/\/centralmedia.rs\/wp-content\/uploads\/2022\/03\/pismo5-80x60.jpg 80w, https:\/\/centralmedia.rs\/wp-content\/uploads\/2022\/03\/pismo5-100x75.jpg 100w, https:\/\/centralmedia.rs\/wp-content\/uploads\/2022\/03\/pismo5-180x135.jpg 180w, https:\/\/centralmedia.rs\/wp-content\/uploads\/2022\/03\/pismo5-238x178.jpg 238w, https:\/\/centralmedia.rs\/wp-content\/uploads\/2022\/03\/pismo5-640x480.jpg 640w, https:\/\/centralmedia.rs\/wp-content\/uploads\/2022\/03\/pismo5-681x511.jpg 681w, https:\/\/centralmedia.rs\/wp-content\/uploads\/2022\/03\/pismo5.jpg 1800w\" sizes=\"(max-width: 640px) 100vw, 640px\" \/><\/p>\n<p>-Ranki\u0107 je deo velike srpske ku\u0107e koja voli i po\u0161tuje sve druge, ali najvi\u0161e na\u0161u Srbiju, a ta ku\u0107a se zove SNS. Na\u0161 brat saborac i prijatelj u svakom trenuktu i u svakom pogledu, istakao je Stojkovi\u0107.<\/p>\n","protected":false},"excerpt":{"rendered":"<p>BRATUNAC-Na\u010delnik op\u0161tine Bratunac u Republici Srpskoj i predsednik Srpskog narodnog pokreta RS Sr\u0111an Ranki\u0107 na sastanku sa predsednikom Svepravoslavnog kampa prijateljstva i teologom Milo\u0161em Stojkovi\u0107em &hellip; <\/p>\n","protected":false},"author":2,"featured_media":30599,"comment_status":"open","ping_status":"open","sticky":false,"template":"","format":"standard","meta":{"footnotes":""},"categories":[2,13,12],"tags":[5256,643,5726,3123,136,1321,63],"_links":{"self":[{"href":"https:\/\/centralmedia.rs\/index.php\/wp-json\/wp\/v2\/posts\/30598"}],"collection":[{"href":"https:\/\/centralmedia.rs\/index.php\/wp-json\/wp\/v2\/posts"}],"about":[{"href":"https:\/\/centralmedia.rs\/index.php\/wp-json\/wp\/v2\/types\/post"}],"author":[{"embeddable":true,"href":"https:\/\/centralmedia.rs\/index.php\/wp-json\/wp\/v2\/users\/2"}],"replies":[{"embeddable":true,"href":"https:\/\/centralmedia.rs\/index.php\/wp-json\/wp\/v2\/comments?post=30598"}],"version-history":[{"count":1,"href":"https:\/\/centralmedia.rs\/index.php\/wp-json\/wp\/v2\/posts\/30598\/revisions"}],"predecessor-version":[{"id":30600,"href":"https:\/\/centralmedia.rs\/index.php\/wp-json\/wp\/v2\/posts\/30598\/revisions\/30600"}],"wp:featuredmedia":[{"embeddable":true,"href":"https:\/\/centralmedia.rs\/index.php\/wp-json\/wp\/v2\/media\/30599"}],"wp:attachment":[{"href":"https:\/\/centralmedia.rs\/index.php\/wp-json\/wp\/v2\/media?parent=30598"}],"wp:term":[{"taxonomy":"category","embeddable":true,"href":"https:\/\/centralmedia.rs\/index.php\/wp-json\/wp\/v2\/categories?post=30598"},{"taxonomy":"post_tag","embeddable":true,"href":"https:\/\/centralmedia.rs\/index.php\/wp-json\/wp\/v2\/tags?post=30598"}],"curies":[{"name":"wp","href":"https:\/\/api.w.org\/{rel}","templated":true}]}}