{"id":30616,"date":"2022-03-08T11:51:58","date_gmt":"2022-03-08T10:51:58","guid":{"rendered":"http:\/\/centralmedia.rs\/?p=30616"},"modified":"2022-03-14T20:39:06","modified_gmt":"2022-03-14T19:39:06","slug":"nebesko-kamenje-i-mosasaurus-nove-atrakcije-u-prirodnjackom-centru","status":"publish","type":"post","link":"https:\/\/centralmedia.rs\/index.php\/2022\/03\/08\/nebesko-kamenje-i-mosasaurus-nove-atrakcije-u-prirodnjackom-centru\/","title":{"rendered":"NEBESKO KAMENJE\u201c I \u201eMOSASAURUS\u201c NOVE ATRAKCIJE U PRIRODNJA\u010cKOM CENTRU"},"content":{"rendered":"<p>SVILAJNAC-Predstavljene su nove izlo\u017ebe Prirodnja\u010dkog centra Srbije u Svilajncu.<\/p>\n<div id='gallery-1' class='gallery galleryid-30616 gallery-columns-4 gallery-size-thumbnail'><figure class='gallery-item'>\n\t\t\t<div class='gallery-icon landscape'>\n\t\t\t\t<a href='https:\/\/centralmedia.rs\/index.php\/2022\/03\/08\/nebesko-kamenje-i-mosasaurus-nove-atrakcije-u-prirodnjackom-centru\/prirodnjacki-centar1-2\/'><img loading=\"lazy\" decoding=\"async\" width=\"150\" height=\"150\" src=\"https:\/\/centralmedia.rs\/wp-content\/uploads\/2022\/03\/prirodnjacki-centar1-150x150.jpg\" class=\"attachment-thumbnail size-thumbnail\" alt=\"\" srcset=\"https:\/\/centralmedia.rs\/wp-content\/uploads\/2022\/03\/prirodnjacki-centar1-150x150.jpg 150w, https:\/\/centralmedia.rs\/wp-content\/uploads\/2022\/03\/prirodnjacki-centar1-300x300.jpg 300w, https:\/\/centralmedia.rs\/wp-content\/uploads\/2022\/03\/prirodnjacki-centar1-768x768.jpg 768w, https:\/\/centralmedia.rs\/wp-content\/uploads\/2022\/03\/prirodnjacki-centar1-420x420.jpg 420w, https:\/\/centralmedia.rs\/wp-content\/uploads\/2022\/03\/prirodnjacki-centar1-640x640.jpg 640w, https:\/\/centralmedia.rs\/wp-content\/uploads\/2022\/03\/prirodnjacki-centar1-681x681.jpg 681w, https:\/\/centralmedia.rs\/wp-content\/uploads\/2022\/03\/prirodnjacki-centar1.jpg 960w\" sizes=\"(max-width: 150px) 100vw, 150px\" \/><\/a>\n\t\t\t<\/div><\/figure><figure class='gallery-item'>\n\t\t\t<div class='gallery-icon landscape'>\n\t\t\t\t<a href='https:\/\/centralmedia.rs\/index.php\/2022\/03\/08\/nebesko-kamenje-i-mosasaurus-nove-atrakcije-u-prirodnjackom-centru\/prirodnjacki-centar2\/'><img loading=\"lazy\" decoding=\"async\" width=\"150\" height=\"150\" src=\"https:\/\/centralmedia.rs\/wp-content\/uploads\/2022\/03\/prirodnjacki-centar2-150x150.jpg\" class=\"attachment-thumbnail size-thumbnail\" alt=\"\" srcset=\"https:\/\/centralmedia.rs\/wp-content\/uploads\/2022\/03\/prirodnjacki-centar2-150x150.jpg 150w, https:\/\/centralmedia.rs\/wp-content\/uploads\/2022\/03\/prirodnjacki-centar2-300x300.jpg 300w, https:\/\/centralmedia.rs\/wp-content\/uploads\/2022\/03\/prirodnjacki-centar2-768x768.jpg 768w, https:\/\/centralmedia.rs\/wp-content\/uploads\/2022\/03\/prirodnjacki-centar2-420x420.jpg 420w, https:\/\/centralmedia.rs\/wp-content\/uploads\/2022\/03\/prirodnjacki-centar2-640x640.jpg 640w, https:\/\/centralmedia.rs\/wp-content\/uploads\/2022\/03\/prirodnjacki-centar2-681x681.jpg 681w, https:\/\/centralmedia.rs\/wp-content\/uploads\/2022\/03\/prirodnjacki-centar2.jpg 960w\" sizes=\"(max-width: 150px) 100vw, 150px\" \/><\/a>\n\t\t\t<\/div><\/figure><figure class='gallery-item'>\n\t\t\t<div class='gallery-icon landscape'>\n\t\t\t\t<a href='https:\/\/centralmedia.rs\/index.php\/2022\/03\/08\/nebesko-kamenje-i-mosasaurus-nove-atrakcije-u-prirodnjackom-centru\/prirodnjacki-centar3\/'><img loading=\"lazy\" decoding=\"async\" width=\"150\" height=\"150\" src=\"https:\/\/centralmedia.rs\/wp-content\/uploads\/2022\/03\/prirodnjacki-centar3-150x150.jpg\" class=\"attachment-thumbnail size-thumbnail\" alt=\"\" srcset=\"https:\/\/centralmedia.rs\/wp-content\/uploads\/2022\/03\/prirodnjacki-centar3-150x150.jpg 150w, https:\/\/centralmedia.rs\/wp-content\/uploads\/2022\/03\/prirodnjacki-centar3-300x300.jpg 300w, https:\/\/centralmedia.rs\/wp-content\/uploads\/2022\/03\/prirodnjacki-centar3-768x768.jpg 768w, https:\/\/centralmedia.rs\/wp-content\/uploads\/2022\/03\/prirodnjacki-centar3-420x420.jpg 420w, https:\/\/centralmedia.rs\/wp-content\/uploads\/2022\/03\/prirodnjacki-centar3-640x640.jpg 640w, https:\/\/centralmedia.rs\/wp-content\/uploads\/2022\/03\/prirodnjacki-centar3-681x681.jpg 681w, https:\/\/centralmedia.rs\/wp-content\/uploads\/2022\/03\/prirodnjacki-centar3.jpg 960w\" sizes=\"(max-width: 150px) 100vw, 150px\" \/><\/a>\n\t\t\t<\/div><\/figure><figure class='gallery-item'>\n\t\t\t<div class='gallery-icon landscape'>\n\t\t\t\t<a href='https:\/\/centralmedia.rs\/index.php\/2022\/03\/08\/nebesko-kamenje-i-mosasaurus-nove-atrakcije-u-prirodnjackom-centru\/prirodnjacki-centar4\/'><img loading=\"lazy\" decoding=\"async\" width=\"150\" height=\"150\" src=\"https:\/\/centralmedia.rs\/wp-content\/uploads\/2022\/03\/prirodnjacki-centar4-150x150.jpg\" class=\"attachment-thumbnail size-thumbnail\" alt=\"\" srcset=\"https:\/\/centralmedia.rs\/wp-content\/uploads\/2022\/03\/prirodnjacki-centar4-150x150.jpg 150w, https:\/\/centralmedia.rs\/wp-content\/uploads\/2022\/03\/prirodnjacki-centar4-300x300.jpg 300w, https:\/\/centralmedia.rs\/wp-content\/uploads\/2022\/03\/prirodnjacki-centar4-768x768.jpg 768w, https:\/\/centralmedia.rs\/wp-content\/uploads\/2022\/03\/prirodnjacki-centar4-420x420.jpg 420w, https:\/\/centralmedia.rs\/wp-content\/uploads\/2022\/03\/prirodnjacki-centar4-640x640.jpg 640w, https:\/\/centralmedia.rs\/wp-content\/uploads\/2022\/03\/prirodnjacki-centar4-681x681.jpg 681w, https:\/\/centralmedia.rs\/wp-content\/uploads\/2022\/03\/prirodnjacki-centar4.jpg 960w\" sizes=\"(max-width: 150px) 100vw, 150px\" \/><\/a>\n\t\t\t<\/div><\/figure>\n\t\t<\/div>\n\n<p>\u201eNebesko kamenje\u201c predstavlja jednu od najve\u0107ih kolekcija METEORITA na Balkanu. Sadr\u017ei nekoliko vrlo ekskluzivnih primeraka, od kojih je jedan prona\u0111en u Sibiru 1947. godine, a njegov udar bio je toliko jak da su stanovnici tog podru\u010dja mislili da je to nastavak Drugog svetskog rata.<\/p>\n<p>Od nove sezone Prirodnja\u010dki centar bogatiji je za jo\u0161 jedan ekskluzivitet, a to je ORIGINALNI FOSIL LOBANJE MOSASAURUSA. Ovaj eksponat star je oko 70 miliona godina i prona\u0111en je na tlu Afrike.<\/p>\n<p>Tu je i dopuna izlo\u017ebe \u201eMinerali i stene\u201c sa jednom Interaktivnom stenom, gde \u0107e posetioci mo\u0107i da istra\u017ee minerale i stene dodirom.<\/p>\n<p>Posebno smo ponosni na to \u0161to smo ovim lepim povodom okupili svoje drage saradnike i prijatelje bez \u010dije podr\u0161ke Prirodnja\u010dki centar ne bi ovoliko napredovao u oblasti kulture, nauke, obrazovanja i turizma.<\/p>\n<p>Izlo\u017ebu je zvani\u010dno otvorila pomo\u0107nica ministra kulture i informisanja Danijela Vanu\u0161i\u0107 koja je istakla zna\u010daj Prirodnja\u010dkog centra za nacionalnu kulturnu ponudu i pohvalila napore tima Prirodnja\u010dkog centra na popularizaciji nauke i kulture.<\/p>\n<p>Dugogodi\u0161nji saradnik Prirodnja\u010dkog centra je Prirodnja\u010dki muzej Beograd, \u010diji je direktor Slavko Spasi\u0107 istakao deceniju uspe\u0161ne saradnje ove dve institucije na brojnim projektima i sadr\u017eajima.<\/p>\n<p>Prirodnja\u010dki centar otvoren je za posete svakog dana od 10 do 18 sati.<\/p>\n<p>&nbsp;<\/p>\n","protected":false},"excerpt":{"rendered":"<p>SVILAJNAC-Predstavljene su nove izlo\u017ebe Prirodnja\u010dkog centra Srbije u Svilajncu. \u201eNebesko kamenje\u201c predstavlja jednu od najve\u0107ih kolekcija METEORITA na Balkanu. Sadr\u017ei nekoliko vrlo ekskluzivnih primeraka, od &hellip; <\/p>\n","protected":false},"author":2,"featured_media":30617,"comment_status":"open","ping_status":"open","sticky":false,"template":"","format":"standard","meta":{"footnotes":""},"categories":[14,1524,2,887,12,1517],"tags":[5729,1209,288,38],"_links":{"self":[{"href":"https:\/\/centralmedia.rs\/index.php\/wp-json\/wp\/v2\/posts\/30616"}],"collection":[{"href":"https:\/\/centralmedia.rs\/index.php\/wp-json\/wp\/v2\/posts"}],"about":[{"href":"https:\/\/centralmedia.rs\/index.php\/wp-json\/wp\/v2\/types\/post"}],"author":[{"embeddable":true,"href":"https:\/\/centralmedia.rs\/index.php\/wp-json\/wp\/v2\/users\/2"}],"replies":[{"embeddable":true,"href":"https:\/\/centralmedia.rs\/index.php\/wp-json\/wp\/v2\/comments?post=30616"}],"version-history":[{"count":2,"href":"https:\/\/centralmedia.rs\/index.php\/wp-json\/wp\/v2\/posts\/30616\/revisions"}],"predecessor-version":[{"id":30623,"href":"https:\/\/centralmedia.rs\/index.php\/wp-json\/wp\/v2\/posts\/30616\/revisions\/30623"}],"wp:featuredmedia":[{"embeddable":true,"href":"https:\/\/centralmedia.rs\/index.php\/wp-json\/wp\/v2\/media\/30617"}],"wp:attachment":[{"href":"https:\/\/centralmedia.rs\/index.php\/wp-json\/wp\/v2\/media?parent=30616"}],"wp:term":[{"taxonomy":"category","embeddable":true,"href":"https:\/\/centralmedia.rs\/index.php\/wp-json\/wp\/v2\/categories?post=30616"},{"taxonomy":"post_tag","embeddable":true,"href":"https:\/\/centralmedia.rs\/index.php\/wp-json\/wp\/v2\/tags?post=30616"}],"curies":[{"name":"wp","href":"https:\/\/api.w.org\/{rel}","templated":true}]}}