{"id":30624,"date":"2022-03-09T11:35:27","date_gmt":"2022-03-09T10:35:27","guid":{"rendered":"http:\/\/centralmedia.rs\/?p=30624"},"modified":"2022-03-14T20:39:16","modified_gmt":"2022-03-14T19:39:16","slug":"predizborna-tribina-liste-ivica-dacic-premijer-srbije-u-majuru","status":"publish","type":"post","link":"https:\/\/centralmedia.rs\/index.php\/2022\/03\/09\/predizborna-tribina-liste-ivica-dacic-premijer-srbije-u-majuru\/","title":{"rendered":"PREDIZBORNA TRIBINA LISTE IVICA DA\u010cI\u0106 &#8211; PREMIJER SRBIJE U MAJURU"},"content":{"rendered":"<p>JAGODINA- Oko 700 me\u0161tana Majura kod Jagodina ispunilo je Dom kulture prilikom sino\u0107ne tribine Tima za Jagodinu koalicione liste za parlamentarne izbore ,,Ivica Da\u010di\u0107 premijer Srbije\u201d \u00a0SPS &#8211; Jedinstvena Srbija &#8211; Zeleni Srbije. Predstavljeni su kandidati za poslenika sa te liste iz Jagodine.<\/p>\n<p>-Najbolje se vidi koliko koji \u010dovek vredi kada se vidi sa kime se dru\u017ei, ko ga prati, a na\u0161 tim za Jagodinu je najbolji tim i ja se sa njim ponosim. Imali ja\u010deg tima u okru\u017eenju politi\u010dara od ljudi koji su samnom, ne postoji ja\u010di tim. \u017delimo da lekari brinu o pacijentima, da prosvetni radnici obrazuju decu, da direktori budu u funkciji gra\u0111ana, da se problem re\u0161avaju. Ponosan sam kada se pojavim sa ovim ljudima, odnosno razlikujemo se od drugih, \u00a0rekao je Dragan Markovi\u0107 Palma predstavljaju\u0107i Tim za Jagodinu koji \u010dine zadravstveni i prosvetni radnici, direktori javnih ustanova i istaknuti pojednici.<\/p>\n<div id='gallery-1' class='gallery galleryid-30624 gallery-columns-3 gallery-size-full'><figure class='gallery-item'>\n\t\t\t<div class='gallery-icon landscape'>\n\t\t\t\t<a href='https:\/\/centralmedia.rs\/index.php\/2022\/03\/09\/predizborna-tribina-liste-ivica-dacic-premijer-srbije-u-majuru\/majur-2\/'><img loading=\"lazy\" decoding=\"async\" width=\"1438\" height=\"640\" src=\"https:\/\/centralmedia.rs\/wp-content\/uploads\/2022\/03\/majur.jpg\" class=\"attachment-full size-full\" alt=\"\" srcset=\"https:\/\/centralmedia.rs\/wp-content\/uploads\/2022\/03\/majur.jpg 1438w, https:\/\/centralmedia.rs\/wp-content\/uploads\/2022\/03\/majur-300x134.jpg 300w, https:\/\/centralmedia.rs\/wp-content\/uploads\/2022\/03\/majur-768x342.jpg 768w, https:\/\/centralmedia.rs\/wp-content\/uploads\/2022\/03\/majur-1024x456.jpg 1024w, https:\/\/centralmedia.rs\/wp-content\/uploads\/2022\/03\/majur-944x420.jpg 944w, https:\/\/centralmedia.rs\/wp-content\/uploads\/2022\/03\/majur-640x285.jpg 640w, https:\/\/centralmedia.rs\/wp-content\/uploads\/2022\/03\/majur-681x303.jpg 681w\" sizes=\"(max-width: 1438px) 100vw, 1438px\" \/><\/a>\n\t\t\t<\/div><\/figure><figure class='gallery-item'>\n\t\t\t<div class='gallery-icon landscape'>\n\t\t\t\t<a href='https:\/\/centralmedia.rs\/index.php\/2022\/03\/09\/predizborna-tribina-liste-ivica-dacic-premijer-srbije-u-majuru\/majur3\/'><img loading=\"lazy\" decoding=\"async\" width=\"960\" height=\"600\" src=\"https:\/\/centralmedia.rs\/wp-content\/uploads\/2022\/03\/majur3.jpg\" class=\"attachment-full size-full\" alt=\"\" srcset=\"https:\/\/centralmedia.rs\/wp-content\/uploads\/2022\/03\/majur3.jpg 960w, https:\/\/centralmedia.rs\/wp-content\/uploads\/2022\/03\/majur3-300x188.jpg 300w, https:\/\/centralmedia.rs\/wp-content\/uploads\/2022\/03\/majur3-768x480.jpg 768w, https:\/\/centralmedia.rs\/wp-content\/uploads\/2022\/03\/majur3-672x420.jpg 672w, https:\/\/centralmedia.rs\/wp-content\/uploads\/2022\/03\/majur3-640x400.jpg 640w, https:\/\/centralmedia.rs\/wp-content\/uploads\/2022\/03\/majur3-681x426.jpg 681w\" sizes=\"(max-width: 960px) 100vw, 960px\" \/><\/a>\n\t\t\t<\/div><\/figure><figure class='gallery-item'>\n\t\t\t<div class='gallery-icon landscape'>\n\t\t\t\t<a href='https:\/\/centralmedia.rs\/index.php\/2022\/03\/09\/predizborna-tribina-liste-ivica-dacic-premijer-srbije-u-majuru\/majur2\/'><img loading=\"lazy\" decoding=\"async\" width=\"960\" height=\"540\" src=\"https:\/\/centralmedia.rs\/wp-content\/uploads\/2022\/03\/majur2.jpg\" class=\"attachment-full size-full\" alt=\"\" srcset=\"https:\/\/centralmedia.rs\/wp-content\/uploads\/2022\/03\/majur2.jpg 960w, https:\/\/centralmedia.rs\/wp-content\/uploads\/2022\/03\/majur2-300x169.jpg 300w, https:\/\/centralmedia.rs\/wp-content\/uploads\/2022\/03\/majur2-768x432.jpg 768w, https:\/\/centralmedia.rs\/wp-content\/uploads\/2022\/03\/majur2-747x420.jpg 747w, https:\/\/centralmedia.rs\/wp-content\/uploads\/2022\/03\/majur2-640x360.jpg 640w, https:\/\/centralmedia.rs\/wp-content\/uploads\/2022\/03\/majur2-681x383.jpg 681w\" sizes=\"(max-width: 960px) 100vw, 960px\" \/><\/a>\n\t\t\t<\/div><\/figure>\n\t\t<\/div>\n\n<p>-Nemojte vi\u0161e da nam je bolji neko drugi. \u010cesto \u010dujem ,,on je iz Beograda\u201d pa su zato oni mnogo bolji od nas. Niste imali priliku da ih upoznate i njihovo razmi\u0161ljanje je dijametralno suprotno od na\u0161eg. Mi smo iskreni i po\u0161teni, nikome lo\u0161e ne mislimo. Zato \u0107emo da pobedimo ovde u Majuru na osnovu va\u0161eg prisustva, istakao je Markovi\u0107.<\/p>\n<p>Dama je, povodom 8. marta, uru\u010deno cve\u0107e i prigodni pokloni.<\/p>\n","protected":false},"excerpt":{"rendered":"<p>JAGODINA- Oko 700 me\u0161tana Majura kod Jagodina ispunilo je Dom kulture prilikom sino\u0107ne tribine Tima za Jagodinu koalicione liste za parlamentarne izbore ,,Ivica Da\u010di\u0107 premijer &hellip; <\/p>\n","protected":false},"author":2,"featured_media":30626,"comment_status":"open","ping_status":"open","sticky":false,"template":"","format":"standard","meta":{"footnotes":""},"categories":[1524,2,1514,5643,13,887,12],"tags":[58,1671,120,5713],"_links":{"self":[{"href":"https:\/\/centralmedia.rs\/index.php\/wp-json\/wp\/v2\/posts\/30624"}],"collection":[{"href":"https:\/\/centralmedia.rs\/index.php\/wp-json\/wp\/v2\/posts"}],"about":[{"href":"https:\/\/centralmedia.rs\/index.php\/wp-json\/wp\/v2\/types\/post"}],"author":[{"embeddable":true,"href":"https:\/\/centralmedia.rs\/index.php\/wp-json\/wp\/v2\/users\/2"}],"replies":[{"embeddable":true,"href":"https:\/\/centralmedia.rs\/index.php\/wp-json\/wp\/v2\/comments?post=30624"}],"version-history":[{"count":1,"href":"https:\/\/centralmedia.rs\/index.php\/wp-json\/wp\/v2\/posts\/30624\/revisions"}],"predecessor-version":[{"id":30629,"href":"https:\/\/centralmedia.rs\/index.php\/wp-json\/wp\/v2\/posts\/30624\/revisions\/30629"}],"wp:featuredmedia":[{"embeddable":true,"href":"https:\/\/centralmedia.rs\/index.php\/wp-json\/wp\/v2\/media\/30626"}],"wp:attachment":[{"href":"https:\/\/centralmedia.rs\/index.php\/wp-json\/wp\/v2\/media?parent=30624"}],"wp:term":[{"taxonomy":"category","embeddable":true,"href":"https:\/\/centralmedia.rs\/index.php\/wp-json\/wp\/v2\/categories?post=30624"},{"taxonomy":"post_tag","embeddable":true,"href":"https:\/\/centralmedia.rs\/index.php\/wp-json\/wp\/v2\/tags?post=30624"}],"curies":[{"name":"wp","href":"https:\/\/api.w.org\/{rel}","templated":true}]}}