{"id":30631,"date":"2022-03-09T13:32:07","date_gmt":"2022-03-09T12:32:07","guid":{"rendered":"http:\/\/centralmedia.rs\/?p=30631"},"modified":"2022-03-14T20:39:23","modified_gmt":"2022-03-14T19:39:23","slug":"pokusaj-ubistva-u-paracinu-2","status":"publish","type":"post","link":"https:\/\/centralmedia.rs\/index.php\/2022\/03\/09\/pokusaj-ubistva-u-paracinu-2\/","title":{"rendered":"POKU\u0160AJ UBISTVA U PARA\u0106INU"},"content":{"rendered":"<p>PARA\u0106IN-Pripadnici Ministarstva unutra\u0161njih poslova u Para\u0107inu uhapsili su E. M. (2003) iz tog grada zbog postojanja osnova sumnje da je izvr\u0161io krivi\u010dna dela ubistvo u poku\u0161aju i laka telesna povreda.<\/p>\n<p>Policija \u0107e, po nalogu nadle\u017enog tu\u017eila\u0161tva, protiv sedamnaestogodi\u0161njaka iz Para\u0107ina, osumnji\u010denog za krivi\u010dno delo u\u010destvovanje u tu\u010di, podneti krivi\u010dnu prijavu.<\/p>\n<p>E.M. se sumnji\u010di da je ju\u010de metalnom \u0161ipkom udario dvadesettrogodi\u0161njeg sugra\u0111anina i njegovog pedesetsedmogodi\u0161njeg oca, sa kojima se potukao nakon sva\u0111e oko saobra\u0107aja.<\/p>\n<p>Sa E. M. je bio i sedamnaestogodi\u0161njak koji je, kako se sumnja, tokom tu\u010de, udario dvadesettrogodi\u0161njaka.<\/p>\n<p>Povre\u0111eni mladi\u0107 zadobio je te\u0161ke telesne povrede opasne po \u017eivot i zbrinut je u Op\u0161toj bolnici u \u0106upriji, dok je pedesetsedmogodi\u0161nji mu\u0161karac lak\u0161e povre\u0111en.<\/p>\n<p>E. M. je odre\u0111eno zadr\u017eavanje do 48 sati nakon \u010dega \u0107e, uz krivi\u010dnu prijavu, biti priveden nadle\u017enom tu\u017eila\u0161tvu.<\/p>\n","protected":false},"excerpt":{"rendered":"<p>PARA\u0106IN-Pripadnici Ministarstva unutra\u0161njih poslova u Para\u0107inu uhapsili su E. M. (2003) iz tog grada zbog postojanja osnova sumnje da je izvr\u0161io krivi\u010dna dela ubistvo u &hellip; <\/p>\n","protected":false},"author":2,"featured_media":16116,"comment_status":"open","ping_status":"open","sticky":false,"template":"","format":"standard","meta":{"footnotes":""},"categories":[1524,20,2,1516,12,1],"tags":[156,1102],"_links":{"self":[{"href":"https:\/\/centralmedia.rs\/index.php\/wp-json\/wp\/v2\/posts\/30631"}],"collection":[{"href":"https:\/\/centralmedia.rs\/index.php\/wp-json\/wp\/v2\/posts"}],"about":[{"href":"https:\/\/centralmedia.rs\/index.php\/wp-json\/wp\/v2\/types\/post"}],"author":[{"embeddable":true,"href":"https:\/\/centralmedia.rs\/index.php\/wp-json\/wp\/v2\/users\/2"}],"replies":[{"embeddable":true,"href":"https:\/\/centralmedia.rs\/index.php\/wp-json\/wp\/v2\/comments?post=30631"}],"version-history":[{"count":2,"href":"https:\/\/centralmedia.rs\/index.php\/wp-json\/wp\/v2\/posts\/30631\/revisions"}],"predecessor-version":[{"id":30633,"href":"https:\/\/centralmedia.rs\/index.php\/wp-json\/wp\/v2\/posts\/30631\/revisions\/30633"}],"wp:featuredmedia":[{"embeddable":true,"href":"https:\/\/centralmedia.rs\/index.php\/wp-json\/wp\/v2\/media\/16116"}],"wp:attachment":[{"href":"https:\/\/centralmedia.rs\/index.php\/wp-json\/wp\/v2\/media?parent=30631"}],"wp:term":[{"taxonomy":"category","embeddable":true,"href":"https:\/\/centralmedia.rs\/index.php\/wp-json\/wp\/v2\/categories?post=30631"},{"taxonomy":"post_tag","embeddable":true,"href":"https:\/\/centralmedia.rs\/index.php\/wp-json\/wp\/v2\/tags?post=30631"}],"curies":[{"name":"wp","href":"https:\/\/api.w.org\/{rel}","templated":true}]}}