{"id":30635,"date":"2022-03-11T14:02:20","date_gmt":"2022-03-11T13:02:20","guid":{"rendered":"http:\/\/centralmedia.rs\/?p=30635"},"modified":"2022-03-16T19:01:19","modified_gmt":"2022-03-16T18:01:19","slug":"italijanska-kompanija-aunde-gradi-i-treci-industrijski-pogon-u-jagodini","status":"publish","type":"post","link":"https:\/\/centralmedia.rs\/index.php\/2022\/03\/11\/italijanska-kompanija-aunde-gradi-i-treci-industrijski-pogon-u-jagodini\/","title":{"rendered":"ITALIJANSKA KOMPANIJA AUNDE GRADI I TRE\u0106I INDUSTRIJSKI POGON U JAGODINI"},"content":{"rendered":"<p>JAGODINA-Ambasador Italije u Srbiji Karlo Lo Ka\u0161o, generalni direktor kompanije AUNDE Srbija Anino De Venecia i predsednik Skup\u0161tine grada Jagodine Dragan Markovi\u0107 Palma polo\u017eili su danas kamen temeljac za novi, tre\u0107i pogon, italijanske kompanije AUNDE, jednog od najpoznatijih svetskih prozivo\u0111a\u010da presvlaka za automobile. -O ekonomskim odnosima izme\u0111u Italije i Srbije najbolje govori podatak da je pro\u0161le godine postignut apsolutni rekord u trgovinskoj razmeni izme\u0111u dve zemlje i on iznosi 4 100 000 000 evra, iako je i pro\u0161la godina bila pandemijska godina sa ote\u017eanim uslovima poslovanja. Nakon \u0161to je Italija 1. marta ove godine ukinula sve restriktivne mere ulaska, zbog pandemije, o\u010dekujem jo\u0161 bolju trgovinsku razmenu izme\u0111u Italije i Srbije, izjavio je ambasador Italije u Srbiji Karlo Lo Ka\u0161o. <\/p>\n<div id='gallery-1' class='gallery galleryid-30635 gallery-columns-3 gallery-size-thumbnail'><figure class='gallery-item'>\n\t\t\t<div class='gallery-icon landscape'>\n\t\t\t\t<a href='https:\/\/centralmedia.rs\/index.php\/2022\/03\/11\/italijanska-kompanija-aunde-gradi-i-treci-industrijski-pogon-u-jagodini\/aunde-2\/'><img loading=\"lazy\" decoding=\"async\" width=\"150\" height=\"150\" src=\"https:\/\/centralmedia.rs\/wp-content\/uploads\/2022\/03\/aunde-150x150.jpg\" class=\"attachment-thumbnail size-thumbnail\" alt=\"\" \/><\/a>\n\t\t\t<\/div><\/figure><figure class='gallery-item'>\n\t\t\t<div class='gallery-icon landscape'>\n\t\t\t\t<a href='https:\/\/centralmedia.rs\/index.php\/2022\/03\/11\/italijanska-kompanija-aunde-gradi-i-treci-industrijski-pogon-u-jagodini\/aunde2\/'><img loading=\"lazy\" decoding=\"async\" width=\"150\" height=\"150\" src=\"https:\/\/centralmedia.rs\/wp-content\/uploads\/2022\/03\/aunde2-150x150.jpg\" class=\"attachment-thumbnail size-thumbnail\" alt=\"\" \/><\/a>\n\t\t\t<\/div><\/figure><figure class='gallery-item'>\n\t\t\t<div class='gallery-icon landscape'>\n\t\t\t\t<a href='https:\/\/centralmedia.rs\/index.php\/2022\/03\/11\/italijanska-kompanija-aunde-gradi-i-treci-industrijski-pogon-u-jagodini\/palma-39\/'><img loading=\"lazy\" decoding=\"async\" width=\"150\" height=\"150\" src=\"https:\/\/centralmedia.rs\/wp-content\/uploads\/2022\/03\/palma-150x150.jpg\" class=\"attachment-thumbnail size-thumbnail\" alt=\"\" \/><\/a>\n\t\t\t<\/div><\/figure>\n\t\t<\/div>\n\n<p> Predsednik Skup\u0161tine grada Jagodine Dragan Markovi\u0107 Palma najavio je jednu novinu u razvoju industrijskih zona, pre svega u cilju pomo\u0107i porodicama. -Imaju\u0107i u vidu da je 140 beba ro\u0111eno samo od roditelja zaposlenih u fabrici AUNDE u Jagodini, te da u ovoj kompaniji od zaposlenih 86 posto su \u017eene, grad Jagodina \u0107e u industrijskoj zoni u Jagodini izgraditi vrti\u0107 i frizerski salon za \u017eene. Na taj na\u010din \u017eelimo da olak\u0161amo \u017eivot porodicama, \u010diji \u010dlanovi rade u fabrikama u industrijskoj zoni i tako \u0107e im biti mnogo lak\u0161e. Ove godine se u industrijskoj zoni u Jagodini otvaraju jo\u0161 dve nove fabrike, jedna je austrijske kompanije \u201c\u0160ibel\u201d, a druga je nova fabrika nema\u010dkog \u201cFi\u0161era\u201d tako da \u0107e ukupno do kraja ove godine u Jagodini biti 14 fabrika stranih investitora sa oko 3 000 radnika. Zato \u0107emo izgraditi vrti\u0107 za decu radnika iz svih tih fabrika. Moja molba i rukovodstvu kompanije AUNDE i svim ostalim stranima investitorima je da malo pove\u0107aju plate radnicima\u201d, rekao je Markovi\u0107 i podsetio da Jagodina ima ve\u0107i suficit nego svih ostalih 5 op\u0161tina Pomoravskog okruga zajedno, da se suficit danas ra\u010duna od realnih prihoda, od proizvodnje, a ne, kako je rekao, kao pre 10 i vi\u0161e godina kada je tada\u0161nja vlast suficit ra\u010dunala od prodatih fabrika. Olivera Joci\u0107, pomo\u0107nik ministra trgovine, turizma i telekomunikacija, izjavila je da je Italija danas tre\u0107i trgovinski partner Srbije, a da je AUNDE jedan od 10 najve\u0107ih italijanskih izvoznika iz Srbije. -Kompanija AUNDE se trenutno u Jagodini prostire na 10 000 kvadratnih metara, kada zavr\u0161imo novi pogon bi\u0107e ukupno 15 000 kvadratnih metara. Kada smo po\u010deli u Jagodini 2014. godine proizvodili smo 2000 presvlaka za automobile dnevno, a danas proizvodimo 15 000 dnevno, a u novom pogonu bi\u0107e jo\u0161 oko 4000 presvlaka dnevno. 95 posto na\u0161e proizvodnje izvozimo, a na\u0161i kupci su Mercedes, Ferari, FIAT, IVECO i ostali poznati proizvo\u0111a\u010di automobila iz Nema\u010dke, Francuske i Italije. Trenutno u Jagodini zapo\u0161ljavamo 770 radnika, a sa novim pogonom bi\u0107e ih 1100 i od toga su 86 posto \u017eene i do sada je ro\u0111eno 140 \u2013 oro dece od roditelja koji su zaposleni u fabrici AUNDE u Jagodini, izjavio generalni direktor kompanije AUNDE Srbija Anino De Venecija koji je i predsednik Italijansko \u2013 srpske privredne komore.<\/p>\n","protected":false},"excerpt":{"rendered":"<p>JAGODINA-Ambasador Italije u Srbiji Karlo Lo Ka\u0161o, generalni direktor kompanije AUNDE Srbija Anino De Venecia i predsednik Skup\u0161tine grada Jagodine Dragan Markovi\u0107 Palma polo\u017eili su &hellip; <\/p>\n","protected":false},"author":2,"featured_media":30636,"comment_status":"open","ping_status":"open","sticky":false,"template":"","format":"standard","meta":{"footnotes":""},"categories":[22,1524,2,1514,12],"tags":[5730,1362,1090,58,120],"_links":{"self":[{"href":"https:\/\/centralmedia.rs\/index.php\/wp-json\/wp\/v2\/posts\/30635"}],"collection":[{"href":"https:\/\/centralmedia.rs\/index.php\/wp-json\/wp\/v2\/posts"}],"about":[{"href":"https:\/\/centralmedia.rs\/index.php\/wp-json\/wp\/v2\/types\/post"}],"author":[{"embeddable":true,"href":"https:\/\/centralmedia.rs\/index.php\/wp-json\/wp\/v2\/users\/2"}],"replies":[{"embeddable":true,"href":"https:\/\/centralmedia.rs\/index.php\/wp-json\/wp\/v2\/comments?post=30635"}],"version-history":[{"count":2,"href":"https:\/\/centralmedia.rs\/index.php\/wp-json\/wp\/v2\/posts\/30635\/revisions"}],"predecessor-version":[{"id":30641,"href":"https:\/\/centralmedia.rs\/index.php\/wp-json\/wp\/v2\/posts\/30635\/revisions\/30641"}],"wp:featuredmedia":[{"embeddable":true,"href":"https:\/\/centralmedia.rs\/index.php\/wp-json\/wp\/v2\/media\/30636"}],"wp:attachment":[{"href":"https:\/\/centralmedia.rs\/index.php\/wp-json\/wp\/v2\/media?parent=30635"}],"wp:term":[{"taxonomy":"category","embeddable":true,"href":"https:\/\/centralmedia.rs\/index.php\/wp-json\/wp\/v2\/categories?post=30635"},{"taxonomy":"post_tag","embeddable":true,"href":"https:\/\/centralmedia.rs\/index.php\/wp-json\/wp\/v2\/tags?post=30635"}],"curies":[{"name":"wp","href":"https:\/\/api.w.org\/{rel}","templated":true}]}}