{"id":3064,"date":"2016-05-09T10:48:57","date_gmt":"2016-05-09T10:48:57","guid":{"rendered":"http:\/\/centralmedia.rs\/?p=3064"},"modified":"2016-05-10T12:40:51","modified_gmt":"2016-05-10T12:40:51","slug":"u-cast-oslobolodioca-jagodine-crkva-na-ruskom-groblju","status":"publish","type":"post","link":"https:\/\/centralmedia.rs\/index.php\/2016\/05\/09\/u-cast-oslobolodioca-jagodine-crkva-na-ruskom-groblju\/","title":{"rendered":"U \u010cAST OSLOBODIOCA JAGODINE &#8211; CRKVA NA RUSKOM GROBLJU"},"content":{"rendered":"<p>JAGODINA-U \u010dast oslobodioca Jagodine danas su polo\u017eeni venci i cve\u0107e, te paljene sve\u0107e u tri spomen kompleksa u tom gradu,a tre\u0107i sekretara ambasade Ruske Federacije Tahir Mahmadalijev potvrdio je da \u0107e na Ruskom groblju graditi spomen crkva, te da \u0107e ambasada i Ruska Federacija pomo\u0107i u tome.<figure id=\"attachment_3066\" aria-describedby=\"caption-attachment-3066\" style=\"width: 300px\" class=\"wp-caption alignnone\"><a href=\"https:\/\/centralmedia.rs\/wp-content\/uploads\/2016\/05\/9-maj-mahmadalijev-tahir-jagodina-g.j..jpg\"><img loading=\"lazy\" decoding=\"async\" src=\"https:\/\/centralmedia.rs\/wp-content\/uploads\/2016\/05\/9-maj-mahmadalijev-tahir-jagodina-g.j.-300x207.jpg\" alt=\"Tahir Mahmadalijev\" width=\"300\" height=\"207\" class=\"size-medium wp-image-3066\" srcset=\"https:\/\/centralmedia.rs\/wp-content\/uploads\/2016\/05\/9-maj-mahmadalijev-tahir-jagodina-g.j.-300x207.jpg 300w, https:\/\/centralmedia.rs\/wp-content\/uploads\/2016\/05\/9-maj-mahmadalijev-tahir-jagodina-g.j.-768x529.jpg 768w, https:\/\/centralmedia.rs\/wp-content\/uploads\/2016\/05\/9-maj-mahmadalijev-tahir-jagodina-g.j.-100x70.jpg 100w, https:\/\/centralmedia.rs\/wp-content\/uploads\/2016\/05\/9-maj-mahmadalijev-tahir-jagodina-g.j.-218x150.jpg 218w, https:\/\/centralmedia.rs\/wp-content\/uploads\/2016\/05\/9-maj-mahmadalijev-tahir-jagodina-g.j..jpg 900w\" sizes=\"(max-width: 300px) 100vw, 300px\" \/><\/a><figcaption id=\"caption-attachment-3066\" class=\"wp-caption-text\">Tahir Mahmadalijev<\/figcaption><\/figure><br \/>\n\t-Zahvaljujem se zbog va\u0161e brige o na\u0161im spomenicima u Jagodini. U dobrom su stanju i to je u na\u0161e vreme veoma bitno. Poku\u0161aji revidiranja istorije, kao i da se o doga\u0111ajima govori kroz prizmu zamene ,,crnog i belog&#8221;, treba odbaciti \u010dinjenicama u\u017easnog rata koji smo pre\u017eiveli. Zahvaljujem  se na\u0161im veteranima, jer zahvaljuju\u0107i njima imamo \u010disto nebo iznad glava. Oni su na\u0161i ve\u010diti junaci,  rekao je Mahmadalijev.<a href=\"https:\/\/centralmedia.rs\/wp-content\/uploads\/2016\/05\/9-maj-jagodina-g.j.-1.jpg\"><img loading=\"lazy\" decoding=\"async\" src=\"https:\/\/centralmedia.rs\/wp-content\/uploads\/2016\/05\/9-maj-jagodina-g.j.-1-300x236.jpg\" alt=\"9 maj-jagodina-g.j.\" width=\"300\" height=\"236\" class=\"alignnone size-medium wp-image-3067\" srcset=\"https:\/\/centralmedia.rs\/wp-content\/uploads\/2016\/05\/9-maj-jagodina-g.j.-1-300x236.jpg 300w, https:\/\/centralmedia.rs\/wp-content\/uploads\/2016\/05\/9-maj-jagodina-g.j.-1-768x604.jpg 768w, https:\/\/centralmedia.rs\/wp-content\/uploads\/2016\/05\/9-maj-jagodina-g.j.-1.jpg 900w\" sizes=\"(max-width: 300px) 100vw, 300px\" \/><\/a><br \/>\nNa Ruskom grolju u Jagodini sahranjeni su ostaci 1.173 vojnika armije SSSR koji su poginuli osloba\u0111aju\u0107i ovaj deo Srbije 1944 godine od Nemaca. U tim bitkama poginulo 1.280 vojnika tada\u0161nje Jugoslovenske vojske i preko 3.000 ranjeno. Venci i cve\u0107e polo\u017eeni su na groblje poginulih partizana i spomenik oslobodiocima Jagodine u prvom svetskom ratu.<\/p>\n","protected":false},"excerpt":{"rendered":"<p>JAGODINA-U \u010dast oslobodioca Jagodine danas su polo\u017eeni venci i cve\u0107e, te paljene sve\u0107e u tri spomen kompleksa u tom gradu,a tre\u0107i sekretara ambasade Ruske Federacije &hellip; <\/p>\n","protected":false},"author":4,"featured_media":3065,"comment_status":"open","ping_status":"open","sticky":false,"template":"","format":"standard","meta":{"footnotes":""},"categories":[14,2,12],"tags":[801,802,58,800],"_links":{"self":[{"href":"https:\/\/centralmedia.rs\/index.php\/wp-json\/wp\/v2\/posts\/3064"}],"collection":[{"href":"https:\/\/centralmedia.rs\/index.php\/wp-json\/wp\/v2\/posts"}],"about":[{"href":"https:\/\/centralmedia.rs\/index.php\/wp-json\/wp\/v2\/types\/post"}],"author":[{"embeddable":true,"href":"https:\/\/centralmedia.rs\/index.php\/wp-json\/wp\/v2\/users\/4"}],"replies":[{"embeddable":true,"href":"https:\/\/centralmedia.rs\/index.php\/wp-json\/wp\/v2\/comments?post=3064"}],"version-history":[{"count":0,"href":"https:\/\/centralmedia.rs\/index.php\/wp-json\/wp\/v2\/posts\/3064\/revisions"}],"wp:featuredmedia":[{"embeddable":true,"href":"https:\/\/centralmedia.rs\/index.php\/wp-json\/wp\/v2\/media\/3065"}],"wp:attachment":[{"href":"https:\/\/centralmedia.rs\/index.php\/wp-json\/wp\/v2\/media?parent=3064"}],"wp:term":[{"taxonomy":"category","embeddable":true,"href":"https:\/\/centralmedia.rs\/index.php\/wp-json\/wp\/v2\/categories?post=3064"},{"taxonomy":"post_tag","embeddable":true,"href":"https:\/\/centralmedia.rs\/index.php\/wp-json\/wp\/v2\/tags?post=3064"}],"curies":[{"name":"wp","href":"https:\/\/api.w.org\/{rel}","templated":true}]}}