{"id":30654,"date":"2022-03-14T14:55:23","date_gmt":"2022-03-14T13:55:23","guid":{"rendered":"http:\/\/centralmedia.rs\/?p=30654"},"modified":"2022-03-18T14:45:23","modified_gmt":"2022-03-18T13:45:23","slug":"ministar-udovicic-u-svilajncu","status":"publish","type":"post","link":"https:\/\/centralmedia.rs\/index.php\/2022\/03\/14\/ministar-udovicic-u-svilajncu\/","title":{"rendered":"MINISTAR UDOVI\u010cI\u0106 U SVILAJNCU"},"content":{"rendered":"<p>SVILAJNAC-Ministar omladine i sporta Vanja Udovi\u010di\u0107 posetio je danas op\u0161tinu Svilajnac i sa predsednikom op\u0161tine Predragom Milanovi\u0107em obi\u0161ao \u0161kolske i sportske objekte u gradu i Prirodnja\u010dki centar Srbije. Posetio je novoizgra\u0111enu sportsku salu Srednje \u0161kole Svilajnac i tom prilikom u\u010denike obradovao novom sportskom opremom i rekvizitima:<\/p>\n<p>&#8220;Ulaganjem u razvoj sportske infrastruture sport pribli\u017eavamo i \u010dinimo dostupnim svim gra\u0111anima i ula\u017eemo u zdrav razvoj na\u0161e dece. Svilajnac je prepoznao zna\u010daj ulaganja u razvoj sporta, \u0161to smo imali priliku da se uverimo danas prilikom posete. Deci smo danas donirali golove, ko\u0161eve, mre\u017eu za odbojku i lopte kao simboli\u010dni doprinos pobolj\u0161anju uslova za bavljenje sportom, mada je to kod vas u Svilajncu na visokom nivou\u201d \u2013 izjavio je Udovi\u010di\u0107 i dodao da je odu\u0161evljen kako Svilajnac izgleda, kako je ure\u0111en i kako se lokalna samouprava doma\u0107inski odnosi prema svojoj op\u0161tini.<\/p>\n<div id='gallery-1' class='gallery galleryid-30654 gallery-columns-7 gallery-size-thumbnail'><figure class='gallery-item'>\n\t\t\t<div class='gallery-icon landscape'>\n\t\t\t\t<a href='https:\/\/centralmedia.rs\/index.php\/2022\/03\/14\/ministar-udovicic-u-svilajncu\/svilajnac1-3\/'><img loading=\"lazy\" decoding=\"async\" width=\"150\" height=\"150\" src=\"https:\/\/centralmedia.rs\/wp-content\/uploads\/2022\/03\/svilajnac1-150x150.jpg\" class=\"attachment-thumbnail size-thumbnail\" alt=\"\" \/><\/a>\n\t\t\t<\/div><\/figure><figure class='gallery-item'>\n\t\t\t<div class='gallery-icon landscape'>\n\t\t\t\t<a href='https:\/\/centralmedia.rs\/index.php\/2022\/03\/14\/ministar-udovicic-u-svilajncu\/svilajnac2-3\/'><img loading=\"lazy\" decoding=\"async\" width=\"150\" height=\"150\" src=\"https:\/\/centralmedia.rs\/wp-content\/uploads\/2022\/03\/svilajnac2-150x150.jpg\" class=\"attachment-thumbnail size-thumbnail\" alt=\"\" \/><\/a>\n\t\t\t<\/div><\/figure><figure class='gallery-item'>\n\t\t\t<div class='gallery-icon landscape'>\n\t\t\t\t<a href='https:\/\/centralmedia.rs\/index.php\/2022\/03\/14\/ministar-udovicic-u-svilajncu\/svilajnac3-3\/'><img loading=\"lazy\" decoding=\"async\" width=\"150\" height=\"150\" src=\"https:\/\/centralmedia.rs\/wp-content\/uploads\/2022\/03\/svilajnac3-150x150.jpg\" class=\"attachment-thumbnail size-thumbnail\" alt=\"\" \/><\/a>\n\t\t\t<\/div><\/figure><figure class='gallery-item'>\n\t\t\t<div class='gallery-icon landscape'>\n\t\t\t\t<a href='https:\/\/centralmedia.rs\/index.php\/2022\/03\/14\/ministar-udovicic-u-svilajncu\/svilajnac4-3\/'><img loading=\"lazy\" decoding=\"async\" width=\"150\" height=\"150\" src=\"https:\/\/centralmedia.rs\/wp-content\/uploads\/2022\/03\/svilajnac4-150x150.jpg\" class=\"attachment-thumbnail size-thumbnail\" alt=\"\" \/><\/a>\n\t\t\t<\/div><\/figure><figure class='gallery-item'>\n\t\t\t<div class='gallery-icon landscape'>\n\t\t\t\t<a href='https:\/\/centralmedia.rs\/index.php\/2022\/03\/14\/ministar-udovicic-u-svilajncu\/svilajnac5-2\/'><img loading=\"lazy\" decoding=\"async\" width=\"150\" height=\"150\" src=\"https:\/\/centralmedia.rs\/wp-content\/uploads\/2022\/03\/svilajnac5-150x150.jpg\" class=\"attachment-thumbnail size-thumbnail\" alt=\"\" \/><\/a>\n\t\t\t<\/div><\/figure><figure class='gallery-item'>\n\t\t\t<div class='gallery-icon landscape'>\n\t\t\t\t<a href='https:\/\/centralmedia.rs\/index.php\/2022\/03\/14\/ministar-udovicic-u-svilajncu\/svilajnac6-2\/'><img loading=\"lazy\" decoding=\"async\" width=\"150\" height=\"150\" src=\"https:\/\/centralmedia.rs\/wp-content\/uploads\/2022\/03\/svilajnac6-150x150.jpg\" class=\"attachment-thumbnail size-thumbnail\" alt=\"\" \/><\/a>\n\t\t\t<\/div><\/figure><figure class='gallery-item'>\n\t\t\t<div class='gallery-icon landscape'>\n\t\t\t\t<a href='https:\/\/centralmedia.rs\/index.php\/2022\/03\/14\/ministar-udovicic-u-svilajncu\/svilajnac7\/'><img loading=\"lazy\" decoding=\"async\" width=\"150\" height=\"150\" src=\"https:\/\/centralmedia.rs\/wp-content\/uploads\/2022\/03\/svilajnac7-150x150.jpg\" class=\"attachment-thumbnail size-thumbnail\" alt=\"\" \/><\/a>\n\t\t\t<\/div><\/figure>\n\t\t<\/div>\n\n<p>Predsednik op\u0161tine Svilajnac Predrag Milanovi\u0107 rekao je da je op\u0161tina Svilajnac realizovala nekoliko projekata sa Ministarstvom omladine i sporta:<\/p>\n<p>\u201cOvo ministarstvo je na\u0161 partner i zna\u010dajna podr\u0161ka kako bismo i u budu\u0107nosti razvijali sportsku infrastrukturu i pobolj\u0161avali uslove za bavljenje sportom\u201d \u2013 izjavio je on.<\/p>\n<p>Ministar Udovi\u010di\u0107 je obi\u0161ao sportski kompleks Osnovne \u0161kole \u201cJovan Jovanovi\u0107 Zmaj\u201d, a zatim i Prirodnja\u010dki centar Srbije. Na kraju posete ministar omladine i sporta je obi\u0161ao gradske bazene, a predsednik op\u0161tine Svilajnac Predrag Milanovi\u0107 je upoznao Udovi\u010di\u0107a sa budu\u0107im planovima za pokrivanje bazena i kori\u0161\u0107enje sportskog kompleksa tokom cele godine.<\/p>\n<p>&nbsp;<\/p>\n","protected":false},"excerpt":{"rendered":"<p>SVILAJNAC-Ministar omladine i sporta Vanja Udovi\u010di\u0107 posetio je danas op\u0161tinu Svilajnac i sa predsednikom op\u0161tine Predragom Milanovi\u0107em obi\u0161ao \u0161kolske i sportske objekte u gradu i &hellip; <\/p>\n","protected":false},"author":2,"featured_media":30655,"comment_status":"open","ping_status":"open","sticky":false,"template":"","format":"standard","meta":{"footnotes":""},"categories":[1524,2,13,12,1517],"tags":[38,5731],"_links":{"self":[{"href":"https:\/\/centralmedia.rs\/index.php\/wp-json\/wp\/v2\/posts\/30654"}],"collection":[{"href":"https:\/\/centralmedia.rs\/index.php\/wp-json\/wp\/v2\/posts"}],"about":[{"href":"https:\/\/centralmedia.rs\/index.php\/wp-json\/wp\/v2\/types\/post"}],"author":[{"embeddable":true,"href":"https:\/\/centralmedia.rs\/index.php\/wp-json\/wp\/v2\/users\/2"}],"replies":[{"embeddable":true,"href":"https:\/\/centralmedia.rs\/index.php\/wp-json\/wp\/v2\/comments?post=30654"}],"version-history":[{"count":1,"href":"https:\/\/centralmedia.rs\/index.php\/wp-json\/wp\/v2\/posts\/30654\/revisions"}],"predecessor-version":[{"id":30663,"href":"https:\/\/centralmedia.rs\/index.php\/wp-json\/wp\/v2\/posts\/30654\/revisions\/30663"}],"wp:featuredmedia":[{"embeddable":true,"href":"https:\/\/centralmedia.rs\/index.php\/wp-json\/wp\/v2\/media\/30655"}],"wp:attachment":[{"href":"https:\/\/centralmedia.rs\/index.php\/wp-json\/wp\/v2\/media?parent=30654"}],"wp:term":[{"taxonomy":"category","embeddable":true,"href":"https:\/\/centralmedia.rs\/index.php\/wp-json\/wp\/v2\/categories?post=30654"},{"taxonomy":"post_tag","embeddable":true,"href":"https:\/\/centralmedia.rs\/index.php\/wp-json\/wp\/v2\/tags?post=30654"}],"curies":[{"name":"wp","href":"https:\/\/api.w.org\/{rel}","templated":true}]}}