{"id":30664,"date":"2022-03-14T15:04:18","date_gmt":"2022-03-14T14:04:18","guid":{"rendered":"http:\/\/centralmedia.rs\/?p=30664"},"modified":"2022-03-16T19:01:46","modified_gmt":"2022-03-16T18:01:46","slug":"predizborna-tribina-liste-ivica-dacic-premijer-srbije-koalicije-sps-js-zs-u-jagodinskom-naselju-kolonija","status":"publish","type":"post","link":"https:\/\/centralmedia.rs\/index.php\/2022\/03\/14\/predizborna-tribina-liste-ivica-dacic-premijer-srbije-koalicije-sps-js-zs-u-jagodinskom-naselju-kolonija\/","title":{"rendered":"PREDIZBORNA TRIBINA LISTE IVICA DA\u010cI\u0106 &#8211; PREMIJER SRBIJE KOALICIJE SPS- JS &#8211; ZS U JAGODINSKOM NASELjU KOLONIJA"},"content":{"rendered":"<p>JAGODINA- Lista za parlamentarne izbore \u201eIvica Da\u010di\u0107 \u2013 premijer Srbije\u201c, koju \u010dine koalicija SPS \u2013 Jedinstvena Srbija \u2013 Zeleni Srbije, nastavila je izbornu kampanju u jagodinskom naselju Kolonija. Dragan Markovi\u0107 Palma predstavio je Tim za Jagodinu i najavio zavr\u0161etak izgradnje komunalne infrastrukture. U prepunoj sali Doma kulture u Koloniji odr\u017eana je predizbornu tribinu.<\/p>\n<div id='gallery-1' class='gallery galleryid-30664 gallery-columns-5 gallery-size-thumbnail'><figure class='gallery-item'>\n\t\t\t<div class='gallery-icon landscape'>\n\t\t\t\t<a href='https:\/\/centralmedia.rs\/index.php\/2022\/03\/14\/predizborna-tribina-liste-ivica-dacic-premijer-srbije-koalicije-sps-js-zs-u-jagodinskom-naselju-kolonija\/kolonija-4-2\/'><img loading=\"lazy\" decoding=\"async\" width=\"150\" height=\"150\" src=\"https:\/\/centralmedia.rs\/wp-content\/uploads\/2022\/03\/kolonija-4-150x150.jpg\" class=\"attachment-thumbnail size-thumbnail\" alt=\"\" \/><\/a>\n\t\t\t<\/div><\/figure><figure class='gallery-item'>\n\t\t\t<div class='gallery-icon landscape'>\n\t\t\t\t<a href='https:\/\/centralmedia.rs\/index.php\/2022\/03\/14\/predizborna-tribina-liste-ivica-dacic-premijer-srbije-koalicije-sps-js-zs-u-jagodinskom-naselju-kolonija\/kolonija1-2\/'><img loading=\"lazy\" decoding=\"async\" width=\"150\" height=\"150\" src=\"https:\/\/centralmedia.rs\/wp-content\/uploads\/2022\/03\/kolonija1-150x150.jpg\" class=\"attachment-thumbnail size-thumbnail\" alt=\"\" \/><\/a>\n\t\t\t<\/div><\/figure><figure class='gallery-item'>\n\t\t\t<div class='gallery-icon landscape'>\n\t\t\t\t<a href='https:\/\/centralmedia.rs\/index.php\/2022\/03\/14\/predizborna-tribina-liste-ivica-dacic-premijer-srbije-koalicije-sps-js-zs-u-jagodinskom-naselju-kolonija\/kolonija2-2\/'><img loading=\"lazy\" decoding=\"async\" width=\"150\" height=\"150\" src=\"https:\/\/centralmedia.rs\/wp-content\/uploads\/2022\/03\/kolonija2-150x150.jpg\" class=\"attachment-thumbnail size-thumbnail\" alt=\"\" \/><\/a>\n\t\t\t<\/div><\/figure><figure class='gallery-item'>\n\t\t\t<div class='gallery-icon landscape'>\n\t\t\t\t<a href='https:\/\/centralmedia.rs\/index.php\/2022\/03\/14\/predizborna-tribina-liste-ivica-dacic-premijer-srbije-koalicije-sps-js-zs-u-jagodinskom-naselju-kolonija\/kolonija6\/'><img loading=\"lazy\" decoding=\"async\" width=\"150\" height=\"150\" src=\"https:\/\/centralmedia.rs\/wp-content\/uploads\/2022\/03\/kolonija6-150x150.jpg\" class=\"attachment-thumbnail size-thumbnail\" alt=\"\" \/><\/a>\n\t\t\t<\/div><\/figure><figure class='gallery-item'>\n\t\t\t<div class='gallery-icon landscape'>\n\t\t\t\t<a href='https:\/\/centralmedia.rs\/index.php\/2022\/03\/14\/predizborna-tribina-liste-ivica-dacic-premijer-srbije-koalicije-sps-js-zs-u-jagodinskom-naselju-kolonija\/kolonija7\/'><img loading=\"lazy\" decoding=\"async\" width=\"150\" height=\"150\" src=\"https:\/\/centralmedia.rs\/wp-content\/uploads\/2022\/03\/kolonija7-150x150.jpg\" class=\"attachment-thumbnail size-thumbnail\" alt=\"\" \/><\/a>\n\t\t\t<\/div><\/figure>\n\t\t<\/div>\n\n<p>Lider Jedinstvene Srbije, predsednik Skup\u0161tine grada Jagodina i kandidat za narodnog poslanika Dragan Markovi\u0107 Palma izjavio je da je naselje Kolonija infrastrukturno razvijenije od 90 odsto naselja u Srbiji, da se jagodinska privreda intenzivno razvija, da se otvaraju \u010detiri nove fabrike u kojima \u0107e raditi 1.200 novih radnika ali da \u0107e insistirati na tome da plate radnika ne budu manje od 50.000 dinara. Markovi\u0107 je istakao da Ivica Da\u010di\u0107 i on nikada ne\u0107e glasati za priznavanje tzv. &#8220;nezavisnog Kosova &#8220;. Markovi\u0107 je pozvao me\u0161tane Kolonije da na predsedni\u010dkim izborima glasaju Aleksandra Vu\u010di\u0107a a na parlamentarnim da glasaju za listu broj 2, Ivica Da\u010di\u0107- premijer Srbije.<\/p>\n","protected":false},"excerpt":{"rendered":"<p>JAGODINA- Lista za parlamentarne izbore \u201eIvica Da\u010di\u0107 \u2013 premijer Srbije\u201c, koju \u010dine koalicija SPS \u2013 Jedinstvena Srbija \u2013 Zeleni Srbije, nastavila je izbornu kampanju u &hellip; <\/p>\n","protected":false},"author":2,"featured_media":30665,"comment_status":"open","ping_status":"open","sticky":false,"template":"","format":"standard","meta":{"footnotes":""},"categories":[1524,2,5643,1514,13,887,12],"tags":[643,748,5732,120,5721],"_links":{"self":[{"href":"https:\/\/centralmedia.rs\/index.php\/wp-json\/wp\/v2\/posts\/30664"}],"collection":[{"href":"https:\/\/centralmedia.rs\/index.php\/wp-json\/wp\/v2\/posts"}],"about":[{"href":"https:\/\/centralmedia.rs\/index.php\/wp-json\/wp\/v2\/types\/post"}],"author":[{"embeddable":true,"href":"https:\/\/centralmedia.rs\/index.php\/wp-json\/wp\/v2\/users\/2"}],"replies":[{"embeddable":true,"href":"https:\/\/centralmedia.rs\/index.php\/wp-json\/wp\/v2\/comments?post=30664"}],"version-history":[{"count":3,"href":"https:\/\/centralmedia.rs\/index.php\/wp-json\/wp\/v2\/posts\/30664\/revisions"}],"predecessor-version":[{"id":30673,"href":"https:\/\/centralmedia.rs\/index.php\/wp-json\/wp\/v2\/posts\/30664\/revisions\/30673"}],"wp:featuredmedia":[{"embeddable":true,"href":"https:\/\/centralmedia.rs\/index.php\/wp-json\/wp\/v2\/media\/30665"}],"wp:attachment":[{"href":"https:\/\/centralmedia.rs\/index.php\/wp-json\/wp\/v2\/media?parent=30664"}],"wp:term":[{"taxonomy":"category","embeddable":true,"href":"https:\/\/centralmedia.rs\/index.php\/wp-json\/wp\/v2\/categories?post=30664"},{"taxonomy":"post_tag","embeddable":true,"href":"https:\/\/centralmedia.rs\/index.php\/wp-json\/wp\/v2\/tags?post=30664"}],"curies":[{"name":"wp","href":"https:\/\/api.w.org\/{rel}","templated":true}]}}