{"id":30693,"date":"2022-03-14T20:36:14","date_gmt":"2022-03-14T19:36:14","guid":{"rendered":"http:\/\/centralmedia.rs\/?p=30693"},"modified":"2022-03-16T19:02:20","modified_gmt":"2022-03-16T18:02:20","slug":"promocija-u-svilajncu-treci-roman-za-deset-godina-zamenika-viseg-tuzioca-necica","status":"publish","type":"post","link":"https:\/\/centralmedia.rs\/index.php\/2022\/03\/14\/promocija-u-svilajncu-treci-roman-za-deset-godina-zamenika-viseg-tuzioca-necica\/","title":{"rendered":"PROMOCIJA U SVILAJNCU : Tre\u0107i roman za deset godina zamenika vi\u0161eg tu\u017eioca Neci\u0107a"},"content":{"rendered":"<p>SVILAJNAC-Roman ,,Zmijski zagrljaj\u201d autora Nenada Neci\u0107a promovisan je u njegovom rodnom Svilajncu u Prirodnja\u010dkom centru u organizaciji Resavske biblioteke. Tre\u0107a knjiga za deset godina ,, Zmijski zagrljaj\u201d zamenika vi\u0161eg javnog tu\u017eioca Nenada Neci\u0107a iz Svilajnca ima upori\u0161te u \u017eivotu manje urbanizovane sredine, u unutra\u0161njosti Srbije. Tu se, pored \u017eivota, nazire i ne\u0161to zatajno, bez \u010dijeg uticaja, posebno usponi i padovi pojedinaca, ne bi zadobili univerzalnija zna\u010denja, a samim tim i motivsku opravdanost oslikavanjem odre\u0111enih likova, na svakida\u0161njoj pozornici u neprestanom nadmetanju istina i licemerja.<\/p>\n<div id='gallery-1' class='gallery galleryid-30693 gallery-columns-5 gallery-size-thumbnail'><figure class='gallery-item'>\n\t\t\t<div class='gallery-icon landscape'>\n\t\t\t\t<a href='https:\/\/centralmedia.rs\/index.php\/2022\/03\/14\/promocija-u-svilajncu-treci-roman-za-deset-godina-zamenika-viseg-tuzioca-necica\/necic1\/'><img loading=\"lazy\" decoding=\"async\" width=\"150\" height=\"150\" src=\"https:\/\/centralmedia.rs\/wp-content\/uploads\/2022\/03\/necic1-150x150.jpg\" class=\"attachment-thumbnail size-thumbnail\" alt=\"\" \/><\/a>\n\t\t\t<\/div><\/figure><figure class='gallery-item'>\n\t\t\t<div class='gallery-icon portrait'>\n\t\t\t\t<a href='https:\/\/centralmedia.rs\/index.php\/2022\/03\/14\/promocija-u-svilajncu-treci-roman-za-deset-godina-zamenika-viseg-tuzioca-necica\/necic2\/'><img loading=\"lazy\" decoding=\"async\" width=\"150\" height=\"150\" src=\"https:\/\/centralmedia.rs\/wp-content\/uploads\/2022\/03\/necic2-150x150.jpg\" class=\"attachment-thumbnail size-thumbnail\" alt=\"\" \/><\/a>\n\t\t\t<\/div><\/figure><figure class='gallery-item'>\n\t\t\t<div class='gallery-icon landscape'>\n\t\t\t\t<a href='https:\/\/centralmedia.rs\/index.php\/2022\/03\/14\/promocija-u-svilajncu-treci-roman-za-deset-godina-zamenika-viseg-tuzioca-necica\/necic3\/'><img loading=\"lazy\" decoding=\"async\" width=\"150\" height=\"150\" src=\"https:\/\/centralmedia.rs\/wp-content\/uploads\/2022\/03\/necic3-150x150.jpg\" class=\"attachment-thumbnail size-thumbnail\" alt=\"\" \/><\/a>\n\t\t\t<\/div><\/figure><figure class='gallery-item'>\n\t\t\t<div class='gallery-icon landscape'>\n\t\t\t\t<a href='https:\/\/centralmedia.rs\/index.php\/2022\/03\/14\/promocija-u-svilajncu-treci-roman-za-deset-godina-zamenika-viseg-tuzioca-necica\/necic4\/'><img loading=\"lazy\" decoding=\"async\" width=\"150\" height=\"150\" src=\"https:\/\/centralmedia.rs\/wp-content\/uploads\/2022\/03\/necic4-150x150.jpg\" class=\"attachment-thumbnail size-thumbnail\" alt=\"\" \/><\/a>\n\t\t\t<\/div><\/figure><figure class='gallery-item'>\n\t\t\t<div class='gallery-icon portrait'>\n\t\t\t\t<a href='https:\/\/centralmedia.rs\/index.php\/2022\/03\/14\/promocija-u-svilajncu-treci-roman-za-deset-godina-zamenika-viseg-tuzioca-necica\/necic5\/'><img loading=\"lazy\" decoding=\"async\" width=\"150\" height=\"150\" src=\"https:\/\/centralmedia.rs\/wp-content\/uploads\/2022\/03\/necic5-150x150.jpg\" class=\"attachment-thumbnail size-thumbnail\" alt=\"\" \/><\/a>\n\t\t\t<\/div><\/figure>\n\t\t<\/div>\n\n<p>O romanu su govorili pesnik Radomir Andri\u0107 i profesor Pravnog fakulteta u Beogradu u penziji Filip Tur\u010dinovi\u0107<\/p>\n<p>Akcenat je na to \u0161ta je obi\u010dan \u010dovek pre\u017eiveo tokom bombardovanja 1999., pa je ova knjiga, zapravo, saga o porodici kroz generacije koje su \u017eivele od zavr\u0161etka Drugog svetskog rata, do dana\u0161njih dana.<\/p>\n<p>Nenad Neci\u0107 ro\u0111en je 1962. god. \u017divi u Svilajncu. Radi u pravosu\u0111u u Jagodini. Za prethodna dva romana, \u201eNajezda pacova\u201d (2012) i \u201ePark Kajmana\u201d (2014), godine 2020. nagra\u0111en je nagradom \u201eRadoje Domanovi\u0107\u201d, koju dodeljuje Udru\u017eenje knji\u017eevnika Srbije.<\/p>\n<p>Naredna promocija je u sredu u 19 sati je u biblioteci ,,Radoje Domanovi\u0107&#8221; u Velikoj Plani.<\/p>\n","protected":false},"excerpt":{"rendered":"<p>SVILAJNAC-Roman ,,Zmijski zagrljaj\u201d autora Nenada Neci\u0107a promovisan je u njegovom rodnom Svilajncu u Prirodnja\u010dkom centru u organizaciji Resavske biblioteke. Tre\u0107a knjiga za deset godina ,, &hellip; <\/p>\n","protected":false},"author":2,"featured_media":30694,"comment_status":"open","ping_status":"open","sticky":false,"template":"","format":"standard","meta":{"footnotes":""},"categories":[1524,2,15,887,12,1517],"tags":[4397,5648,38],"_links":{"self":[{"href":"https:\/\/centralmedia.rs\/index.php\/wp-json\/wp\/v2\/posts\/30693"}],"collection":[{"href":"https:\/\/centralmedia.rs\/index.php\/wp-json\/wp\/v2\/posts"}],"about":[{"href":"https:\/\/centralmedia.rs\/index.php\/wp-json\/wp\/v2\/types\/post"}],"author":[{"embeddable":true,"href":"https:\/\/centralmedia.rs\/index.php\/wp-json\/wp\/v2\/users\/2"}],"replies":[{"embeddable":true,"href":"https:\/\/centralmedia.rs\/index.php\/wp-json\/wp\/v2\/comments?post=30693"}],"version-history":[{"count":1,"href":"https:\/\/centralmedia.rs\/index.php\/wp-json\/wp\/v2\/posts\/30693\/revisions"}],"predecessor-version":[{"id":30700,"href":"https:\/\/centralmedia.rs\/index.php\/wp-json\/wp\/v2\/posts\/30693\/revisions\/30700"}],"wp:featuredmedia":[{"embeddable":true,"href":"https:\/\/centralmedia.rs\/index.php\/wp-json\/wp\/v2\/media\/30694"}],"wp:attachment":[{"href":"https:\/\/centralmedia.rs\/index.php\/wp-json\/wp\/v2\/media?parent=30693"}],"wp:term":[{"taxonomy":"category","embeddable":true,"href":"https:\/\/centralmedia.rs\/index.php\/wp-json\/wp\/v2\/categories?post=30693"},{"taxonomy":"post_tag","embeddable":true,"href":"https:\/\/centralmedia.rs\/index.php\/wp-json\/wp\/v2\/tags?post=30693"}],"curies":[{"name":"wp","href":"https:\/\/api.w.org\/{rel}","templated":true}]}}