{"id":30701,"date":"2022-03-15T23:57:24","date_gmt":"2022-03-15T22:57:24","guid":{"rendered":"http:\/\/centralmedia.rs\/?p=30701"},"modified":"2022-03-18T14:45:57","modified_gmt":"2022-03-18T13:45:57","slug":"palma-mi-nismo-u-tranzitu-mi-smo-vasi","status":"publish","type":"post","link":"https:\/\/centralmedia.rs\/index.php\/2022\/03\/15\/palma-mi-nismo-u-tranzitu-mi-smo-vasi\/","title":{"rendered":"PALMA: Mi nismo u tranzitu, mi smo va\u0161i"},"content":{"rendered":"<p>JAGODINA-U prepunim salama domova kulture Kon\u010dareva, u kome \u017eivi predsednik Jedinstvene Srbije Dragan Markovi\u0107 Palma, i u susednom selu Rakitovu odr\u017eane su predizborne tribine koalicije SPS &#8211; JEDINSTVENA SRBIJA &#8211; Zeleni Srbije u okviru predizborne kampanje za predstoje\u0107e parlamentarne izbore.<\/p>\n<div id='gallery-1' class='gallery galleryid-30701 gallery-columns-5 gallery-size-thumbnail'><figure class='gallery-item'>\n\t\t\t<div class='gallery-icon landscape'>\n\t\t\t\t<a href='https:\/\/centralmedia.rs\/index.php\/2022\/03\/15\/palma-mi-nismo-u-tranzitu-mi-smo-vasi\/koncarevo-8\/'><img loading=\"lazy\" decoding=\"async\" width=\"150\" height=\"150\" src=\"https:\/\/centralmedia.rs\/wp-content\/uploads\/2022\/03\/KONCAREVO-150x150.jpg\" class=\"attachment-thumbnail size-thumbnail\" alt=\"\" \/><\/a>\n\t\t\t<\/div><\/figure><figure class='gallery-item'>\n\t\t\t<div class='gallery-icon landscape'>\n\t\t\t\t<a href='https:\/\/centralmedia.rs\/index.php\/2022\/03\/15\/palma-mi-nismo-u-tranzitu-mi-smo-vasi\/koncarevo2-2\/'><img loading=\"lazy\" decoding=\"async\" width=\"150\" height=\"150\" src=\"https:\/\/centralmedia.rs\/wp-content\/uploads\/2022\/03\/KONCAREVO2-150x150.jpg\" class=\"attachment-thumbnail size-thumbnail\" alt=\"\" \/><\/a>\n\t\t\t<\/div><\/figure><figure class='gallery-item'>\n\t\t\t<div class='gallery-icon landscape'>\n\t\t\t\t<a href='https:\/\/centralmedia.rs\/index.php\/2022\/03\/15\/palma-mi-nismo-u-tranzitu-mi-smo-vasi\/koncarevo3-2\/'><img loading=\"lazy\" decoding=\"async\" width=\"150\" height=\"150\" src=\"https:\/\/centralmedia.rs\/wp-content\/uploads\/2022\/03\/KONCAREVO3-150x150.jpg\" class=\"attachment-thumbnail size-thumbnail\" alt=\"\" \/><\/a>\n\t\t\t<\/div><\/figure><figure class='gallery-item'>\n\t\t\t<div class='gallery-icon landscape'>\n\t\t\t\t<a href='https:\/\/centralmedia.rs\/index.php\/2022\/03\/15\/palma-mi-nismo-u-tranzitu-mi-smo-vasi\/koncarevo4\/'><img loading=\"lazy\" decoding=\"async\" width=\"150\" height=\"150\" src=\"https:\/\/centralmedia.rs\/wp-content\/uploads\/2022\/03\/KONCAREVO4-150x150.jpg\" class=\"attachment-thumbnail size-thumbnail\" alt=\"\" \/><\/a>\n\t\t\t<\/div><\/figure><figure class='gallery-item'>\n\t\t\t<div class='gallery-icon landscape'>\n\t\t\t\t<a href='https:\/\/centralmedia.rs\/index.php\/2022\/03\/15\/palma-mi-nismo-u-tranzitu-mi-smo-vasi\/koncarevo5\/'><img loading=\"lazy\" decoding=\"async\" width=\"150\" height=\"150\" src=\"https:\/\/centralmedia.rs\/wp-content\/uploads\/2022\/03\/KONCAREVO5-150x150.jpg\" class=\"attachment-thumbnail size-thumbnail\" alt=\"\" \/><\/a>\n\t\t\t<\/div><\/figure>\n\t\t<\/div>\n\n<p>Predsednik Jedinstvene Srbije Dragan Markovi\u0107 Palma osvrnuo se na rezultate koje je grad Jagodina postigao izme\u0111u ostalog i u ovim selima. Naglasio je da koalicija SPS &#8211; JEDINSTVENA SRBIJA &#8211; ZELENI SRBIJE nikada ne\u0107e izneveriti tradiciju kosovskih bo\u017eura i nikada ne\u0107e u parlamentu podr\u017eati zakone koji bi omogu\u0107ili sklapanje istopolnih brakova.<\/p>\n<div id='gallery-2' class='gallery galleryid-30701 gallery-columns-5 gallery-size-thumbnail'><figure class='gallery-item'>\n\t\t\t<div class='gallery-icon landscape'>\n\t\t\t\t<a href='https:\/\/centralmedia.rs\/index.php\/2022\/03\/15\/palma-mi-nismo-u-tranzitu-mi-smo-vasi\/raitovo\/'><img loading=\"lazy\" decoding=\"async\" width=\"150\" height=\"150\" src=\"https:\/\/centralmedia.rs\/wp-content\/uploads\/2022\/03\/RAITOVO-150x150.jpg\" class=\"attachment-thumbnail size-thumbnail\" alt=\"\" \/><\/a>\n\t\t\t<\/div><\/figure><figure class='gallery-item'>\n\t\t\t<div class='gallery-icon landscape'>\n\t\t\t\t<a href='https:\/\/centralmedia.rs\/index.php\/2022\/03\/15\/palma-mi-nismo-u-tranzitu-mi-smo-vasi\/rakitovo-5\/'><img loading=\"lazy\" decoding=\"async\" width=\"150\" height=\"150\" src=\"https:\/\/centralmedia.rs\/wp-content\/uploads\/2022\/03\/RAKITOVO-150x150.jpg\" class=\"attachment-thumbnail size-thumbnail\" alt=\"\" \/><\/a>\n\t\t\t<\/div><\/figure><figure class='gallery-item'>\n\t\t\t<div class='gallery-icon landscape'>\n\t\t\t\t<a href='https:\/\/centralmedia.rs\/index.php\/2022\/03\/15\/palma-mi-nismo-u-tranzitu-mi-smo-vasi\/rakitovo1-2\/'><img loading=\"lazy\" decoding=\"async\" width=\"150\" height=\"150\" src=\"https:\/\/centralmedia.rs\/wp-content\/uploads\/2022\/03\/RAKITOVO1-150x150.jpg\" class=\"attachment-thumbnail size-thumbnail\" alt=\"\" \/><\/a>\n\t\t\t<\/div><\/figure><figure class='gallery-item'>\n\t\t\t<div class='gallery-icon landscape'>\n\t\t\t\t<a href='https:\/\/centralmedia.rs\/index.php\/2022\/03\/15\/palma-mi-nismo-u-tranzitu-mi-smo-vasi\/rakitovo2-2\/'><img loading=\"lazy\" decoding=\"async\" width=\"150\" height=\"150\" src=\"https:\/\/centralmedia.rs\/wp-content\/uploads\/2022\/03\/RAKITOVO2-150x150.jpg\" class=\"attachment-thumbnail size-thumbnail\" alt=\"\" \/><\/a>\n\t\t\t<\/div><\/figure><figure class='gallery-item'>\n\t\t\t<div class='gallery-icon landscape'>\n\t\t\t\t<a href='https:\/\/centralmedia.rs\/index.php\/2022\/03\/15\/palma-mi-nismo-u-tranzitu-mi-smo-vasi\/rakitovo3\/'><img loading=\"lazy\" decoding=\"async\" width=\"150\" height=\"150\" src=\"https:\/\/centralmedia.rs\/wp-content\/uploads\/2022\/03\/RAKITOVO3-150x150.jpg\" class=\"attachment-thumbnail size-thumbnail\" alt=\"\" \/><\/a>\n\t\t\t<\/div><\/figure>\n\t\t<\/div>\n\n<p>Markovi\u0107 je pozvao me\u0161tane da za predsednika podr\u017ee Aleksandra Vu\u010di\u0107a a na parlamentarnim izborima da glasaju za listu &#8220;IVICA DA\u010cI\u0106 &#8211; PREMIJER SRBIJE&#8221; koja \u0107e se na glasa\u010dkom listi\u0107u na\u0107i pod rednim brojem 2.<\/p>\n<p>&#8220;Mi nismo u tranzitu, mi smo va\u0161i&#8221; poru\u010dio je Markovi\u0107.<\/p>\n","protected":false},"excerpt":{"rendered":"<p>JAGODINA-U prepunim salama domova kulture Kon\u010dareva, u kome \u017eivi predsednik Jedinstvene Srbije Dragan Markovi\u0107 Palma, i u susednom selu Rakitovu odr\u017eane su predizborne tribine koalicije &hellip; <\/p>\n","protected":false},"author":2,"featured_media":30702,"comment_status":"open","ping_status":"open","sticky":false,"template":"","format":"standard","meta":{"footnotes":""},"categories":[1524,2,1514,5643,13,887,12],"tags":[5734,440,120,559,561],"_links":{"self":[{"href":"https:\/\/centralmedia.rs\/index.php\/wp-json\/wp\/v2\/posts\/30701"}],"collection":[{"href":"https:\/\/centralmedia.rs\/index.php\/wp-json\/wp\/v2\/posts"}],"about":[{"href":"https:\/\/centralmedia.rs\/index.php\/wp-json\/wp\/v2\/types\/post"}],"author":[{"embeddable":true,"href":"https:\/\/centralmedia.rs\/index.php\/wp-json\/wp\/v2\/users\/2"}],"replies":[{"embeddable":true,"href":"https:\/\/centralmedia.rs\/index.php\/wp-json\/wp\/v2\/comments?post=30701"}],"version-history":[{"count":1,"href":"https:\/\/centralmedia.rs\/index.php\/wp-json\/wp\/v2\/posts\/30701\/revisions"}],"predecessor-version":[{"id":30713,"href":"https:\/\/centralmedia.rs\/index.php\/wp-json\/wp\/v2\/posts\/30701\/revisions\/30713"}],"wp:featuredmedia":[{"embeddable":true,"href":"https:\/\/centralmedia.rs\/index.php\/wp-json\/wp\/v2\/media\/30702"}],"wp:attachment":[{"href":"https:\/\/centralmedia.rs\/index.php\/wp-json\/wp\/v2\/media?parent=30701"}],"wp:term":[{"taxonomy":"category","embeddable":true,"href":"https:\/\/centralmedia.rs\/index.php\/wp-json\/wp\/v2\/categories?post=30701"},{"taxonomy":"post_tag","embeddable":true,"href":"https:\/\/centralmedia.rs\/index.php\/wp-json\/wp\/v2\/tags?post=30701"}],"curies":[{"name":"wp","href":"https:\/\/api.w.org\/{rel}","templated":true}]}}