{"id":30719,"date":"2022-03-16T18:56:39","date_gmt":"2022-03-16T17:56:39","guid":{"rendered":"http:\/\/centralmedia.rs\/?p=30719"},"modified":"2022-03-18T14:46:16","modified_gmt":"2022-03-18T13:46:16","slug":"izlozba-gospodin-pavle-beljanski","status":"publish","type":"post","link":"https:\/\/centralmedia.rs\/index.php\/2022\/03\/16\/izlozba-gospodin-pavle-beljanski\/","title":{"rendered":"Izlo\u017eba &#8220;Gospodin Pavle Beljanski&#8221;"},"content":{"rendered":"<p>SVILAJNAC-U Centru za kulturu u Svilajncu otvorena je izlo\u017eba &#8220;Gospodin Pavle Beljanski&#8221;, realizovana u saradnji sa\u00a0 Spomen zbirkom Pavla Beljanskog, povodom obele\u017eavanja 130 godina od ro\u0111enja najve\u0107eg srpskog kolekcionara, zadu\u017ebinara i darodavca.<\/p>\n<p>O zbirci Pavla Beljanskog i izlo\u017ebi govorila je upravnica ove zna\u010dajne institucije Milana Kvas.<\/p>\n<p>Naslednik Pavla Beljanskog, gospodin Milan Isakovi\u0107 uru\u010dio je Resavskoj biblioteci dve umetni\u010dke slike iz kolekcije, na kojima su predstavljeni njegovi preci Anka i Milan Isakovi\u0107, u \u010dijoj je ku\u0107i danas sme\u0161tena biblioteka.<\/p>\n<p>Izlo\u017ebu je zvani\u010dno otvorio predsednik Skup\u0161tine op\u0161tine Darko Jevti\u0107.<\/p>\n<p>Izlo\u017eba \u0107e trajati do 31. marta.<\/p>\n","protected":false},"excerpt":{"rendered":"<p>SVILAJNAC-U Centru za kulturu u Svilajncu otvorena je izlo\u017eba &#8220;Gospodin Pavle Beljanski&#8221;, realizovana u saradnji sa\u00a0 Spomen zbirkom Pavla Beljanskog, povodom obele\u017eavanja 130 godina od &hellip; <\/p>\n","protected":false},"author":2,"featured_media":30720,"comment_status":"open","ping_status":"open","sticky":false,"template":"","format":"standard","meta":{"footnotes":""},"categories":[1524,2,15,887,12,1517],"tags":[5737,38],"_links":{"self":[{"href":"https:\/\/centralmedia.rs\/index.php\/wp-json\/wp\/v2\/posts\/30719"}],"collection":[{"href":"https:\/\/centralmedia.rs\/index.php\/wp-json\/wp\/v2\/posts"}],"about":[{"href":"https:\/\/centralmedia.rs\/index.php\/wp-json\/wp\/v2\/types\/post"}],"author":[{"embeddable":true,"href":"https:\/\/centralmedia.rs\/index.php\/wp-json\/wp\/v2\/users\/2"}],"replies":[{"embeddable":true,"href":"https:\/\/centralmedia.rs\/index.php\/wp-json\/wp\/v2\/comments?post=30719"}],"version-history":[{"count":1,"href":"https:\/\/centralmedia.rs\/index.php\/wp-json\/wp\/v2\/posts\/30719\/revisions"}],"predecessor-version":[{"id":30721,"href":"https:\/\/centralmedia.rs\/index.php\/wp-json\/wp\/v2\/posts\/30719\/revisions\/30721"}],"wp:featuredmedia":[{"embeddable":true,"href":"https:\/\/centralmedia.rs\/index.php\/wp-json\/wp\/v2\/media\/30720"}],"wp:attachment":[{"href":"https:\/\/centralmedia.rs\/index.php\/wp-json\/wp\/v2\/media?parent=30719"}],"wp:term":[{"taxonomy":"category","embeddable":true,"href":"https:\/\/centralmedia.rs\/index.php\/wp-json\/wp\/v2\/categories?post=30719"},{"taxonomy":"post_tag","embeddable":true,"href":"https:\/\/centralmedia.rs\/index.php\/wp-json\/wp\/v2\/tags?post=30719"}],"curies":[{"name":"wp","href":"https:\/\/api.w.org\/{rel}","templated":true}]}}