{"id":30733,"date":"2022-03-17T15:25:42","date_gmt":"2022-03-17T14:25:42","guid":{"rendered":"http:\/\/centralmedia.rs\/?p=30733"},"modified":"2022-03-19T23:38:28","modified_gmt":"2022-03-19T22:38:28","slug":"18-godina-od-martovskog-genocida-na-kosovu-i-metohiji-ubijeno-19-osoba-4-000-srba-proterano-sa-kim","status":"publish","type":"post","link":"https:\/\/centralmedia.rs\/index.php\/2022\/03\/17\/18-godina-od-martovskog-genocida-na-kosovu-i-metohiji-ubijeno-19-osoba-4-000-srba-proterano-sa-kim\/","title":{"rendered":"18 godina od martovskog genocida na Kosovu i Metohiji, ubijeno 19 osoba, 4.000 Srba proterano sa KiM"},"content":{"rendered":"<p>Pre ta\u010dno 18 godina na KiM je po\u010delo dvodnevno krvavo i\u017eivljavanje Albanaca nad tamo\u0161njim Srbima. U martovskom genocidu na KIM, ubijeno je najmanje 19 osoba, uz ukupno oko 1.000 povre\u0111enih. Proterano je vise od 4.000 Srba, uni\u0161teno 800 srpskih ku\u0107a i zapaljeno 35 verskih objekata.<\/p>\n<div id='gallery-1' class='gallery galleryid-30733 gallery-columns-5 gallery-size-thumbnail'><figure class='gallery-item'>\n\t\t\t<div class='gallery-icon landscape'>\n\t\t\t\t<a href='https:\/\/centralmedia.rs\/index.php\/2022\/03\/17\/18-godina-od-martovskog-genocida-na-kosovu-i-metohiji-ubijeno-19-osoba-4-000-srba-proterano-sa-kim\/genocid-na-kim2\/'><img loading=\"lazy\" decoding=\"async\" width=\"150\" height=\"150\" src=\"https:\/\/centralmedia.rs\/wp-content\/uploads\/2022\/03\/genocid-na-kim2-150x150.jpg\" class=\"attachment-thumbnail size-thumbnail\" alt=\"\" \/><\/a>\n\t\t\t<\/div><\/figure><figure class='gallery-item'>\n\t\t\t<div class='gallery-icon landscape'>\n\t\t\t\t<a href='https:\/\/centralmedia.rs\/index.php\/2022\/03\/17\/18-godina-od-martovskog-genocida-na-kosovu-i-metohiji-ubijeno-19-osoba-4-000-srba-proterano-sa-kim\/genocid-na-kim3\/'><img loading=\"lazy\" decoding=\"async\" width=\"150\" height=\"150\" src=\"https:\/\/centralmedia.rs\/wp-content\/uploads\/2022\/03\/genocid-na-kim3-150x150.jpg\" class=\"attachment-thumbnail size-thumbnail\" alt=\"\" \/><\/a>\n\t\t\t<\/div><\/figure><figure class='gallery-item'>\n\t\t\t<div class='gallery-icon landscape'>\n\t\t\t\t<a href='https:\/\/centralmedia.rs\/index.php\/2022\/03\/17\/18-godina-od-martovskog-genocida-na-kosovu-i-metohiji-ubijeno-19-osoba-4-000-srba-proterano-sa-kim\/genocid-na-kim4\/'><img loading=\"lazy\" decoding=\"async\" width=\"150\" height=\"150\" src=\"https:\/\/centralmedia.rs\/wp-content\/uploads\/2022\/03\/genocid-na-kim4-150x150.jpg\" class=\"attachment-thumbnail size-thumbnail\" alt=\"\" \/><\/a>\n\t\t\t<\/div><\/figure><figure class='gallery-item'>\n\t\t\t<div class='gallery-icon portrait'>\n\t\t\t\t<a href='https:\/\/centralmedia.rs\/index.php\/2022\/03\/17\/18-godina-od-martovskog-genocida-na-kosovu-i-metohiji-ubijeno-19-osoba-4-000-srba-proterano-sa-kim\/genocid-na-kim5\/'><img loading=\"lazy\" decoding=\"async\" width=\"150\" height=\"150\" src=\"https:\/\/centralmedia.rs\/wp-content\/uploads\/2022\/03\/genocid-na-kim5-150x150.jpg\" class=\"attachment-thumbnail size-thumbnail\" alt=\"\" \/><\/a>\n\t\t\t<\/div><\/figure><figure class='gallery-item'>\n\t\t\t<div class='gallery-icon landscape'>\n\t\t\t\t<a href='https:\/\/centralmedia.rs\/index.php\/2022\/03\/17\/18-godina-od-martovskog-genocida-na-kosovu-i-metohiji-ubijeno-19-osoba-4-000-srba-proterano-sa-kim\/genocid-na-kim\/'><img loading=\"lazy\" decoding=\"async\" width=\"150\" height=\"150\" src=\"https:\/\/centralmedia.rs\/wp-content\/uploads\/2022\/03\/genocid-na-kim-150x150.jpg\" class=\"attachment-thumbnail size-thumbnail\" alt=\"\" \/><\/a>\n\t\t\t<\/div><\/figure>\n\t\t<\/div>\n\n<p>Istraga nikada nije stigla do organizatora, a iz me\u0111unarodnih misija nema ni glasa o novim detaljima.<\/p>\n<p>Tri albanska de\u010daka su stradala u nesre\u0107i, a upravo je pogre\u010d\u0161no tuma\u010denje ovog doga\u0111aja bilo povod za genocid nad Srbima.<\/p>\n<p>Srbi nisu imali nikakve veze sa tom tragedijom, a to su potvrdili i zvani\u010dnici Unmika.<\/p>\n<p>Albanski mediji su ipak citirali zapaljive izjave politi\u010dara i na taj na\u010din bili su okida\u010d za doga\u0111aje koji su usledi<\/p>\n<p>Broj od 19 mrtvih va\u017ei za zvani\u010dan broj \u017ertava iz izve\u0161taja Unmika, koji su Ujedinjene nacije objavile aprila 2004. godine. Van izve\u0161taja ostalo je nekoliko neidentifikovanih tela iz pri\u0161tinske mrtva\u010dnice. Prema novijim izve\u0161tajima, ukupno je stradalo 27 osoba, 15 Albanaca i 12 Srba.<\/p>\n<p>Proterano vi\u0161e od 4.000 Srba<\/p>\n<p>Povre\u0111ene su ukupno 954 osobe, me\u0111u kojima 61 iz redova Kfora i 65 Unmikovih policajaca. Oko 150 Srba ozbiljno je povre\u0111eno u njihovim ku\u0107ama. Zapaljeno jo\u0161 90 a\u0161kalijskih ku\u0107a, kao i dve albanske. Proterano je vi\u0161e od 4.000 Srba.<\/p>\n<p>Vi\u0161e od 800 objekata, uklju\u010duju\u0107i 35 crkava i manastira, te\u0161ko je o\u0161te\u0107eno ili potpuno uni\u0161teno. Prema procenama Unmika, u neredima je, na 33 lokacije, u\u010destvovalo oko 60.000 Albanaca. Zapaljena su 72 vozila me\u0111unarodnih snaga. Statistika Organizacije za evropsku bezbednost i saradnju (OEBS) pokazuje da je, zbog martovskog nasilja, kosovsko pravosu\u0111e pokrenulo 400 slu\u010dajeva.<\/p>\n<p>&nbsp;<\/p>\n","protected":false},"excerpt":{"rendered":"<p>Pre ta\u010dno 18 godina na KiM je po\u010delo dvodnevno krvavo i\u017eivljavanje Albanaca nad tamo\u0161njim Srbima. U martovskom genocidu na KIM, ubijeno je najmanje 19 osoba, &hellip; <\/p>\n","protected":false},"author":2,"featured_media":30734,"comment_status":"open","ping_status":"open","sticky":false,"template":"","format":"standard","meta":{"footnotes":""},"categories":[2,13,12],"tags":[3280,143,5741],"_links":{"self":[{"href":"https:\/\/centralmedia.rs\/index.php\/wp-json\/wp\/v2\/posts\/30733"}],"collection":[{"href":"https:\/\/centralmedia.rs\/index.php\/wp-json\/wp\/v2\/posts"}],"about":[{"href":"https:\/\/centralmedia.rs\/index.php\/wp-json\/wp\/v2\/types\/post"}],"author":[{"embeddable":true,"href":"https:\/\/centralmedia.rs\/index.php\/wp-json\/wp\/v2\/users\/2"}],"replies":[{"embeddable":true,"href":"https:\/\/centralmedia.rs\/index.php\/wp-json\/wp\/v2\/comments?post=30733"}],"version-history":[{"count":2,"href":"https:\/\/centralmedia.rs\/index.php\/wp-json\/wp\/v2\/posts\/30733\/revisions"}],"predecessor-version":[{"id":30740,"href":"https:\/\/centralmedia.rs\/index.php\/wp-json\/wp\/v2\/posts\/30733\/revisions\/30740"}],"wp:featuredmedia":[{"embeddable":true,"href":"https:\/\/centralmedia.rs\/index.php\/wp-json\/wp\/v2\/media\/30734"}],"wp:attachment":[{"href":"https:\/\/centralmedia.rs\/index.php\/wp-json\/wp\/v2\/media?parent=30733"}],"wp:term":[{"taxonomy":"category","embeddable":true,"href":"https:\/\/centralmedia.rs\/index.php\/wp-json\/wp\/v2\/categories?post=30733"},{"taxonomy":"post_tag","embeddable":true,"href":"https:\/\/centralmedia.rs\/index.php\/wp-json\/wp\/v2\/tags?post=30733"}],"curies":[{"name":"wp","href":"https:\/\/api.w.org\/{rel}","templated":true}]}}