{"id":30741,"date":"2022-03-17T15:33:02","date_gmt":"2022-03-17T14:33:02","guid":{"rendered":"http:\/\/centralmedia.rs\/?p=30741"},"modified":"2022-03-20T12:58:12","modified_gmt":"2022-03-20T11:58:12","slug":"palma-srpsko-kosovo-je-2004-godine-bilo-ono-sto-je-mariupolj-danas","status":"publish","type":"post","link":"https:\/\/centralmedia.rs\/index.php\/2022\/03\/17\/palma-srpsko-kosovo-je-2004-godine-bilo-ono-sto-je-mariupolj-danas\/","title":{"rendered":"PALMA : SRPSKO KOSOVO JE 2004. GODINE BILO ONO \u0160TO JE MARIUPOLJ DANAS"},"content":{"rendered":"<p>\u201cOni koji se danas \u010dude de\u0161avanjima u Ukrajini su u stvari autori propasti me\u0111unarodnog prava, a svoju \u201cdoktorsku disertaciju\u201d pod nazivom \u201cru\u0161enje me\u0111unarodnog prava\u201d \u201codbranili\u201d su na Kosovu i Metohiji. 17. mart 2004. godine je samo posledica podstrekivanja i podr\u0161ke terorizma na Kosovu i Metohiji . Martovski pogrom srpskog civilnog stanovni\u0161tva na Kosovu i Metohiji i ru\u0161enje srpske imovine i crkava i proterivanje srpskog stanovni\u0161tva nastavak je bombardovanja iz 1999. godine. Teroristi iz OVK su imali i 1998. i 1999. i 2004. i 2008. godine podr\u0161ku onih koji su ih stvorili, finansirali i trenirali, a to su neke zemlje Evropske unije i deo politi\u010dkog establi\u0161menta iz Sjedinjenih Ameri\u010dkih Dr\u017eava\u201d, ocenio je predsednik Jedinstvene Srbije Dragan Markovi\u0107 Palma. \u201cTeroristi su znali da imaju podr\u0161ku i da za sva ubistva, mu\u010denja, ru\u0161enja i pogrome ne\u0107e da odgovaraju. Uvek je isti scenario kao u Markalama u Sarajevu, kao u Kle\u010dki i u Ra\u010dku koji je izmi\u0161ljen i zbog koga je Srbija bombardovana. Optu\u017ee se Srbi i tako je informacija o navodnom davljenju trojice albanskih de\u010daka u reci Ibar u selu \u010cabra u srpskoj op\u0161tini Zubin Potok munjevito pro\u0161la svetom. Odmah su tu name\u0161tenu i la\u017enu informaciju objavili svi svetski mediji. Kampanja etni\u010dkog \u010di\u0161\u0107enja Srba sa Kosova i Metohije od tog 17. marta trajala je tri dana. Tih dana je proterano 4012 srba, ubijeno 19 a etni\u010dki potpuno o\u010di\u0161\u0107eno 6 gradova i 9 sela. Me\u0111unarodni predstavnici iz Evropske unije i Sjedinjenih Ameri\u010dkih Dr\u017eava su taj pogrom nazivali \u201cakcijom\u201d ili \u201corganizovanom akcijom\u201d ili \u010dak \u201cspontanom reakcijom\u201d i menjali su svoje iskaze \u0161ta se de\u0161avalo, odnosno \u0161ta su videli. Oni su ignorisali posledice i \u010dak javno opravdavali albanske teroriste. I umesto da me\u0111unarodni poredak kazni teroriste u srcu Evrope, \u010detiri godine kasnije, 2008. godine, sledi nagrada. \u010celnici teroristi\u010dke OVK umesto da zadu\u017ee prugasto odelo i da se tretiraju kao Bin Laden, oni u Pri\u0161tini progla\u0161avaju nezavisnost uz direktan prenos na CNN \u2013 u, BBC \u2013 iju i Euronewsu. I tog 17. marta 2004. kao i 1999. godine srpsko Kosovo je bilo Mariupolj. \u017dalim stradanje civila ma gde se ono de\u0161ava, ali to onda nisu \u017ealili oni koji danas pla\u010du nad ukrajinskim civilima, a isti su proizveli i jednu i drugu nesre\u0107u.\u201d, rekao je Markovi\u0107.<\/p>\n","protected":false},"excerpt":{"rendered":"<p>\u201cOni koji se danas \u010dude de\u0161avanjima u Ukrajini su u stvari autori propasti me\u0111unarodnog prava, a svoju \u201cdoktorsku disertaciju\u201d pod nazivom \u201cru\u0161enje me\u0111unarodnog prava\u201d \u201codbranili\u201d &hellip; <\/p>\n","protected":false},"author":2,"featured_media":30742,"comment_status":"open","ping_status":"open","sticky":false,"template":"","format":"standard","meta":{"footnotes":""},"categories":[1524,2,1514,5643,13,887,12],"tags":[3280,143,120],"_links":{"self":[{"href":"https:\/\/centralmedia.rs\/index.php\/wp-json\/wp\/v2\/posts\/30741"}],"collection":[{"href":"https:\/\/centralmedia.rs\/index.php\/wp-json\/wp\/v2\/posts"}],"about":[{"href":"https:\/\/centralmedia.rs\/index.php\/wp-json\/wp\/v2\/types\/post"}],"author":[{"embeddable":true,"href":"https:\/\/centralmedia.rs\/index.php\/wp-json\/wp\/v2\/users\/2"}],"replies":[{"embeddable":true,"href":"https:\/\/centralmedia.rs\/index.php\/wp-json\/wp\/v2\/comments?post=30741"}],"version-history":[{"count":1,"href":"https:\/\/centralmedia.rs\/index.php\/wp-json\/wp\/v2\/posts\/30741\/revisions"}],"predecessor-version":[{"id":30743,"href":"https:\/\/centralmedia.rs\/index.php\/wp-json\/wp\/v2\/posts\/30741\/revisions\/30743"}],"wp:featuredmedia":[{"embeddable":true,"href":"https:\/\/centralmedia.rs\/index.php\/wp-json\/wp\/v2\/media\/30742"}],"wp:attachment":[{"href":"https:\/\/centralmedia.rs\/index.php\/wp-json\/wp\/v2\/media?parent=30741"}],"wp:term":[{"taxonomy":"category","embeddable":true,"href":"https:\/\/centralmedia.rs\/index.php\/wp-json\/wp\/v2\/categories?post=30741"},{"taxonomy":"post_tag","embeddable":true,"href":"https:\/\/centralmedia.rs\/index.php\/wp-json\/wp\/v2\/tags?post=30741"}],"curies":[{"name":"wp","href":"https:\/\/api.w.org\/{rel}","templated":true}]}}