{"id":30744,"date":"2022-03-17T16:31:18","date_gmt":"2022-03-17T15:31:18","guid":{"rendered":"http:\/\/centralmedia.rs\/?p=30744"},"modified":"2022-03-17T16:31:18","modified_gmt":"2022-03-17T15:31:18","slug":"zadrzavan-vozac-autobusa-koji-je-ubio-zenu-pesaka","status":"publish","type":"post","link":"https:\/\/centralmedia.rs\/index.php\/2022\/03\/17\/zadrzavan-vozac-autobusa-koji-je-ubio-zenu-pesaka\/","title":{"rendered":"Zadr\u017eavan voza\u010d autobusa koji je ubio \u017eenu pe\u0161aka"},"content":{"rendered":"<p>JAGODINA-Pripadnici Ministarstva unutra\u0161njih poslova u Jagodini, po nalogu osnovnog javnog tu\u017eioca u Jagodini, odredili su zadr\u017eavanje do 48 sati voza\u010du autobusa M. S. (1983) iz \u0106uprije, zbog postojanja osnova sumnje da je izvr\u0161io krivi\u010dno delo te\u0161ko delo protiv bezbednosti javnog saobra\u0107aja, saop\u0161teno je iz policije.<\/p>\n<p>On se sumnji\u010di da je ju\u010de, oko 18.40 \u010dasova, na putu Jagodina &#8211; \u0106uprija, upravljaju\u0107i autobusom udario \u010detrdesetsedmogodi\u0161nju \u017eenu koja je i\u0161la uz ivicu kolovoza.<\/p>\n<p>Ona je prevezena u Zdravstveni centar u Jagodini gde je, od zadobijenih povreda, preminula. M.S. \u0107e, uz krivi\u010dnu prijavu, biti priveden tu\u017eila\u0161tvu.<\/p>\n","protected":false},"excerpt":{"rendered":"<p>JAGODINA-Pripadnici Ministarstva unutra\u0161njih poslova u Jagodini, po nalogu osnovnog javnog tu\u017eioca u Jagodini, odredili su zadr\u017eavanje do 48 sati voza\u010du autobusa M. S. (1983) iz &hellip; <\/p>\n","protected":false},"author":2,"featured_media":13881,"comment_status":"open","ping_status":"open","sticky":false,"template":"","format":"standard","meta":{"footnotes":""},"categories":[1524,20,2,1514,5643,887,12],"tags":[1663,186,2642],"_links":{"self":[{"href":"https:\/\/centralmedia.rs\/index.php\/wp-json\/wp\/v2\/posts\/30744"}],"collection":[{"href":"https:\/\/centralmedia.rs\/index.php\/wp-json\/wp\/v2\/posts"}],"about":[{"href":"https:\/\/centralmedia.rs\/index.php\/wp-json\/wp\/v2\/types\/post"}],"author":[{"embeddable":true,"href":"https:\/\/centralmedia.rs\/index.php\/wp-json\/wp\/v2\/users\/2"}],"replies":[{"embeddable":true,"href":"https:\/\/centralmedia.rs\/index.php\/wp-json\/wp\/v2\/comments?post=30744"}],"version-history":[{"count":1,"href":"https:\/\/centralmedia.rs\/index.php\/wp-json\/wp\/v2\/posts\/30744\/revisions"}],"predecessor-version":[{"id":30745,"href":"https:\/\/centralmedia.rs\/index.php\/wp-json\/wp\/v2\/posts\/30744\/revisions\/30745"}],"wp:featuredmedia":[{"embeddable":true,"href":"https:\/\/centralmedia.rs\/index.php\/wp-json\/wp\/v2\/media\/13881"}],"wp:attachment":[{"href":"https:\/\/centralmedia.rs\/index.php\/wp-json\/wp\/v2\/media?parent=30744"}],"wp:term":[{"taxonomy":"category","embeddable":true,"href":"https:\/\/centralmedia.rs\/index.php\/wp-json\/wp\/v2\/categories?post=30744"},{"taxonomy":"post_tag","embeddable":true,"href":"https:\/\/centralmedia.rs\/index.php\/wp-json\/wp\/v2\/tags?post=30744"}],"curies":[{"name":"wp","href":"https:\/\/api.w.org\/{rel}","templated":true}]}}