{"id":30762,"date":"2022-03-18T14:34:48","date_gmt":"2022-03-18T13:34:48","guid":{"rendered":"http:\/\/centralmedia.rs\/?p=30762"},"modified":"2022-05-06T14:30:58","modified_gmt":"2022-05-06T12:30:58","slug":"deca-treba-pazljivo-da-odaberu-cime-ce-se-baviti","status":"publish","type":"post","link":"https:\/\/centralmedia.rs\/index.php\/2022\/03\/18\/deca-treba-pazljivo-da-odaberu-cime-ce-se-baviti\/","title":{"rendered":"Deca treba pa\u017eljivo da odaberu \u010dime \u0107e se baviti"},"content":{"rendered":"<p>Nema sumnje da zavr\u0161ni razred osnovne \u0161kole prati mnogo stresa, kako u\u010denika, tako i njihovih roditelja. Najpre se javlja stres oko toga koje zanimanje je najbolje da dete odabere, odnosno koju \u0161kolu treba da upi\u0161e, a onda sledi nerviranje i zabrinutost oko toga da li \u0107e dete da polo\u017ei maturski ispit i imati dovoljno bodova da upi\u0161e \u017eeljenu srednju \u0161kolu ili ne.<\/p>\n<div id='gallery-1' class='gallery galleryid-30762 gallery-columns-5 gallery-size-thumbnail'><figure class='gallery-item'>\n\t\t\t<div class='gallery-icon landscape'>\n\t\t\t\t<a href='https:\/\/centralmedia.rs\/index.php\/2022\/03\/18\/deca-treba-pazljivo-da-odaberu-cime-ce-se-baviti\/medicinska_i_it_gimnazija_5\/'><img loading=\"lazy\" decoding=\"async\" width=\"150\" height=\"150\" src=\"https:\/\/centralmedia.rs\/wp-content\/uploads\/2022\/03\/medicinska_i_it_gimnazija_5-150x150.jpg\" class=\"attachment-thumbnail size-thumbnail\" alt=\"\" \/><\/a>\n\t\t\t<\/div><\/figure><figure class='gallery-item'>\n\t\t\t<div class='gallery-icon landscape'>\n\t\t\t\t<a href='https:\/\/centralmedia.rs\/index.php\/2022\/03\/18\/deca-treba-pazljivo-da-odaberu-cime-ce-se-baviti\/medicinska_i_it_gimnazija_6\/'><img loading=\"lazy\" decoding=\"async\" width=\"150\" height=\"150\" src=\"https:\/\/centralmedia.rs\/wp-content\/uploads\/2022\/03\/medicinska_i_it_gimnazija_6-150x150.jpg\" class=\"attachment-thumbnail size-thumbnail\" alt=\"\" \/><\/a>\n\t\t\t<\/div><\/figure><figure class='gallery-item'>\n\t\t\t<div class='gallery-icon landscape'>\n\t\t\t\t<a href='https:\/\/centralmedia.rs\/index.php\/2022\/03\/18\/deca-treba-pazljivo-da-odaberu-cime-ce-se-baviti\/medicinska_i_it_gimnazija_7\/'><img loading=\"lazy\" decoding=\"async\" width=\"150\" height=\"150\" src=\"https:\/\/centralmedia.rs\/wp-content\/uploads\/2022\/03\/medicinska_i_it_gimnazija_7-150x150.jpg\" class=\"attachment-thumbnail size-thumbnail\" alt=\"\" \/><\/a>\n\t\t\t<\/div><\/figure><figure class='gallery-item'>\n\t\t\t<div class='gallery-icon landscape'>\n\t\t\t\t<a href='https:\/\/centralmedia.rs\/index.php\/2022\/03\/18\/deca-treba-pazljivo-da-odaberu-cime-ce-se-baviti\/medicinska_i_it_gimnazija_8\/'><img loading=\"lazy\" decoding=\"async\" width=\"150\" height=\"150\" src=\"https:\/\/centralmedia.rs\/wp-content\/uploads\/2022\/03\/medicinska_i_it_gimnazija_8-150x150.jpg\" class=\"attachment-thumbnail size-thumbnail\" alt=\"\" \/><\/a>\n\t\t\t<\/div><\/figure><figure class='gallery-item'>\n\t\t\t<div class='gallery-icon landscape'>\n\t\t\t\t<a href='https:\/\/centralmedia.rs\/index.php\/2022\/03\/18\/deca-treba-pazljivo-da-odaberu-cime-ce-se-baviti\/medicinska_i_it_gimnazija_9\/'><img loading=\"lazy\" decoding=\"async\" width=\"150\" height=\"150\" src=\"https:\/\/centralmedia.rs\/wp-content\/uploads\/2022\/03\/medicinska_i_it_gimnazija_9-150x150.jpg\" class=\"attachment-thumbnail size-thumbnail\" alt=\"\" \/><\/a>\n\t\t\t<\/div><\/figure>\n\t\t<\/div>\n\n<p>Me\u0111utim, tu je <a href=\"https:\/\/itgimnazija.edu.rs\/lokacije\/jagodina\">Srednja medicinska i IT gimnazija Kragujevac \u2013 izdvojeno odeljenje u Jagodini <\/a>, koja nudi povoljne cene \u0161kolarine i brojne benefite budu\u0107im u\u010denicima. Na\u0161a \u0161kola je dobila akreditaciju u novembru 2021.godine za svoje izdvojeno odeljenje u Jagodini i od tada se trudi i ula\u017ee neprekidno u stru\u010dni i u nastavni kadar ali i u sam \u0161kolski prostor, tako da se slobodno mo\u017ee okarakterisati kao najbolja srednja \u0161kola u tom delu zemlje.<\/p>\n<p>Tim pre \u0161to se radi o akreditovanoj srednjoj \u0161koli, \u0161to posebno isti\u010demo, budu\u0107i da uglavnom roditelji izra\u017eavaju zabrinutost kada su u pitanju privatne srednje \u0161kole. Da razjasnimo, diploma koju \u0107e dete ste\u0107i nakon \u0161to zavr\u0161i poha\u0111anje nastave za obrazovne profile tehni\u010dar drumskog saobra\u0107aja, \u010detvrti stepen srednjeg obrazovanja, zatim muzi\u010dki izvo\u0111a\u010d ili medicinska sestra \u2013 tehni\u010dar, koji su tako\u0111e \u010detvrtog stepena, mo\u017ee da bude u svakoj situaciji kori\u0161\u0107ena kao potpuno relevantan dokaz o tome da je u\u010denik stekao srednje obrazovanje. Sve to dalje zna\u010di da roditelji, odnosno staratelji dece nemaju nikakvog razloga da brigu. Dovoljno je samo da shvate prednosti koje njihovoj deci nudi Srednja medicinska i IT gimnazija Kragujevac \u2013 izdvojeno odeljenje Jagodina.<\/p>\n<p>Moderno opremljen prostor u kome se organizuje nastava za navedene obrazovne profile nalazi se u Trep\u010daninovoj ulici broj 1 u Jagodini. Svi koji su zainteresovani, mogu svoje dete prijaviti za upis u narednu \u0161kolsku godinu putem broja telefona 069 30 90 585 ili elektronski na mejl adresu <a href=\"mailto:jagodina@itgimnazija.edu.rs\">jagodina@itgimnazija.edu.rs<\/a><\/p>\n","protected":false},"excerpt":{"rendered":"<p>Nema sumnje da zavr\u0161ni razred osnovne \u0161kole prati mnogo stresa, kako u\u010denika, tako i njihovih roditelja. Najpre se javlja stres oko toga koje zanimanje je &hellip; <\/p>\n","protected":false},"author":2,"featured_media":30763,"comment_status":"open","ping_status":"open","sticky":false,"template":"","format":"standard","meta":{"footnotes":""},"categories":[14,1524,2,5643,1514,887,12],"tags":[5742,58,5433,5743,843],"_links":{"self":[{"href":"https:\/\/centralmedia.rs\/index.php\/wp-json\/wp\/v2\/posts\/30762"}],"collection":[{"href":"https:\/\/centralmedia.rs\/index.php\/wp-json\/wp\/v2\/posts"}],"about":[{"href":"https:\/\/centralmedia.rs\/index.php\/wp-json\/wp\/v2\/types\/post"}],"author":[{"embeddable":true,"href":"https:\/\/centralmedia.rs\/index.php\/wp-json\/wp\/v2\/users\/2"}],"replies":[{"embeddable":true,"href":"https:\/\/centralmedia.rs\/index.php\/wp-json\/wp\/v2\/comments?post=30762"}],"version-history":[{"count":1,"href":"https:\/\/centralmedia.rs\/index.php\/wp-json\/wp\/v2\/posts\/30762\/revisions"}],"predecessor-version":[{"id":30769,"href":"https:\/\/centralmedia.rs\/index.php\/wp-json\/wp\/v2\/posts\/30762\/revisions\/30769"}],"wp:featuredmedia":[{"embeddable":true,"href":"https:\/\/centralmedia.rs\/index.php\/wp-json\/wp\/v2\/media\/30763"}],"wp:attachment":[{"href":"https:\/\/centralmedia.rs\/index.php\/wp-json\/wp\/v2\/media?parent=30762"}],"wp:term":[{"taxonomy":"category","embeddable":true,"href":"https:\/\/centralmedia.rs\/index.php\/wp-json\/wp\/v2\/categories?post=30762"},{"taxonomy":"post_tag","embeddable":true,"href":"https:\/\/centralmedia.rs\/index.php\/wp-json\/wp\/v2\/tags?post=30762"}],"curies":[{"name":"wp","href":"https:\/\/api.w.org\/{rel}","templated":true}]}}