{"id":30786,"date":"2022-03-20T11:53:38","date_gmt":"2022-03-20T10:53:38","guid":{"rendered":"http:\/\/centralmedia.rs\/?p=30786"},"modified":"2022-03-25T20:46:03","modified_gmt":"2022-03-25T19:46:03","slug":"palma-svaki-covek-vredi-onoliko-koliko-iza-sebe-moze-dela-da-ostavi","status":"publish","type":"post","link":"https:\/\/centralmedia.rs\/index.php\/2022\/03\/20\/palma-svaki-covek-vredi-onoliko-koliko-iza-sebe-moze-dela-da-ostavi\/","title":{"rendered":"PALMA: SVAKI \u010cOVEK VREDI ONOLIKO KOLIKO IZA SEBE MO\u017dE DELA DA OSTAVI"},"content":{"rendered":"<p>JAGODINA-U Jagodini je otvoren najsavremeniji vrti\u0107 koji se prostire na povr\u0161ini od 1.080 kvadratnih metara i koji \u0107e mo\u0107i da primi 110 mali\u0161ana. Novoizgra\u0111ena zgrada nalazi se u sklopu de\u010djeg vrti\u0107a ,,Pivara\u201c, \u010dija je zgrada, tako\u0111e, renovirana. Vrti\u0107 je sve\u010dano proglasio otvorenim predsednik Skup\u0161tine grada Jagodina Dragan Markovi\u0107 Palma, koji je, tom prilikom, rekao da svaki \u010dovek, ili lokalna samouprava, vrede onoliko koliko iza sebe mogu da ostave dela.<\/p>\n<p>,,Ovo je tre\u0107i vrti\u0107 koji smo napravili, jer se borimo protiv bele kuge. Borba protv bele kuge je i cena vrti\u0107a, koja je u Jagodini najni\u017ea u Srbiji, zatim besplatan prevoz za roditelje koji decu dovoze autobusom u vrti\u0107. Borba protiv bele kuge je i sala za fizi\u010dko vaspitanje, koja je najsavremenija u Srbiji, jer nam je \u017eelja da deca budu zdrava. Tako \u0107emo do\u0107i do novih talenata u sportu\u201c, istakao je Markovi\u0107 na otvaranju vrti\u0107a.<\/p>\n<div id='gallery-1' class='gallery galleryid-30786 gallery-columns-4 gallery-size-thumbnail'><figure class='gallery-item'>\n\t\t\t<div class='gallery-icon landscape'>\n\t\t\t\t<a href='https:\/\/centralmedia.rs\/index.php\/2022\/03\/20\/palma-svaki-covek-vredi-onoliko-koliko-iza-sebe-moze-dela-da-ostavi\/vrtic-12\/'><img loading=\"lazy\" decoding=\"async\" width=\"150\" height=\"150\" src=\"https:\/\/centralmedia.rs\/wp-content\/uploads\/2022\/03\/vrtic-150x150.jpg\" class=\"attachment-thumbnail size-thumbnail\" alt=\"\" \/><\/a>\n\t\t\t<\/div><\/figure><figure class='gallery-item'>\n\t\t\t<div class='gallery-icon landscape'>\n\t\t\t\t<a href='https:\/\/centralmedia.rs\/index.php\/2022\/03\/20\/palma-svaki-covek-vredi-onoliko-koliko-iza-sebe-moze-dela-da-ostavi\/vrtic1-5\/'><img loading=\"lazy\" decoding=\"async\" width=\"150\" height=\"150\" src=\"https:\/\/centralmedia.rs\/wp-content\/uploads\/2022\/03\/vrtic1-150x150.jpg\" class=\"attachment-thumbnail size-thumbnail\" alt=\"\" \/><\/a>\n\t\t\t<\/div><\/figure><figure class='gallery-item'>\n\t\t\t<div class='gallery-icon landscape'>\n\t\t\t\t<a href='https:\/\/centralmedia.rs\/index.php\/2022\/03\/20\/palma-svaki-covek-vredi-onoliko-koliko-iza-sebe-moze-dela-da-ostavi\/vrtic2-2\/'><img loading=\"lazy\" decoding=\"async\" width=\"150\" height=\"150\" src=\"https:\/\/centralmedia.rs\/wp-content\/uploads\/2022\/03\/vrtic2-150x150.jpg\" class=\"attachment-thumbnail size-thumbnail\" alt=\"\" \/><\/a>\n\t\t\t<\/div><\/figure><figure class='gallery-item'>\n\t\t\t<div class='gallery-icon landscape'>\n\t\t\t\t<a href='https:\/\/centralmedia.rs\/index.php\/2022\/03\/20\/palma-svaki-covek-vredi-onoliko-koliko-iza-sebe-moze-dela-da-ostavi\/vrtic3\/'><img loading=\"lazy\" decoding=\"async\" width=\"150\" height=\"150\" src=\"https:\/\/centralmedia.rs\/wp-content\/uploads\/2022\/03\/vrtic3-150x150.jpg\" class=\"attachment-thumbnail size-thumbnail\" alt=\"\" \/><\/a>\n\t\t\t<\/div><\/figure>\n\t\t<\/div>\n\n<p>Markovi\u0107 je, tako\u0111e, napomenuo da je Jagodina jedini grad koji \u0161alje decu na more besplatno. Da deca imaju besplatan autobuski prevoz, kao i svi gra\u0111ani,\u00a0 i da je u organizaciji grada vi\u0161e od 50.000 ljudi putovalo u inostranstvo.<\/p>\n<p>,,Grad koji za vreme pandemije korona virusa gradi vrti\u0107e, kulturni centar, fabrike, je uspe\u0161an grad i sve te projekte mi sami finansiramo. \u0160to se ti\u010de vrti\u0107a, \u017eelim da se deca \u0161to vi\u0161e ra\u0111aju, da nam budu sre\u0107na, jer su ona smisao na\u0161eg \u017eivota i na\u0161a budu\u0107nost\u201c, zaklju\u010dio je Dragan Markovi\u0107 Palma, predsednik Skup\u0161tine grada Jagodina. Vrti\u0107 ,,Pivara\u201c jedan je od retkih u Srbiji koji ima i senzornu sobu za decu sa smetnjama\u00a0 u razvoju.<\/p>\n","protected":false},"excerpt":{"rendered":"<p>JAGODINA-U Jagodini je otvoren najsavremeniji vrti\u0107 koji se prostire na povr\u0161ini od 1.080 kvadratnih metara i koji \u0107e mo\u0107i da primi 110 mali\u0161ana. Novoizgra\u0111ena zgrada &hellip; <\/p>\n","protected":false},"author":2,"featured_media":30787,"comment_status":"open","ping_status":"open","sticky":false,"template":"","format":"standard","meta":{"footnotes":""},"categories":[14,1524,2,1514,5643,887,12],"tags":[58,120,3518,1013],"_links":{"self":[{"href":"https:\/\/centralmedia.rs\/index.php\/wp-json\/wp\/v2\/posts\/30786"}],"collection":[{"href":"https:\/\/centralmedia.rs\/index.php\/wp-json\/wp\/v2\/posts"}],"about":[{"href":"https:\/\/centralmedia.rs\/index.php\/wp-json\/wp\/v2\/types\/post"}],"author":[{"embeddable":true,"href":"https:\/\/centralmedia.rs\/index.php\/wp-json\/wp\/v2\/users\/2"}],"replies":[{"embeddable":true,"href":"https:\/\/centralmedia.rs\/index.php\/wp-json\/wp\/v2\/comments?post=30786"}],"version-history":[{"count":1,"href":"https:\/\/centralmedia.rs\/index.php\/wp-json\/wp\/v2\/posts\/30786\/revisions"}],"predecessor-version":[{"id":30791,"href":"https:\/\/centralmedia.rs\/index.php\/wp-json\/wp\/v2\/posts\/30786\/revisions\/30791"}],"wp:featuredmedia":[{"embeddable":true,"href":"https:\/\/centralmedia.rs\/index.php\/wp-json\/wp\/v2\/media\/30787"}],"wp:attachment":[{"href":"https:\/\/centralmedia.rs\/index.php\/wp-json\/wp\/v2\/media?parent=30786"}],"wp:term":[{"taxonomy":"category","embeddable":true,"href":"https:\/\/centralmedia.rs\/index.php\/wp-json\/wp\/v2\/categories?post=30786"},{"taxonomy":"post_tag","embeddable":true,"href":"https:\/\/centralmedia.rs\/index.php\/wp-json\/wp\/v2\/tags?post=30786"}],"curies":[{"name":"wp","href":"https:\/\/api.w.org\/{rel}","templated":true}]}}