{"id":30841,"date":"2022-03-25T20:33:07","date_gmt":"2022-03-25T19:33:07","guid":{"rendered":"http:\/\/centralmedia.rs\/?p=30841"},"modified":"2022-03-29T19:45:01","modified_gmt":"2022-03-29T17:45:01","slug":"pokret-grka-srbiza-u-srpskom-parlamentu","status":"publish","type":"post","link":"https:\/\/centralmedia.rs\/index.php\/2022\/03\/25\/pokret-grka-srbiza-u-srpskom-parlamentu\/","title":{"rendered":"Pokret Grka Srbiza u srpskom parlamentu"},"content":{"rendered":"<p><strong>\u00a0 <\/strong>Na predstoje\u0107im parlamentarnim izborima 3.aprila u\u010destvova\u0107e i Pokret Grka Srbiza koji \u0107e na izbore iza\u0107i u okviru pravoslavnog korpusa politi\u010dkih opcija koji uz ovu stranku sa\u010dinjavaju i Srpsko ruski pokret i Srpsko ruska partija Vukovi. Koalicija \u0107e na glasa\u010dkom listi\u0107u za poslani\u010dke klupe biti pod rednim brojem 19, dok \u0107e na lokalnim izborima za grad Beograd biti pod rednim brojem 12.<\/p>\n<p>Saop\u0161tenje za medije predsednika Pokreta Grka Srbiza, prof. dr Hristosa Aleksopulosa:<\/p>\n<p>&#8221;Od kako sam do\u0161ao u Srbiju, pre skoro trideset godina, ovu zemlju smatram svojom ku\u0107om. \u010citav radni vek kao lekar i profesor sam posvetio edukaciji i ulaganju u prosperitet naroda i dr\u017eave. Srpski i gr\u010dki narod vezuju istorija, vera, tradicija i kultura. Kroz istoriju smo se zajedni\u010dki borili za o\u010duvanje na\u0161eg pravoslavnog identiteta, a Solun i Krf predstavljaju sveta mesta vaskrsenja srpske dr\u017eavnosti i puteve ka slobodi. Ba\u0161 kao \u0161to su Srbi zagledani u Gr\u010dku i do\u017eivljavaju je kao svoju drugu domovinu, \u017eelim da i Grci isto gledaju na Srbiju. To je razlog izlaska Pokreta Grka Srbiza na izbore. Smatram da treba izgraditi most koji \u0107e biti poplo\u010dan slavnom zajedni\u010dkom pro\u0161lo\u0161\u0107u srba i grka i voditi ka svetloj budu\u0107nosti jedinstva. Grci i Srbi nemaju nikoga bli\u017eeg na Balkanu do jedni druge i moramo se jo\u0161 vi\u0161e zbli\u017eiti kako bi u ovim te\u0161kim vremenima bili jaki kao stena i postojano izdr\u017eali sve izazove dana\u0161njice. Postoje\u0107i svetski poredak trenutno je u velikoj krizi \u0161to svakako uti\u010de na Balkan po svim aspektima. Zajedni\u010dkim snagama mo\u017eemo raditi na nuklearnoj energiji koja u savremenim geopoliti\u010dkim okolnostima zna\u010di nezavisnost. Moramo izgraditi mostove saradnje u oblasti digitalizacije i modernih ve\u0161tina poslovanja. Neophodno je graditi veze po pitanju ekonomije koje \u0107e osna\u017eiti na\u0161e privredne kapacitete. Kultura i nauka, zatim sport i sve ono \u0161to \u010dini svakodnevni \u017eivot treba da bude baza produbljivanja odnosa Srba i Grka. Dva naroda su oblikovana iz jedinstvenog kulturnog i duhovnog centra-Konstantinopolja. Danas je neophodno\u00a0 reosnivanje tog zajedni\u010dkog nukleusa postojanja zarad progresivne budu\u0107nosti. Ho\u0107u da Grci bolje upoznaju Srbiju. Ne\u0161to na \u010demu od po\u010detka radim jeste promovisanje Srbije Gr\u010dkoj kako bi grci bolje upoznali prirodne lepote i kulturno-istorijski zna\u010daj Srbije. Ba\u0161 kao \u0161to je i Gr\u010dka, Srbija mo\u017ee postati jedna od najatraktivnijih turisti\u010dkih zemalja uzev\u0161i u obzir predivne re\u010dne doline i planinske predele, ali i srednjovekovne manastire koji odi\u0161u drevno\u0161\u0107u i lepotom. Sama srpska srednjovekovna arhitektura koja u osnovi ima vizantijski stil gradnje dokaz je postojanja neraskidivih istorijskih veza dva bratska naroda-Srba i Grka. Promovisanjem srpskog jezika, kulture, istorije i turisti\u010dkih mogu\u0107nosti u Gr\u010dkoj mo\u017eemo jednosmernu turisti\u010dku struju izmeniti u dvosmernu. Moj politi\u010dki slogan &#8221;Pravoslavno jedinstvo&#8221; ima nameru da promovi\u0161e ono iskonsko u nama \u0161to nas povezuje. Ovo zastupam jer narod bez svoje vere je kao korice bez knjige. Pravoslavlje je na\u0161 identitet zahvaljuju\u0107i kome smo pre\u017eiveli kroz vekove i zbog koga smo danas tu gde jesmo. Pravoslavna vera nas je o\u010duvala i ostavila nam bogato duhovno nasle\u0111e koje moramo \u010duvati i negovati. Ba\u0161 kao \u0161to svaki \u010dovek ima ime i prezime tako je za nas, Grke i Srbe Pravoslavlje ime, ono \u0161to nas \u010dini prepoznatljivim. Hilandar je vekovno duhovno ognji\u0161te Srba u Gr\u010dkoj, na Svetoj Gori kao amanet na\u0161ih predaka i uputstvo kojim putem da idemo. Ja sam \u010dovek iz naroda, za narod i uz narod. Zato Pokret Grka Srbiza kao svoju ideju uzima slu\u017ebu narodu. Moj ideolo\u0161ki put vodi ka jedinstvu Srba i Grka, to je cilj kojem stremim. Srbi i Grci zajedno, na putu jedinstva, to je ideja. Danas, kada se svet razjedinjuje mi ho\u0107emo da se ujedinjujemo, da gradimo mostove saradnje izme\u0111u dva bratska pravoslavna naroda kako bi spremno do\u010dekali izazovna vremena koja su pred nama&#8221;.<\/p>\n","protected":false},"excerpt":{"rendered":"<p>\u00a0 Na predstoje\u0107im parlamentarnim izborima 3.aprila u\u010destvova\u0107e i Pokret Grka Srbiza koji \u0107e na izbore iza\u0107i u okviru pravoslavnog korpusa politi\u010dkih opcija koji uz ovu &hellip; <\/p>\n","protected":false},"author":2,"featured_media":30842,"comment_status":"open","ping_status":"open","sticky":false,"template":"","format":"standard","meta":{"footnotes":""},"categories":[1524,2,5643,1514,13,887,12],"tags":[1611,643,338,1112,2212],"_links":{"self":[{"href":"https:\/\/centralmedia.rs\/index.php\/wp-json\/wp\/v2\/posts\/30841"}],"collection":[{"href":"https:\/\/centralmedia.rs\/index.php\/wp-json\/wp\/v2\/posts"}],"about":[{"href":"https:\/\/centralmedia.rs\/index.php\/wp-json\/wp\/v2\/types\/post"}],"author":[{"embeddable":true,"href":"https:\/\/centralmedia.rs\/index.php\/wp-json\/wp\/v2\/users\/2"}],"replies":[{"embeddable":true,"href":"https:\/\/centralmedia.rs\/index.php\/wp-json\/wp\/v2\/comments?post=30841"}],"version-history":[{"count":2,"href":"https:\/\/centralmedia.rs\/index.php\/wp-json\/wp\/v2\/posts\/30841\/revisions"}],"predecessor-version":[{"id":30844,"href":"https:\/\/centralmedia.rs\/index.php\/wp-json\/wp\/v2\/posts\/30841\/revisions\/30844"}],"wp:featuredmedia":[{"embeddable":true,"href":"https:\/\/centralmedia.rs\/index.php\/wp-json\/wp\/v2\/media\/30842"}],"wp:attachment":[{"href":"https:\/\/centralmedia.rs\/index.php\/wp-json\/wp\/v2\/media?parent=30841"}],"wp:term":[{"taxonomy":"category","embeddable":true,"href":"https:\/\/centralmedia.rs\/index.php\/wp-json\/wp\/v2\/categories?post=30841"},{"taxonomy":"post_tag","embeddable":true,"href":"https:\/\/centralmedia.rs\/index.php\/wp-json\/wp\/v2\/tags?post=30841"}],"curies":[{"name":"wp","href":"https:\/\/api.w.org\/{rel}","templated":true}]}}