{"id":30847,"date":"2022-03-26T14:18:44","date_gmt":"2022-03-26T13:18:44","guid":{"rendered":"http:\/\/centralmedia.rs\/?p=30847"},"modified":"2022-04-03T11:57:01","modified_gmt":"2022-04-03T09:57:01","slug":"dacic-i-palma-dobitna-kombinacija-za-srbiju-je-aleksandar-vucic-predsednik-srbije-ivica-dacic-premijer-srbije","status":"publish","type":"post","link":"https:\/\/centralmedia.rs\/index.php\/2022\/03\/26\/dacic-i-palma-dobitna-kombinacija-za-srbiju-je-aleksandar-vucic-predsednik-srbije-ivica-dacic-premijer-srbije\/","title":{"rendered":"DA\u010cI\u0106 I PALMA : DOBITNA KOMBINACIJA ZA SRBIJU JE ALEKSANDAR VU\u010cI\u0106 PREDSEDNIK SRBIJE, IVICA DA\u010cI\u0106 PREMIJER SRBIJE"},"content":{"rendered":"<p>JAGODINA-U prepunoj sportskoj hali u Jagodini odr\u017eana je predizborna konvencija liste \u201eIvica Da\u010di\u0107 \u2013 premijer Srbije\u201c, koalicije SPS \u2013 Jedinstvena Srbija \u2013 Zeleni Srbije.Govorili su lideri koalicije Ivica Da\u010di\u0107 i Dragan Markovi\u0107 Palma.<\/p>\n<p>\u201eJa sam do\u0161ao u Jagodinu zato \u0161to uvek iz Jagodine kre\u0107emo u pobedu i zato \u0161to vi u Jagodini imate ne\u0161to \u0161to drugi nemaju, a to je Dragan Markovi\u0107 Palma\u201c, istako je na po\u010detku svog govora predsednik SPS Ivica Da\u010di\u0107. \u201eKada je Markovi\u0107 govorio da nasipa puteve do njiva kamenom i kada je rekao da se u Jagodini sada mercedesom ide do njive neki su se iz opozicije smejali. Oni bi da poljoprivrednik propadne da bi oni mogli da se voze merecdesom po Terazijama\u201c, kazao je Da\u010di\u0107. \u201eJa sam ponosan \u0161to se nalazim na \u010delu \u010deli\u010dne koalicije SPS \u2013 Jedinstvena Srbija ve\u0107 14 godina. Danas je retkost da se toliko dugo neko sla\u017ee, uglavmom se svi sva\u0111aju. Na\u0161 zajedni\u010dki cilj je jaka i stabilna Srbija, Srbija socijalne pravde i u ovim kriznim vremenima najva\u017enija je dr\u017eavna stabilnost, a re\u0161enje za to na izborima 3. aprila je Aleksandar Vu\u010di\u0107 predsednik Srbije, Ivica Da\u010di\u0107 premijer Srbije\u201c, rekao je Da\u010di\u0107.<\/p>\n<div id='gallery-1' class='gallery galleryid-30847 gallery-columns-7 gallery-size-thumbnail'><figure class='gallery-item'>\n\t\t\t<div class='gallery-icon landscape'>\n\t\t\t\t<a href='https:\/\/centralmedia.rs\/index.php\/2022\/03\/26\/dacic-i-palma-dobitna-kombinacija-za-srbiju-je-aleksandar-vucic-predsednik-srbije-ivica-dacic-premijer-srbije\/konvencija-sps-js-zs\/'><img loading=\"lazy\" decoding=\"async\" width=\"150\" height=\"150\" src=\"https:\/\/centralmedia.rs\/wp-content\/uploads\/2022\/03\/konvencija-sps-js-zs-150x150.jpg\" class=\"attachment-thumbnail size-thumbnail\" alt=\"\" \/><\/a>\n\t\t\t<\/div><\/figure><figure class='gallery-item'>\n\t\t\t<div class='gallery-icon landscape'>\n\t\t\t\t<a href='https:\/\/centralmedia.rs\/index.php\/2022\/03\/26\/dacic-i-palma-dobitna-kombinacija-za-srbiju-je-aleksandar-vucic-predsednik-srbije-ivica-dacic-premijer-srbije\/konvencija-sps-js-zs1\/'><img loading=\"lazy\" decoding=\"async\" width=\"150\" height=\"150\" src=\"https:\/\/centralmedia.rs\/wp-content\/uploads\/2022\/03\/konvencija-sps-js-zs1-150x150.jpg\" class=\"attachment-thumbnail size-thumbnail\" alt=\"\" \/><\/a>\n\t\t\t<\/div><\/figure><figure class='gallery-item'>\n\t\t\t<div class='gallery-icon landscape'>\n\t\t\t\t<a href='https:\/\/centralmedia.rs\/index.php\/2022\/03\/26\/dacic-i-palma-dobitna-kombinacija-za-srbiju-je-aleksandar-vucic-predsednik-srbije-ivica-dacic-premijer-srbije\/konvencija-sps-js-zs2\/'><img loading=\"lazy\" decoding=\"async\" width=\"150\" height=\"150\" src=\"https:\/\/centralmedia.rs\/wp-content\/uploads\/2022\/03\/konvencija-sps-js-zs2-150x150.jpg\" class=\"attachment-thumbnail size-thumbnail\" alt=\"\" \/><\/a>\n\t\t\t<\/div><\/figure><figure class='gallery-item'>\n\t\t\t<div class='gallery-icon landscape'>\n\t\t\t\t<a href='https:\/\/centralmedia.rs\/index.php\/2022\/03\/26\/dacic-i-palma-dobitna-kombinacija-za-srbiju-je-aleksandar-vucic-predsednik-srbije-ivica-dacic-premijer-srbije\/konvencija-sps-js-zs4\/'><img loading=\"lazy\" decoding=\"async\" width=\"150\" height=\"150\" src=\"https:\/\/centralmedia.rs\/wp-content\/uploads\/2022\/03\/konvencija-sps-js-zs4-150x150.jpg\" class=\"attachment-thumbnail size-thumbnail\" alt=\"\" \/><\/a>\n\t\t\t<\/div><\/figure><figure class='gallery-item'>\n\t\t\t<div class='gallery-icon landscape'>\n\t\t\t\t<a href='https:\/\/centralmedia.rs\/index.php\/2022\/03\/26\/dacic-i-palma-dobitna-kombinacija-za-srbiju-je-aleksandar-vucic-predsednik-srbije-ivica-dacic-premijer-srbije\/konvencija-sps-js-zs5\/'><img loading=\"lazy\" decoding=\"async\" width=\"150\" height=\"150\" src=\"https:\/\/centralmedia.rs\/wp-content\/uploads\/2022\/03\/konvencija-sps-js-zs5-150x150.jpg\" class=\"attachment-thumbnail size-thumbnail\" alt=\"\" \/><\/a>\n\t\t\t<\/div><\/figure><figure class='gallery-item'>\n\t\t\t<div class='gallery-icon landscape'>\n\t\t\t\t<a href='https:\/\/centralmedia.rs\/index.php\/2022\/03\/26\/dacic-i-palma-dobitna-kombinacija-za-srbiju-je-aleksandar-vucic-predsednik-srbije-ivica-dacic-premijer-srbije\/konvencija-sps-js-zs6\/'><img loading=\"lazy\" decoding=\"async\" width=\"150\" height=\"150\" src=\"https:\/\/centralmedia.rs\/wp-content\/uploads\/2022\/03\/konvencija-sps-js-zs6-150x150.jpg\" class=\"attachment-thumbnail size-thumbnail\" alt=\"\" \/><\/a>\n\t\t\t<\/div><\/figure><figure class='gallery-item'>\n\t\t\t<div class='gallery-icon landscape'>\n\t\t\t\t<a href='https:\/\/centralmedia.rs\/index.php\/2022\/03\/26\/dacic-i-palma-dobitna-kombinacija-za-srbiju-je-aleksandar-vucic-predsednik-srbije-ivica-dacic-premijer-srbije\/konvencija-sps-js-zs7\/'><img loading=\"lazy\" decoding=\"async\" width=\"150\" height=\"150\" src=\"https:\/\/centralmedia.rs\/wp-content\/uploads\/2022\/03\/konvencija-sps-js-zs7-150x150.jpg\" class=\"attachment-thumbnail size-thumbnail\" alt=\"\" \/><\/a>\n\t\t\t<\/div><\/figure>\n\t\t<\/div>\n\n<p>Predsednik Jedinstvene Srbije Dragan Markovi\u0107 Palma poru\u010dio je da gra\u0111ani treba da glasaju za rezultate. \u201eIma nekih iz opozicije koji ne\u0161to napi\u0161u i ka\u017eu kako nije ta\u010dno to \u0161to Palma pri\u010da da je ura\u0111eno u Jagodini. Da li \u0107ete vi\u0161e verovati la\u017enim natpisma na A4 papiru ili onome \u0161to va\u0161e o\u010di vide\u201c, upitao je Markovi\u0107, nakon \u010dega je podr\u017ean gromoglasnom podr\u0161kom u jagodinskoj sportskoj hali. \u201eMoramo da sa\u010duvamo poljoprivrednika, srpskog doma\u0107ina tako \u0161to treba da se pove\u0107aju subvencije za poljoprivredu koje bi pokrile novonastalu razliku izme\u0111u inputa i gotovog proizvoda, zbog pove\u0107anja cena ve\u0161ta\u010dkog \u0111ubriva i goriva izazvanog svetskom krizom\u201c, kazao je Markovi\u0107. \u201eOva koalicija nikada ne\u0107e glasati za takozvano nezavisno Kosovo, nikada ne\u0107e glasati da Srbija u\u0111e u NATO, nikada ne\u0107emo podr\u017eati Rio Tinto i sli\u010dne kompanije koje zaga\u0111uju okolinu, nikada vi\u0161e ne\u0107emo podr\u017eati da strani investitor dobije dr\u017eavne subvencije, a da po\u010detna plata radnicima bude manja od 50 000 dinara i nikada ne\u0107e glasati da se dva mu\u0161karca ili dve \u017eene ven\u010daju u crkvi\u201c, poru\u010dio je Dragan Mrakovi\u0107 Palma i pozvao sve da na izborima 3. aprila za predsednika Srbije glasaju za Aleksandra Vu\u010di\u0107a, a za parlamentarne izbore Ivicu Da\u010di\u0107a za premijera, odnosno listu pod rednim brojem dva, istakav\u0161i da je to dobitna kombinacija za Srbiju.<\/p>\n<p>Na predizbornoj konvenciji u Jagodini predstavljen je i Tim za Jagodinu ove koalicije u kome se nalaze najugledniji jagodinski lekari, medicinske sestre i tehni\u010dari, prosvetni radnici, privrednici, poljoprivrednici, socijalni radnici, sportisti i kulturni delatnici, a u kulturno umetni\u010dkom programu nastupio je KUD \u201eKablovi\u201c iz Jagodine.<\/p>\n","protected":false},"excerpt":{"rendered":"<p>JAGODINA-U prepunoj sportskoj hali u Jagodini odr\u017eana je predizborna konvencija liste \u201eIvica Da\u010di\u0107 \u2013 premijer Srbije\u201c, koalicije SPS \u2013 Jedinstvena Srbija \u2013 Zeleni Srbije.Govorili su &hellip; <\/p>\n","protected":false},"author":2,"featured_media":30848,"comment_status":"open","ping_status":"open","sticky":false,"template":"","format":"standard","meta":{"footnotes":""},"categories":[1524,2,5643,1514,13,887,12],"tags":[393,58,5758,120],"_links":{"self":[{"href":"https:\/\/centralmedia.rs\/index.php\/wp-json\/wp\/v2\/posts\/30847"}],"collection":[{"href":"https:\/\/centralmedia.rs\/index.php\/wp-json\/wp\/v2\/posts"}],"about":[{"href":"https:\/\/centralmedia.rs\/index.php\/wp-json\/wp\/v2\/types\/post"}],"author":[{"embeddable":true,"href":"https:\/\/centralmedia.rs\/index.php\/wp-json\/wp\/v2\/users\/2"}],"replies":[{"embeddable":true,"href":"https:\/\/centralmedia.rs\/index.php\/wp-json\/wp\/v2\/comments?post=30847"}],"version-history":[{"count":1,"href":"https:\/\/centralmedia.rs\/index.php\/wp-json\/wp\/v2\/posts\/30847\/revisions"}],"predecessor-version":[{"id":30856,"href":"https:\/\/centralmedia.rs\/index.php\/wp-json\/wp\/v2\/posts\/30847\/revisions\/30856"}],"wp:featuredmedia":[{"embeddable":true,"href":"https:\/\/centralmedia.rs\/index.php\/wp-json\/wp\/v2\/media\/30848"}],"wp:attachment":[{"href":"https:\/\/centralmedia.rs\/index.php\/wp-json\/wp\/v2\/media?parent=30847"}],"wp:term":[{"taxonomy":"category","embeddable":true,"href":"https:\/\/centralmedia.rs\/index.php\/wp-json\/wp\/v2\/categories?post=30847"},{"taxonomy":"post_tag","embeddable":true,"href":"https:\/\/centralmedia.rs\/index.php\/wp-json\/wp\/v2\/tags?post=30847"}],"curies":[{"name":"wp","href":"https:\/\/api.w.org\/{rel}","templated":true}]}}