{"id":3085,"date":"2016-05-12T09:40:39","date_gmt":"2016-05-12T09:40:39","guid":{"rendered":"http:\/\/centralmedia.rs\/?p=3085"},"modified":"2016-05-12T09:40:39","modified_gmt":"2016-05-12T09:40:39","slug":"radnici-kablova-kod-palme-nabolja-ponuda-drzave-je-uppr","status":"publish","type":"post","link":"https:\/\/centralmedia.rs\/index.php\/2016\/05\/12\/radnici-kablova-kod-palme-nabolja-ponuda-drzave-je-uppr\/","title":{"rendered":"RADNICI KABLOVA KOD PALME &#8211; NABOLJA PONUDA DR\u017dAVE JE UPPR"},"content":{"rendered":"<p>JAGODINA-Preko 200 radnika Fabrike kablova u Jagodini, od oko 1.200 zaposlenih, danas se sastalo sa predsednikom Skup\u0161tine grada Draganom Markovi\u0107em Palmom koji im je predo\u010dio da je dr\u017eava dala najbolju mogu\u0107u ponudu za budu\u0107nost tog preduze\u0107a i da  Unapred pripremljeni program reorganizacije daje mogu\u0107nost opstanka preduze\u0107a i normalnog poslovanja. To preduze\u0107e je me\u0111u 17 u restrukturiranju i  do 31 maja treba da odlu\u010di izme\u0111u Unapred pripremljenog programa reorganizacije-UPPR, Programa reorganizacije-PR ili ste\u010daja. Ukoliko se usvoji UPPR, dr\u017eava kao ve\u0107inski vlasnik treba da imenuje novu skup\u0161tinu preduze\u0107a, Nadzorni odbor i generalnog direktora.<a href=\"https:\/\/centralmedia.rs\/wp-content\/uploads\/2016\/05\/radnici-u-skupstini-grada-4-jagodina-g.j..jpg\"><img loading=\"lazy\" decoding=\"async\" src=\"https:\/\/centralmedia.rs\/wp-content\/uploads\/2016\/05\/radnici-u-skupstini-grada-4-jagodina-g.j.-300x225.jpg\" alt=\"radnici u skupstini grada 4-jagodina-g.j.\" width=\"300\" height=\"225\" class=\"alignnone size-medium wp-image-3087\" srcset=\"https:\/\/centralmedia.rs\/wp-content\/uploads\/2016\/05\/radnici-u-skupstini-grada-4-jagodina-g.j.-300x225.jpg 300w, https:\/\/centralmedia.rs\/wp-content\/uploads\/2016\/05\/radnici-u-skupstini-grada-4-jagodina-g.j.-768x576.jpg 768w, https:\/\/centralmedia.rs\/wp-content\/uploads\/2016\/05\/radnici-u-skupstini-grada-4-jagodina-g.j.-80x60.jpg 80w, https:\/\/centralmedia.rs\/wp-content\/uploads\/2016\/05\/radnici-u-skupstini-grada-4-jagodina-g.j.-265x198.jpg 265w, https:\/\/centralmedia.rs\/wp-content\/uploads\/2016\/05\/radnici-u-skupstini-grada-4-jagodina-g.j..jpg 900w\" sizes=\"(max-width: 300px) 100vw, 300px\" \/><\/a><br \/>\n-Predla\u017eem da se prihvati UPPR, jer \u0107e na taj na\u010din Fabrika kablova mo\u0107i normalno da posluje. Bi\u0107e otpisani dugovi i mo\u0107i \u0107e da se zadu\u017euje za kupovinu reprometerijala za proizvodnju. Naravno poslednju re\u010d o tome da\u0107e poverioci u Privrednom sudu.  Dr\u017eava odlu\u010duje o fabrici. Bori\u0107emo se budu\u0107nost fabrike, da na\u0111emo investitora i sada je ta situacija povoljnija, istakao je Markovi\u0107 i dodao da se u narednom periodu obaveze moraju pla\u0107ati na vreme.<a href=\"https:\/\/centralmedia.rs\/wp-content\/uploads\/2016\/05\/radnici-u-skupstini-grada-3-jagodina-g.j..jpg\"><img loading=\"lazy\" decoding=\"async\" src=\"https:\/\/centralmedia.rs\/wp-content\/uploads\/2016\/05\/radnici-u-skupstini-grada-3-jagodina-g.j.-300x225.jpg\" alt=\"radnici u skupstini grada 3-jagodina-g.j.\" width=\"300\" height=\"225\" class=\"alignnone size-medium wp-image-3088\" srcset=\"https:\/\/centralmedia.rs\/wp-content\/uploads\/2016\/05\/radnici-u-skupstini-grada-3-jagodina-g.j.-300x225.jpg 300w, https:\/\/centralmedia.rs\/wp-content\/uploads\/2016\/05\/radnici-u-skupstini-grada-3-jagodina-g.j.-768x576.jpg 768w, https:\/\/centralmedia.rs\/wp-content\/uploads\/2016\/05\/radnici-u-skupstini-grada-3-jagodina-g.j.-80x60.jpg 80w, https:\/\/centralmedia.rs\/wp-content\/uploads\/2016\/05\/radnici-u-skupstini-grada-3-jagodina-g.j.-265x198.jpg 265w, https:\/\/centralmedia.rs\/wp-content\/uploads\/2016\/05\/radnici-u-skupstini-grada-3-jagodina-g.j..jpg 900w\" sizes=\"(max-width: 300px) 100vw, 300px\" \/><\/a><br \/>\n        On je rekao okupljenim radnicima da razmisle o prijavljivanju za socijalni program, kao i da one koji \u017eele da uzmu otpremninu ne mo\u017ee niko u tome da spre\u010di ili izostavi sa spiska. Radnici koji uzmu otpremnini ne mogu da vrate u fabriku dok se ne privatizuje, dok oni koji ne uzmu otpremninu nose sudbinu preduze\u0107a.<a href=\"https:\/\/centralmedia.rs\/wp-content\/uploads\/2016\/05\/radnici-u-skupstini-grada-2-jagodina-g.j..jpg\"><img loading=\"lazy\" decoding=\"async\" src=\"https:\/\/centralmedia.rs\/wp-content\/uploads\/2016\/05\/radnici-u-skupstini-grada-2-jagodina-g.j.-300x225.jpg\" alt=\"radnici u skupstini grada 2-jagodina-g.j.\" width=\"300\" height=\"225\" class=\"alignnone size-medium wp-image-3089\" srcset=\"https:\/\/centralmedia.rs\/wp-content\/uploads\/2016\/05\/radnici-u-skupstini-grada-2-jagodina-g.j.-300x225.jpg 300w, https:\/\/centralmedia.rs\/wp-content\/uploads\/2016\/05\/radnici-u-skupstini-grada-2-jagodina-g.j.-768x576.jpg 768w, https:\/\/centralmedia.rs\/wp-content\/uploads\/2016\/05\/radnici-u-skupstini-grada-2-jagodina-g.j.-80x60.jpg 80w, https:\/\/centralmedia.rs\/wp-content\/uploads\/2016\/05\/radnici-u-skupstini-grada-2-jagodina-g.j.-265x198.jpg 265w, https:\/\/centralmedia.rs\/wp-content\/uploads\/2016\/05\/radnici-u-skupstini-grada-2-jagodina-g.j..jpg 900w\" sizes=\"(max-width: 300px) 100vw, 300px\" \/><\/a><br \/>\n-Izaberite peto\u010dlanu delegaciju radnika koja \u0107e u\u010destvovati u radu oragna preduze\u0107a i pregovorima o budu\u0107nosti, poru\u010dio je  Markovi\u0107 i pozvao radnike da ne \u0161trajkuju i ne obustavljaju proizvodnju.<a href=\"https:\/\/centralmedia.rs\/wp-content\/uploads\/2016\/05\/radnici-u-skupstini-grada-1-jagodina-g.j..jpg\"><img loading=\"lazy\" decoding=\"async\" src=\"https:\/\/centralmedia.rs\/wp-content\/uploads\/2016\/05\/radnici-u-skupstini-grada-1-jagodina-g.j.-300x225.jpg\" alt=\"radnici u skupstini grada 1-jagodina-g.j.\" width=\"300\" height=\"225\" class=\"alignnone size-medium wp-image-3090\" srcset=\"https:\/\/centralmedia.rs\/wp-content\/uploads\/2016\/05\/radnici-u-skupstini-grada-1-jagodina-g.j.-300x225.jpg 300w, https:\/\/centralmedia.rs\/wp-content\/uploads\/2016\/05\/radnici-u-skupstini-grada-1-jagodina-g.j.-768x576.jpg 768w, https:\/\/centralmedia.rs\/wp-content\/uploads\/2016\/05\/radnici-u-skupstini-grada-1-jagodina-g.j.-80x60.jpg 80w, https:\/\/centralmedia.rs\/wp-content\/uploads\/2016\/05\/radnici-u-skupstini-grada-1-jagodina-g.j.-265x198.jpg 265w, https:\/\/centralmedia.rs\/wp-content\/uploads\/2016\/05\/radnici-u-skupstini-grada-1-jagodina-g.j..jpg 900w\" sizes=\"(max-width: 300px) 100vw, 300px\" \/><\/a><br \/>\nDug prema radnicima, zbog razlike u zaostalim zaradama, bi\u0107e konvertovan u kapitala i to preko 20 odsto vlasni\u0161tva nad preduze\u0107em, dok je dr\u017eava vlasnik 65 dosto akcija. Dug od \u010detiri zarade treba da bude izmiren od januara 2017 godine, dok \u0107e dr\u017eava povezati radni sta\u017e koji je u zaostatku \u010detiri godine.  <a href=\"https:\/\/centralmedia.rs\/wp-content\/uploads\/2016\/05\/radnici-u-skupstini-grada-5-jagodina-g.j..jpg\"><img loading=\"lazy\" decoding=\"async\" src=\"https:\/\/centralmedia.rs\/wp-content\/uploads\/2016\/05\/radnici-u-skupstini-grada-5-jagodina-g.j.-300x225.jpg\" alt=\"radnici u skupstini grada 5-jagodina-g.j.\" width=\"300\" height=\"225\" class=\"alignnone size-medium wp-image-3091\" srcset=\"https:\/\/centralmedia.rs\/wp-content\/uploads\/2016\/05\/radnici-u-skupstini-grada-5-jagodina-g.j.-300x225.jpg 300w, https:\/\/centralmedia.rs\/wp-content\/uploads\/2016\/05\/radnici-u-skupstini-grada-5-jagodina-g.j.-768x576.jpg 768w, https:\/\/centralmedia.rs\/wp-content\/uploads\/2016\/05\/radnici-u-skupstini-grada-5-jagodina-g.j.-80x60.jpg 80w, https:\/\/centralmedia.rs\/wp-content\/uploads\/2016\/05\/radnici-u-skupstini-grada-5-jagodina-g.j.-265x198.jpg 265w, https:\/\/centralmedia.rs\/wp-content\/uploads\/2016\/05\/radnici-u-skupstini-grada-5-jagodina-g.j..jpg 900w\" sizes=\"(max-width: 300px) 100vw, 300px\" \/><\/a> <\/p>\n","protected":false},"excerpt":{"rendered":"<p>JAGODINA-Preko 200 radnika Fabrike kablova u Jagodini, od oko 1.200 zaposlenih, danas se sastalo sa predsednikom Skup\u0161tine grada Draganom Markovi\u0107em Palmom koji im je predo\u010dio &hellip; <\/p>\n","protected":false},"author":4,"featured_media":3086,"comment_status":"open","ping_status":"open","sticky":false,"template":"","format":"standard","meta":{"footnotes":""},"categories":[22,2,12],"tags":[368,58,120],"_links":{"self":[{"href":"https:\/\/centralmedia.rs\/index.php\/wp-json\/wp\/v2\/posts\/3085"}],"collection":[{"href":"https:\/\/centralmedia.rs\/index.php\/wp-json\/wp\/v2\/posts"}],"about":[{"href":"https:\/\/centralmedia.rs\/index.php\/wp-json\/wp\/v2\/types\/post"}],"author":[{"embeddable":true,"href":"https:\/\/centralmedia.rs\/index.php\/wp-json\/wp\/v2\/users\/4"}],"replies":[{"embeddable":true,"href":"https:\/\/centralmedia.rs\/index.php\/wp-json\/wp\/v2\/comments?post=3085"}],"version-history":[{"count":0,"href":"https:\/\/centralmedia.rs\/index.php\/wp-json\/wp\/v2\/posts\/3085\/revisions"}],"wp:featuredmedia":[{"embeddable":true,"href":"https:\/\/centralmedia.rs\/index.php\/wp-json\/wp\/v2\/media\/3086"}],"wp:attachment":[{"href":"https:\/\/centralmedia.rs\/index.php\/wp-json\/wp\/v2\/media?parent=3085"}],"wp:term":[{"taxonomy":"category","embeddable":true,"href":"https:\/\/centralmedia.rs\/index.php\/wp-json\/wp\/v2\/categories?post=3085"},{"taxonomy":"post_tag","embeddable":true,"href":"https:\/\/centralmedia.rs\/index.php\/wp-json\/wp\/v2\/tags?post=3085"}],"curies":[{"name":"wp","href":"https:\/\/api.w.org\/{rel}","templated":true}]}}