{"id":30857,"date":"2022-03-26T14:29:43","date_gmt":"2022-03-26T13:29:43","guid":{"rendered":"http:\/\/centralmedia.rs\/?p=30857"},"modified":"2022-03-26T14:29:43","modified_gmt":"2022-03-26T13:29:43","slug":"jagodina-na-medunarodnom-sajmu-turizma-u-beogradu","status":"publish","type":"post","link":"https:\/\/centralmedia.rs\/index.php\/2022\/03\/26\/jagodina-na-medunarodnom-sajmu-turizma-u-beogradu\/","title":{"rendered":"JAGODINA NA Me\u0111unarodnom sajmu turizma u Beogradu"},"content":{"rendered":"<p>JAGODINA- U toku je Me\u0111unarodni sajam turizma u Beogradu, koji se organizuje od 24. do 27. marta na Beogradskom sajmu. Direktorka TO Srbije Marija i Labovi\u0107 i dr Olgica Miljkovi\u0107, rukovodilac Odseka za razvoj i promociju turisti\u010dke ponude Srbije posetile su stand Turisti\u010dke organizacije Jagodina. Prethodno su u\u010denici ET\u0160 &#8220;Slavka \u0110ur\u0111evi\u0107&#8221; turisti\u010dki smer bili \u0161tandu TO Jagodina.<\/p>\n","protected":false},"excerpt":{"rendered":"<p>JAGODINA- U toku je Me\u0111unarodni sajam turizma u Beogradu, koji se organizuje od 24. do 27. marta na Beogradskom sajmu. Direktorka TO Srbije Marija i &hellip; <\/p>\n","protected":false},"author":2,"featured_media":30858,"comment_status":"open","ping_status":"open","sticky":false,"template":"","format":"standard","meta":{"footnotes":""},"categories":[1524,2,1514,5643,23,887,3054],"tags":[58,3558],"_links":{"self":[{"href":"https:\/\/centralmedia.rs\/index.php\/wp-json\/wp\/v2\/posts\/30857"}],"collection":[{"href":"https:\/\/centralmedia.rs\/index.php\/wp-json\/wp\/v2\/posts"}],"about":[{"href":"https:\/\/centralmedia.rs\/index.php\/wp-json\/wp\/v2\/types\/post"}],"author":[{"embeddable":true,"href":"https:\/\/centralmedia.rs\/index.php\/wp-json\/wp\/v2\/users\/2"}],"replies":[{"embeddable":true,"href":"https:\/\/centralmedia.rs\/index.php\/wp-json\/wp\/v2\/comments?post=30857"}],"version-history":[{"count":1,"href":"https:\/\/centralmedia.rs\/index.php\/wp-json\/wp\/v2\/posts\/30857\/revisions"}],"predecessor-version":[{"id":30859,"href":"https:\/\/centralmedia.rs\/index.php\/wp-json\/wp\/v2\/posts\/30857\/revisions\/30859"}],"wp:featuredmedia":[{"embeddable":true,"href":"https:\/\/centralmedia.rs\/index.php\/wp-json\/wp\/v2\/media\/30858"}],"wp:attachment":[{"href":"https:\/\/centralmedia.rs\/index.php\/wp-json\/wp\/v2\/media?parent=30857"}],"wp:term":[{"taxonomy":"category","embeddable":true,"href":"https:\/\/centralmedia.rs\/index.php\/wp-json\/wp\/v2\/categories?post=30857"},{"taxonomy":"post_tag","embeddable":true,"href":"https:\/\/centralmedia.rs\/index.php\/wp-json\/wp\/v2\/tags?post=30857"}],"curies":[{"name":"wp","href":"https:\/\/api.w.org\/{rel}","templated":true}]}}