{"id":30868,"date":"2022-03-29T19:34:37","date_gmt":"2022-03-29T17:34:37","guid":{"rendered":"http:\/\/centralmedia.rs\/?p=30868"},"modified":"2022-04-08T18:05:56","modified_gmt":"2022-04-08T16:05:56","slug":"pokolni-bebama-u-svilajncu","status":"publish","type":"post","link":"https:\/\/centralmedia.rs\/index.php\/2022\/03\/29\/pokolni-bebama-u-svilajncu\/","title":{"rendered":"POKOLNI BEBAMA U SVILAJNCU"},"content":{"rendered":"<p>SVILAJNAC-U Prirodnja\u010dkom centru Srbije ju\u010de su podeljeni bebi paketi i autosedi\u0161ta za bebe ro\u0111ene u januaru i februaru ove godine na teritoriji op\u0161tine Svilajnac. U ovom periodu ro\u0111eno je 35 beba i to 19 devoj\u010dica i 16 de\u010daka.<\/p>\n<div id='gallery-1' class='gallery galleryid-30868 gallery-columns-5 gallery-size-thumbnail'><figure class='gallery-item'>\n\t\t\t<div class='gallery-icon landscape'>\n\t\t\t\t<a href='https:\/\/centralmedia.rs\/index.php\/2022\/03\/29\/pokolni-bebama-u-svilajncu\/bebe1-7\/'><img loading=\"lazy\" decoding=\"async\" width=\"150\" height=\"150\" src=\"https:\/\/centralmedia.rs\/wp-content\/uploads\/2022\/03\/bebe1-150x150.jpg\" class=\"attachment-thumbnail size-thumbnail\" alt=\"\" \/><\/a>\n\t\t\t<\/div><\/figure><figure class='gallery-item'>\n\t\t\t<div class='gallery-icon landscape'>\n\t\t\t\t<a href='https:\/\/centralmedia.rs\/index.php\/2022\/03\/29\/pokolni-bebama-u-svilajncu\/bebe2-6\/'><img loading=\"lazy\" decoding=\"async\" width=\"150\" height=\"150\" src=\"https:\/\/centralmedia.rs\/wp-content\/uploads\/2022\/03\/bebe2-150x150.jpg\" class=\"attachment-thumbnail size-thumbnail\" alt=\"\" \/><\/a>\n\t\t\t<\/div><\/figure><figure class='gallery-item'>\n\t\t\t<div class='gallery-icon landscape'>\n\t\t\t\t<a href='https:\/\/centralmedia.rs\/index.php\/2022\/03\/29\/pokolni-bebama-u-svilajncu\/bebe3-6\/'><img loading=\"lazy\" decoding=\"async\" width=\"150\" height=\"150\" src=\"https:\/\/centralmedia.rs\/wp-content\/uploads\/2022\/03\/bebe3-150x150.jpg\" class=\"attachment-thumbnail size-thumbnail\" alt=\"\" \/><\/a>\n\t\t\t<\/div><\/figure><figure class='gallery-item'>\n\t\t\t<div class='gallery-icon landscape'>\n\t\t\t\t<a href='https:\/\/centralmedia.rs\/index.php\/2022\/03\/29\/pokolni-bebama-u-svilajncu\/bebe4-3\/'><img loading=\"lazy\" decoding=\"async\" width=\"150\" height=\"150\" src=\"https:\/\/centralmedia.rs\/wp-content\/uploads\/2022\/03\/bebe4-150x150.jpg\" class=\"attachment-thumbnail size-thumbnail\" alt=\"\" \/><\/a>\n\t\t\t<\/div><\/figure><figure class='gallery-item'>\n\t\t\t<div class='gallery-icon landscape'>\n\t\t\t\t<a href='https:\/\/centralmedia.rs\/index.php\/2022\/03\/29\/pokolni-bebama-u-svilajncu\/bebe-15\/'><img loading=\"lazy\" decoding=\"async\" width=\"150\" height=\"150\" src=\"https:\/\/centralmedia.rs\/wp-content\/uploads\/2022\/03\/BEBE-150x150.jpg\" class=\"attachment-thumbnail size-thumbnail\" alt=\"\" \/><\/a>\n\t\t\t<\/div><\/figure>\n\t\t<\/div>\n\n<p>Dobrodo\u0161licu na\u0161im najmla\u0111im sugra\u0111anima po\u017eelela je Dragana Radevi\u0107, zamenik predsednika op\u0161tine Svilajnac:<\/p>\n<p>\u201eBebi paket sa osnovnom kozmetikom i priborom za bebe i autosedi\u0161te su simboli\u010dni poklon dobrodo\u0161lice za na\u0161e najva\u017enije sugra\u0111ane, a meni je uvek \u010dast i privilegija da mogu da ih pozdravim i upoznam\u201c \u2013 izjavila je ona.<\/p>\n<p>Direktorka Centra za brigu o porodici Jelena Radovanovi\u0107 istakla je da je ova ustanova podr\u0161ka porodici, roditeljima i deci u svim fazama njihovog razvoja, a da je od po\u010detka ove aktivnosti do sada ukupno organizovano 24 podele bebi paketa.<\/p>\n","protected":false},"excerpt":{"rendered":"<p>SVILAJNAC-U Prirodnja\u010dkom centru Srbije ju\u010de su podeljeni bebi paketi i autosedi\u0161ta za bebe ro\u0111ene u januaru i februaru ove godine na teritoriji op\u0161tine Svilajnac. U &hellip; <\/p>\n","protected":false},"author":2,"featured_media":30869,"comment_status":"open","ping_status":"open","sticky":false,"template":"","format":"standard","meta":{"footnotes":""},"categories":[14,1524,2,12,1517],"tags":[4256,444,3088,38],"_links":{"self":[{"href":"https:\/\/centralmedia.rs\/index.php\/wp-json\/wp\/v2\/posts\/30868"}],"collection":[{"href":"https:\/\/centralmedia.rs\/index.php\/wp-json\/wp\/v2\/posts"}],"about":[{"href":"https:\/\/centralmedia.rs\/index.php\/wp-json\/wp\/v2\/types\/post"}],"author":[{"embeddable":true,"href":"https:\/\/centralmedia.rs\/index.php\/wp-json\/wp\/v2\/users\/2"}],"replies":[{"embeddable":true,"href":"https:\/\/centralmedia.rs\/index.php\/wp-json\/wp\/v2\/comments?post=30868"}],"version-history":[{"count":1,"href":"https:\/\/centralmedia.rs\/index.php\/wp-json\/wp\/v2\/posts\/30868\/revisions"}],"predecessor-version":[{"id":30874,"href":"https:\/\/centralmedia.rs\/index.php\/wp-json\/wp\/v2\/posts\/30868\/revisions\/30874"}],"wp:featuredmedia":[{"embeddable":true,"href":"https:\/\/centralmedia.rs\/index.php\/wp-json\/wp\/v2\/media\/30869"}],"wp:attachment":[{"href":"https:\/\/centralmedia.rs\/index.php\/wp-json\/wp\/v2\/media?parent=30868"}],"wp:term":[{"taxonomy":"category","embeddable":true,"href":"https:\/\/centralmedia.rs\/index.php\/wp-json\/wp\/v2\/categories?post=30868"},{"taxonomy":"post_tag","embeddable":true,"href":"https:\/\/centralmedia.rs\/index.php\/wp-json\/wp\/v2\/tags?post=30868"}],"curies":[{"name":"wp","href":"https:\/\/api.w.org\/{rel}","templated":true}]}}