{"id":30877,"date":"2022-03-31T12:53:25","date_gmt":"2022-03-31T10:53:25","guid":{"rendered":"http:\/\/centralmedia.rs\/?p=30877"},"modified":"2022-04-08T18:05:44","modified_gmt":"2022-04-08T16:05:44","slug":"palma-odloziti-fiskalizaciju-za-ljude-koji-rade-na-sarenim-pijacama-na-5-godina","status":"publish","type":"post","link":"https:\/\/centralmedia.rs\/index.php\/2022\/03\/31\/palma-odloziti-fiskalizaciju-za-ljude-koji-rade-na-sarenim-pijacama-na-5-godina\/","title":{"rendered":"PALMA: ODLO\u017dITI FISKALIZACIJU ZA LJUDE KOJI RADE NA \u0160ARENIM PIJACAMA NA 5 GODINA"},"content":{"rendered":"<p>JAGODINA-Predsednik Jedinstvene Srbije Dragan Markovi\u0107 Palma izjavio je na predizbornom skupu u Leskovcu da predla\u017ee da se odlo\u017ei fiskalizacija za ljude koji rade na \u0161arenim pijacama na period od 5 godina.<\/p>\n<p>Markovi\u0107 je rekao da neminovno sledi velika svetska ekonomska kriza, koja \u0107e pogoditi \u010ditav svet pa i Srbiju. Obavezna fiskalizacija za ljude koji rade na \u0161arenim pijacama, bila bi preveliki namet za te ljude i stvorila bi 200 000 novih socijalnih slu\u010dajeva u Srbiji.<\/p>\n<p>&#8221; Kao dugogodi\u0161nji privrednik smatram da je lako stvoriti novog poreskog obveznika ali da u slu\u010daju ljudi koji rade na \u0161arenim pijacama ne mo\u017eemo znati da li bi ve\u0107a \u0161teta bila za te ljude ili za dr\u017eavu. To su ljudi koji su ostali bez posla tokom divlje privatizacije dru\u0161tvenih preduze\u0107a. Radi se prakti\u010dno o malim porodi\u010dnim preduze\u0107ima koja se prodajom na \u0161arenim pijacama hrane i izdr\u017eavaju porodicu i \u0161koluju decu. Fiskalizacijom njihovog posla oni bi bili prinu\u0111eni da prestanu da se bave tim poslom, pa \u0107e postati socijalni slu\u010dajevi koji \u0107e onda biti na teretu dr\u017eave. Kao \u0161to rekoh ne znam da li je ve\u0107a \u0161teta za te ljude ili za dr\u017eavu &#8221; izjavio je Markovi\u0107.<\/p>\n<p>On je pozvao da na predstoje\u0107im izborima gra\u0111ani podr\u017ee listu IVICA DA\u010cI\u0106 &#8211; PREMIJER SRBIJE koja \u0107e se na glasa\u010dkom listi\u0107u na\u0107i pod rednim brojem 2 a za predsednika da podr\u017ee zajedni\u010dkog kandidata Aleksandra Vu\u010di\u0107a.<\/p>\n","protected":false},"excerpt":{"rendered":"<p>JAGODINA-Predsednik Jedinstvene Srbije Dragan Markovi\u0107 Palma izjavio je na predizbornom skupu u Leskovcu da predla\u017ee da se odlo\u017ei fiskalizacija za ljude koji rade na \u0161arenim &hellip; <\/p>\n","protected":false},"author":2,"featured_media":30878,"comment_status":"open","ping_status":"open","sticky":false,"template":"","format":"standard","meta":{"footnotes":""},"categories":[1524,2,5643,1514,13,887,12],"tags":[5764,120],"_links":{"self":[{"href":"https:\/\/centralmedia.rs\/index.php\/wp-json\/wp\/v2\/posts\/30877"}],"collection":[{"href":"https:\/\/centralmedia.rs\/index.php\/wp-json\/wp\/v2\/posts"}],"about":[{"href":"https:\/\/centralmedia.rs\/index.php\/wp-json\/wp\/v2\/types\/post"}],"author":[{"embeddable":true,"href":"https:\/\/centralmedia.rs\/index.php\/wp-json\/wp\/v2\/users\/2"}],"replies":[{"embeddable":true,"href":"https:\/\/centralmedia.rs\/index.php\/wp-json\/wp\/v2\/comments?post=30877"}],"version-history":[{"count":1,"href":"https:\/\/centralmedia.rs\/index.php\/wp-json\/wp\/v2\/posts\/30877\/revisions"}],"predecessor-version":[{"id":30879,"href":"https:\/\/centralmedia.rs\/index.php\/wp-json\/wp\/v2\/posts\/30877\/revisions\/30879"}],"wp:featuredmedia":[{"embeddable":true,"href":"https:\/\/centralmedia.rs\/index.php\/wp-json\/wp\/v2\/media\/30878"}],"wp:attachment":[{"href":"https:\/\/centralmedia.rs\/index.php\/wp-json\/wp\/v2\/media?parent=30877"}],"wp:term":[{"taxonomy":"category","embeddable":true,"href":"https:\/\/centralmedia.rs\/index.php\/wp-json\/wp\/v2\/categories?post=30877"},{"taxonomy":"post_tag","embeddable":true,"href":"https:\/\/centralmedia.rs\/index.php\/wp-json\/wp\/v2\/tags?post=30877"}],"curies":[{"name":"wp","href":"https:\/\/api.w.org\/{rel}","templated":true}]}}