{"id":30889,"date":"2022-04-03T11:38:49","date_gmt":"2022-04-03T09:38:49","guid":{"rendered":"http:\/\/centralmedia.rs\/?p=30889"},"modified":"2022-04-08T18:04:00","modified_gmt":"2022-04-08T16:04:00","slug":"srbija-danas-glasa-do-9-sati-glasalo-5-odsto-biraca","status":"publish","type":"post","link":"https:\/\/centralmedia.rs\/index.php\/2022\/04\/03\/srbija-danas-glasa-do-9-sati-glasalo-5-odsto-biraca\/","title":{"rendered":"SRBIJA DANAS GLASA &#8211; DO 9 SATI GLASALO 5 ODSTO BIRA\u010cA"},"content":{"rendered":"<p>Gra\u0111ani Srbije danas biraju predsednika Republike, novi saziv parlamenta i lokalnu vlast u gradovima Beogradu i Boru i jo\u0161 12 lokalnih samouprava. Na ukupno 8.255 bira\u010dkih mesta, pravo glasa na predsedni\u010dkim i parlamentarnim izborima ima 6.502.307 gra\u0111ana Srbije, koji \u0107e mo\u0107i da biraju izme\u0111u 19 izbornih lista i osam kandidata za predsednika. Politi\u010dari su glasali me\u0111u prvima. Predsednik Jedinstvene Srbije\u00a0 Dragan Markovi\u0107 Palma sa porodicom je glasao za parlamentarne i predsedni\u010dke izbore na bira\u010dkom mestu u rodnom Kon\u010darevu u 10 sati.<\/p>\n<div id='gallery-1' class='gallery galleryid-30889 gallery-columns-3 gallery-size-full'><figure class='gallery-item'>\n\t\t\t<div class='gallery-icon landscape'>\n\t\t\t\t<a href='https:\/\/centralmedia.rs\/index.php\/2022\/04\/03\/srbija-danas-glasa-do-9-sati-glasalo-5-odsto-biraca\/palma-41\/'><img loading=\"lazy\" decoding=\"async\" width=\"960\" height=\"638\" src=\"https:\/\/centralmedia.rs\/wp-content\/uploads\/2022\/04\/palma.jpg\" class=\"attachment-full size-full\" alt=\"\" srcset=\"https:\/\/centralmedia.rs\/wp-content\/uploads\/2022\/04\/palma.jpg 960w, https:\/\/centralmedia.rs\/wp-content\/uploads\/2022\/04\/palma-300x199.jpg 300w, https:\/\/centralmedia.rs\/wp-content\/uploads\/2022\/04\/palma-768x510.jpg 768w, https:\/\/centralmedia.rs\/wp-content\/uploads\/2022\/04\/palma-632x420.jpg 632w, https:\/\/centralmedia.rs\/wp-content\/uploads\/2022\/04\/palma-640x425.jpg 640w, https:\/\/centralmedia.rs\/wp-content\/uploads\/2022\/04\/palma-681x453.jpg 681w\" sizes=\"(max-width: 960px) 100vw, 960px\" \/><\/a>\n\t\t\t<\/div><\/figure><figure class='gallery-item'>\n\t\t\t<div class='gallery-icon landscape'>\n\t\t\t\t<a href='https:\/\/centralmedia.rs\/index.php\/2022\/04\/03\/srbija-danas-glasa-do-9-sati-glasalo-5-odsto-biraca\/palma1-10\/'><img loading=\"lazy\" decoding=\"async\" width=\"960\" height=\"720\" src=\"https:\/\/centralmedia.rs\/wp-content\/uploads\/2022\/04\/palma1.jpg\" class=\"attachment-full size-full\" alt=\"\" srcset=\"https:\/\/centralmedia.rs\/wp-content\/uploads\/2022\/04\/palma1.jpg 960w, https:\/\/centralmedia.rs\/wp-content\/uploads\/2022\/04\/palma1-300x225.jpg 300w, https:\/\/centralmedia.rs\/wp-content\/uploads\/2022\/04\/palma1-768x576.jpg 768w, https:\/\/centralmedia.rs\/wp-content\/uploads\/2022\/04\/palma1-560x420.jpg 560w, https:\/\/centralmedia.rs\/wp-content\/uploads\/2022\/04\/palma1-80x60.jpg 80w, https:\/\/centralmedia.rs\/wp-content\/uploads\/2022\/04\/palma1-100x75.jpg 100w, https:\/\/centralmedia.rs\/wp-content\/uploads\/2022\/04\/palma1-180x135.jpg 180w, https:\/\/centralmedia.rs\/wp-content\/uploads\/2022\/04\/palma1-238x178.jpg 238w, https:\/\/centralmedia.rs\/wp-content\/uploads\/2022\/04\/palma1-640x480.jpg 640w, https:\/\/centralmedia.rs\/wp-content\/uploads\/2022\/04\/palma1-681x511.jpg 681w\" sizes=\"(max-width: 960px) 100vw, 960px\" \/><\/a>\n\t\t\t<\/div><\/figure><figure class='gallery-item'>\n\t\t\t<div class='gallery-icon landscape'>\n\t\t\t\t<a href='https:\/\/centralmedia.rs\/index.php\/2022\/04\/03\/srbija-danas-glasa-do-9-sati-glasalo-5-odsto-biraca\/palma3-4\/'><img loading=\"lazy\" decoding=\"async\" width=\"960\" height=\"720\" src=\"https:\/\/centralmedia.rs\/wp-content\/uploads\/2022\/04\/palma3.jpg\" class=\"attachment-full size-full\" alt=\"\" srcset=\"https:\/\/centralmedia.rs\/wp-content\/uploads\/2022\/04\/palma3.jpg 960w, https:\/\/centralmedia.rs\/wp-content\/uploads\/2022\/04\/palma3-300x225.jpg 300w, https:\/\/centralmedia.rs\/wp-content\/uploads\/2022\/04\/palma3-768x576.jpg 768w, https:\/\/centralmedia.rs\/wp-content\/uploads\/2022\/04\/palma3-560x420.jpg 560w, https:\/\/centralmedia.rs\/wp-content\/uploads\/2022\/04\/palma3-80x60.jpg 80w, https:\/\/centralmedia.rs\/wp-content\/uploads\/2022\/04\/palma3-100x75.jpg 100w, https:\/\/centralmedia.rs\/wp-content\/uploads\/2022\/04\/palma3-180x135.jpg 180w, https:\/\/centralmedia.rs\/wp-content\/uploads\/2022\/04\/palma3-238x178.jpg 238w, https:\/\/centralmedia.rs\/wp-content\/uploads\/2022\/04\/palma3-640x480.jpg 640w, https:\/\/centralmedia.rs\/wp-content\/uploads\/2022\/04\/palma3-681x511.jpg 681w\" sizes=\"(max-width: 960px) 100vw, 960px\" \/><\/a>\n\t\t\t<\/div><\/figure>\n\t\t<\/div>\n\n","protected":false},"excerpt":{"rendered":"<p>Gra\u0111ani Srbije danas biraju predsednika Republike, novi saziv parlamenta i lokalnu vlast u gradovima Beogradu i Boru i jo\u0161 12 lokalnih samouprava. Na ukupno 8.255 &hellip; <\/p>\n","protected":false},"author":2,"featured_media":30890,"comment_status":"open","ping_status":"open","sticky":false,"template":"","format":"standard","meta":{"footnotes":""},"categories":[1524,2,1514,5643,13,887,12],"tags":[747,643,120,1112],"_links":{"self":[{"href":"https:\/\/centralmedia.rs\/index.php\/wp-json\/wp\/v2\/posts\/30889"}],"collection":[{"href":"https:\/\/centralmedia.rs\/index.php\/wp-json\/wp\/v2\/posts"}],"about":[{"href":"https:\/\/centralmedia.rs\/index.php\/wp-json\/wp\/v2\/types\/post"}],"author":[{"embeddable":true,"href":"https:\/\/centralmedia.rs\/index.php\/wp-json\/wp\/v2\/users\/2"}],"replies":[{"embeddable":true,"href":"https:\/\/centralmedia.rs\/index.php\/wp-json\/wp\/v2\/comments?post=30889"}],"version-history":[{"count":1,"href":"https:\/\/centralmedia.rs\/index.php\/wp-json\/wp\/v2\/posts\/30889\/revisions"}],"predecessor-version":[{"id":30894,"href":"https:\/\/centralmedia.rs\/index.php\/wp-json\/wp\/v2\/posts\/30889\/revisions\/30894"}],"wp:featuredmedia":[{"embeddable":true,"href":"https:\/\/centralmedia.rs\/index.php\/wp-json\/wp\/v2\/media\/30890"}],"wp:attachment":[{"href":"https:\/\/centralmedia.rs\/index.php\/wp-json\/wp\/v2\/media?parent=30889"}],"wp:term":[{"taxonomy":"category","embeddable":true,"href":"https:\/\/centralmedia.rs\/index.php\/wp-json\/wp\/v2\/categories?post=30889"},{"taxonomy":"post_tag","embeddable":true,"href":"https:\/\/centralmedia.rs\/index.php\/wp-json\/wp\/v2\/tags?post=30889"}],"curies":[{"name":"wp","href":"https:\/\/api.w.org\/{rel}","templated":true}]}}